{"id":24816,"date":"2024-07-30T06:52:23","date_gmt":"2024-07-30T09:52:23","guid":{"rendered":"https:\/\/miradouronoticias.com\/site\/?p=24816"},"modified":"2024-07-30T06:52:23","modified_gmt":"2024-07-30T09:52:23","slug":"minas-gerais-exporta-primeiro-lote-de-cafe-em-conformidade-com-as-novas-regras-da-uniao-europeia","status":"publish","type":"post","link":"https:\/\/miradouronoticias.com\/site\/2024\/07\/30\/minas-gerais-exporta-primeiro-lote-de-cafe-em-conformidade-com-as-novas-regras-da-uniao-europeia\/","title":{"rendered":"Minas Gerais exporta primeiro lote de caf\u00e9 em conformidade com as novas regras da Uni\u00e3o Europeia"},"content":{"rendered":"<p>&nbsp;<\/p>\n<p><img loading=\"lazy\" decoding=\"async\" class=\"alignnone size-medium wp-image-24818\" src=\"https:\/\/miradouronoticias.com\/site\/wp-content\/uploads\/2024\/07\/Topo_SeloVerde_Diego_Vargas__e_Cocatrel-300x112.jpeg\" alt=\"\" width=\"300\" height=\"112\" srcset=\"https:\/\/miradouronoticias.com\/site\/wp-content\/uploads\/2024\/07\/Topo_SeloVerde_Diego_Vargas__e_Cocatrel-300x112.jpeg 300w, https:\/\/miradouronoticias.com\/site\/wp-content\/uploads\/2024\/07\/Topo_SeloVerde_Diego_Vargas__e_Cocatrel-768x286.jpeg 768w, https:\/\/miradouronoticias.com\/site\/wp-content\/uploads\/2024\/07\/Topo_SeloVerde_Diego_Vargas__e_Cocatrel.jpeg 940w\" sizes=\"auto, (max-width: 300px) 100vw, 300px\" \/><\/p>\n<header id=\"header\" class=\"\">\n<nav class=\"navbar navbar-default\">\n<div class=\"navbar-header\">\n<div class=\"navbar-header-content \/ container \/ padding-xs-y-2\">\n<h1 class=\"logo\"><\/h1>\n<\/div>\n<\/div>\n<\/nav>\n<\/header>\n<p><main id=\"content\"><\/p>\n<div class=\"container container-news margin-xs-top-2 margin-xs-bottom-2 margin-sm-top-4 margin-sm-bottom-2\">\n<div class=\"news\">\n<article class=\"clear\"><main class=\"clear margin-md-bottom-3\"><\/p>\n<div class=\"clear \">\n<p>Minas Gerais est\u00e1 exportando o primeiro lote de caf\u00e9 com certid\u00e3o de conformidade para a Uni\u00e3o Europeia. O embarque do container, contendo 320 sacas de dez cafeicultores de munic\u00edpios do Sul de Minas, saiu do porto de Santos, neste s\u00e1bado (27\/7), com previs\u00e3o de chegada em Dublin, na Irlanda, no dia 21\/8.<\/p>\n<p>A venda pioneira \u00e9 fruto de uma parceria entre o\u00a0<a href=\"https:\/\/www.mg.gov.br\/\" target=\"_blank\" rel=\"noopener\">Governo de Minas<\/a>, a Universidade Federal de Minas Gerais (UFMG) e a Cooperativa dos Cafeicultores de Tr\u00eas Pontas (Cocatrel).<\/p>\n<p>A opera\u00e7\u00e3o \u00e9 embasada pela tecnologia da plataforma SeloVerde MG, que verifica o cumprimento da legisla\u00e7\u00e3o nacional nas propriedades de caf\u00e9, emitindo uma certid\u00e3o p\u00fablica de \u201cNada Consta\u201d, vinculada ao n\u00famero do Cadastro Ambiental Rural (CAR) do produtor, demonstrando que o produto n\u00e3o est\u00e1 associado ao desmatamento, atendendo ao regulamento da Uni\u00e3o Europeia.<\/p>\n<p>O secret\u00e1rio de Estado de\u00a0<a href=\"https:\/\/www.mg.gov.br\/agricultura\" target=\"_blank\" rel=\"noopener\">Agricultura, Pecu\u00e1ria e Abastecimento de Minas Gerais (Seapa)<\/a>, Thales Fernandes, enfatiza a relev\u00e2ncia da iniciativa. \u201cMinas Gerais sai na frente ao demonstrar que nossa produ\u00e7\u00e3o \u00e9 capaz de atender \u00e0s novas exig\u00eancias da Uni\u00e3o Europeia e a nossa legisla\u00e7\u00e3o ambiental, preservando nossos mercados e promovendo a sustentabilidade\u201d.<\/p>\n<p><strong>A\u00e7\u00e3o de Governo<\/strong><\/p>\n<p>A plataforma SeloVerde MG foi desenvolvida em conjunto pela Seapa, o\u00a0<a href=\"http:\/\/www.ief.mg.gov.br\/\" target=\"_blank\" rel=\"noopener\">Instituto Estadual de Florestas (IEF)<\/a>\u00a0e a UFMG, com apoio do programa AL-INVEST Verde da Uni\u00e3o Europeia. A ferramenta \u00e9 capaz de gerar um diagn\u00f3stico socioambiental por an\u00e1lise autom\u00e1tica de todos os im\u00f3veis rurais mineiros.<\/p>\n<p>Desde a publica\u00e7\u00e3o das novas regras para a importa\u00e7\u00e3o do bloco, o Governo de Minas atuou para a consolida\u00e7\u00e3o da plataforma de conformidade como ferramenta que comprova a sustentabilidade das principais cadeias produtivas mineiras.<\/p>\n<p>Em mar\u00e7o deste ano, representantes da dire\u00e7\u00e3o geral de Parcerias Internacionais da Comiss\u00e3o Europeia e do Programa Al-Invest Verde da Uni\u00e3o Europeia estiveram reunidos na Cidade Administrativa, em Belo Horizonte, conhecendo os resultados da ferramenta.\u00a0 A comitiva tamb\u00e9m visitou propriedades do Sul de Minas, conhecendo a produ\u00e7\u00e3o de caf\u00e9 sustent\u00e1vel no estado.<\/p>\n<figure class=\"image\"><img decoding=\"async\" src=\"https:\/\/www.agenciaminas.mg.gov.br\/ckeditor_assets\/pictures\/21385\/content_plataforma_seloverde_003_diego_vargas_-_seapa.jpeg\" alt=\"\" \/><figcaption><em><sub>Visita da comitiva a propriedade (Diego Vargas \/ Seapa)<\/sub><\/em><\/figcaption><\/figure>\n<p>\u201cDesde a aprova\u00e7\u00e3o do Regulamento da Uni\u00e3o Europeia para Produtos Livres de Desmatamento (EUDR, na sigla em ingl\u00eas), estamos apoiando os pa\u00edses latino-americanos na implementa\u00e7\u00e3o de ferramentas de rastreabilidade p\u00fablicas que permitam reunir as informa\u00e7\u00f5es de produ\u00e7\u00e3o requeridas para o com\u00e9rcio dos produtos inclu\u00eddos no regulamento\u201d, informa Andrea Monaco, Senior Programme Manager do AL-INVEST Verde.<\/p>\n<p><strong>Produ\u00e7\u00e3o Sustent\u00e1vel<\/strong><\/p>\n<p>Por meio das an\u00e1lises geoespaciais e integra\u00e7\u00e3o de diversos bancos de dados presente na plataforma, incluindo o mapeamento em alta resolu\u00e7\u00e3o do parque cafeeiro de Minas Gerais produzido pela\u00a0<a href=\"https:\/\/www.emater.mg.gov.br\/\" target=\"_blank\" rel=\"noopener\">Empresa de Assist\u00eancia T\u00e9cnica e Extens\u00e3o Rural do Estado de Minas Gerais (Emater\u2013MG)<\/a>, \u00e9 poss\u00edvel constatar que 99% das cerca de 120 mil propriedades produtoras de caf\u00e9 atendem a nova legisla\u00e7\u00e3o do bloco.<\/p>\n<p>Al\u00e9m do caf\u00e9, a plataforma abrange outras quatro commodities exportadas pelo agro mineiro: soja, gado, cana e produtos da silvicultura. Tendo em vista que a regula\u00e7\u00e3o europeia considera o desmatamento praticado ap\u00f3s 31\/12\/2020, os percentuais de propriedades que poderiam ser categorizadas como livres de desmatamento alcan\u00e7am 95% para soja e gado bovino, 96% para cana de a\u00e7\u00facar e 93% para florestas plantadas.<\/p>\n<p>\u201cOs resultados do diagn\u00f3stico autom\u00e1tico s\u00e3o apresentados individualmente para cada im\u00f3vel rural e podem ser confrontados com imagens de alta resolu\u00e7\u00e3o dispon\u00edveis livremente na plataforma\u201d, explica Felipe Nunes, pesquisador do Centro de Sensoriamento Remoto da UFMG.<\/p>\n<p>\u201cIsso proporciona transpar\u00eancia e rastreabilidade da produ\u00e7\u00e3o em todo o territ\u00f3rio mineiro, al\u00e9m de permitir a identifica\u00e7\u00e3o e bonifica\u00e7\u00e3o de produtores que conservam \u00e1reas de vegeta\u00e7\u00e3o nativa al\u00e9m das exig\u00eancias do C\u00f3digo Florestal\u201d, ressalta o pesquisador da UFMG.<\/p>\n<p>O diretor-geral do IEF, Breno Lasmar, destacou os avan\u00e7os promovidos na moderniza\u00e7\u00e3o dos sistemas. &#8220;Implementamos tecnologias inovadoras, que aumentaram a transpar\u00eancia e a efic\u00e1cia das nossas a\u00e7\u00f5es, agilizando processos de gest\u00e3o florestal e restaura\u00e7\u00e3o ambiental\u201d.<\/p>\n<p>De acordo com Breno Lasmar, \u201cesses esfor\u00e7os t\u00eam promovido um ambiente mais seguro e sustent\u00e1vel, protegendo a biodiversidade e os recursos naturais de Minas Gerais, enquanto criamos condi\u00e7\u00f5es para atividades econ\u00f4micas alinhadas aos princ\u00edpios da sustentabilidade\u201d.<\/p>\n<p><strong>Outras cadeias<\/strong><\/p>\n<p>O EUDR est\u00e1 previsto para entrar em vigor a partir de janeiro de 2025, nos 27 pa\u00edses-membros do bloco, para sete commodities de risco florestal: bovinos, cacau, caf\u00e9, \u00f3leo de palma, soja, borracha e madeira e certos produtos deles derivados.<\/p>\n<p>By: miradouronoticias.com.br\/ ag\u00eancia Minas<\/p>\n<\/div>\n<p><\/main><\/article>\n<\/div>\n<\/div>\n<p><\/main><\/p>\n","protected":false},"excerpt":{"rendered":"<p>&nbsp; Minas Gerais est\u00e1 exportando o primeiro lote de caf\u00e9 com certid\u00e3o de conformidade para a Uni\u00e3o Europeia. O embarque do container, contendo 320 sacas de dez cafeicultores de munic\u00edpios do Sul de Minas, saiu do porto de Santos, neste s\u00e1bado (27\/7), com previs\u00e3o de chegada em Dublin, na Irlanda, no dia 21\/8. A venda [&hellip;]<\/p>\n","protected":false},"author":4,"featured_media":24818,"comment_status":"open","ping_status":"open","sticky":false,"template":"","format":"standard","meta":{"footnotes":""},"categories":[1,21,22],"tags":[],"class_list":["post-24816","post","type-post","status-publish","format-standard","has-post-thumbnail","hentry","category-destaque-principal","category-minas-gerais","category-saude"],"yoast_head":"<!-- This site is optimized with the Yoast SEO plugin v27.2 - https:\/\/yoast.com\/product\/yoast-seo-wordpress\/ -->\n<title>Minas Gerais exporta primeiro lote de caf\u00e9 em conformidade com as novas regras da Uni\u00e3o Europeia - Miradouro Not\u00edcias<\/title>\n<meta name=\"robots\" content=\"index, follow, max-snippet:-1, max-image-preview:large, max-video-preview:-1\" \/>\n<link rel=\"canonical\" href=\"https:\/\/miradouronoticias.com\/site\/2024\/07\/30\/minas-gerais-exporta-primeiro-lote-de-cafe-em-conformidade-com-as-novas-regras-da-uniao-europeia\/\" \/>\n<meta property=\"og:locale\" content=\"pt_BR\" \/>\n<meta property=\"og:type\" content=\"article\" \/>\n<meta property=\"og:title\" content=\"Minas Gerais exporta primeiro lote de caf\u00e9 em conformidade com as novas regras da Uni\u00e3o Europeia - Miradouro Not\u00edcias\" \/>\n<meta property=\"og:description\" content=\"&nbsp; Minas Gerais est\u00e1 exportando o primeiro lote de caf\u00e9 com certid\u00e3o de conformidade para a Uni\u00e3o Europeia. O embarque do container, contendo 320 sacas de dez cafeicultores de munic\u00edpios do Sul de Minas, saiu do porto de Santos, neste s\u00e1bado (27\/7), com previs\u00e3o de chegada em Dublin, na Irlanda, no dia 21\/8. A venda [&hellip;]\" \/>\n<meta property=\"og:url\" content=\"https:\/\/miradouronoticias.com\/site\/2024\/07\/30\/minas-gerais-exporta-primeiro-lote-de-cafe-em-conformidade-com-as-novas-regras-da-uniao-europeia\/\" \/>\n<meta property=\"og:site_name\" content=\"Miradouro Not\u00edcias\" \/>\n<meta property=\"article:published_time\" content=\"2024-07-30T09:52:23+00:00\" \/>\n<meta property=\"og:image\" content=\"https:\/\/miradouronoticias.com\/site\/wp-content\/uploads\/2024\/07\/Topo_SeloVerde_Diego_Vargas__e_Cocatrel.jpeg\" \/>\n\t<meta property=\"og:image:width\" content=\"940\" \/>\n\t<meta property=\"og:image:height\" content=\"350\" \/>\n\t<meta property=\"og:image:type\" content=\"image\/jpeg\" \/>\n<meta name=\"author\" content=\"Cl\u00e1udia Olyver\" \/>\n<meta name=\"twitter:card\" content=\"summary_large_image\" \/>\n<meta name=\"twitter:label1\" content=\"Escrito por\" \/>\n\t<meta name=\"twitter:data1\" content=\"Cl\u00e1udia Olyver\" \/>\n\t<meta name=\"twitter:label2\" content=\"Est. tempo de leitura\" \/>\n\t<meta name=\"twitter:data2\" content=\"5 minutos\" \/>\n<script type=\"application\/ld+json\" class=\"yoast-schema-graph\">{\"@context\":\"https:\/\/schema.org\",\"@graph\":[{\"@type\":\"Article\",\"@id\":\"https:\/\/miradouronoticias.com\/site\/2024\/07\/30\/minas-gerais-exporta-primeiro-lote-de-cafe-em-conformidade-com-as-novas-regras-da-uniao-europeia\/#article\",\"isPartOf\":{\"@id\":\"https:\/\/miradouronoticias.com\/site\/2024\/07\/30\/minas-gerais-exporta-primeiro-lote-de-cafe-em-conformidade-com-as-novas-regras-da-uniao-europeia\/\"},\"author\":{\"name\":\"Cl\u00e1udia Olyver\",\"@id\":\"https:\/\/miradouronoticias.com\/site\/#\/schema\/person\/73440d8c82222950df86f3e1a16aad3b\"},\"headline\":\"Minas Gerais exporta primeiro lote de caf\u00e9 em conformidade com as novas regras da Uni\u00e3o Europeia\",\"datePublished\":\"2024-07-30T09:52:23+00:00\",\"mainEntityOfPage\":{\"@id\":\"https:\/\/miradouronoticias.com\/site\/2024\/07\/30\/minas-gerais-exporta-primeiro-lote-de-cafe-em-conformidade-com-as-novas-regras-da-uniao-europeia\/\"},\"wordCount\":798,\"commentCount\":0,\"publisher\":{\"@id\":\"https:\/\/miradouronoticias.com\/site\/#organization\"},\"image\":{\"@id\":\"https:\/\/miradouronoticias.com\/site\/2024\/07\/30\/minas-gerais-exporta-primeiro-lote-de-cafe-em-conformidade-com-as-novas-regras-da-uniao-europeia\/#primaryimage\"},\"thumbnailUrl\":\"https:\/\/miradouronoticias.com\/site\/wp-content\/uploads\/2024\/07\/Topo_SeloVerde_Diego_Vargas__e_Cocatrel.jpeg\",\"articleSection\":[\"Destaque Principal\",\"Minas Gerais\",\"Sa\u00fade\"],\"inLanguage\":\"pt-BR\",\"potentialAction\":[{\"@type\":\"CommentAction\",\"name\":\"Comment\",\"target\":[\"https:\/\/miradouronoticias.com\/site\/2024\/07\/30\/minas-gerais-exporta-primeiro-lote-de-cafe-em-conformidade-com-as-novas-regras-da-uniao-europeia\/#respond\"]}]},{\"@type\":\"WebPage\",\"@id\":\"https:\/\/miradouronoticias.com\/site\/2024\/07\/30\/minas-gerais-exporta-primeiro-lote-de-cafe-em-conformidade-com-as-novas-regras-da-uniao-europeia\/\",\"url\":\"https:\/\/miradouronoticias.com\/site\/2024\/07\/30\/minas-gerais-exporta-primeiro-lote-de-cafe-em-conformidade-com-as-novas-regras-da-uniao-europeia\/\",\"name\":\"Minas Gerais exporta primeiro lote de caf\u00e9 em conformidade com as novas regras da Uni\u00e3o Europeia - Miradouro Not\u00edcias\",\"isPartOf\":{\"@id\":\"https:\/\/miradouronoticias.com\/site\/#website\"},\"primaryImageOfPage\":{\"@id\":\"https:\/\/miradouronoticias.com\/site\/2024\/07\/30\/minas-gerais-exporta-primeiro-lote-de-cafe-em-conformidade-com-as-novas-regras-da-uniao-europeia\/#primaryimage\"},\"image\":{\"@id\":\"https:\/\/miradouronoticias.com\/site\/2024\/07\/30\/minas-gerais-exporta-primeiro-lote-de-cafe-em-conformidade-com-as-novas-regras-da-uniao-europeia\/#primaryimage\"},\"thumbnailUrl\":\"https:\/\/miradouronoticias.com\/site\/wp-content\/uploads\/2024\/07\/Topo_SeloVerde_Diego_Vargas__e_Cocatrel.jpeg\",\"datePublished\":\"2024-07-30T09:52:23+00:00\",\"breadcrumb\":{\"@id\":\"https:\/\/miradouronoticias.com\/site\/2024\/07\/30\/minas-gerais-exporta-primeiro-lote-de-cafe-em-conformidade-com-as-novas-regras-da-uniao-europeia\/#breadcrumb\"},\"inLanguage\":\"pt-BR\",\"potentialAction\":[{\"@type\":\"ReadAction\",\"target\":[\"https:\/\/miradouronoticias.com\/site\/2024\/07\/30\/minas-gerais-exporta-primeiro-lote-de-cafe-em-conformidade-com-as-novas-regras-da-uniao-europeia\/\"]}]},{\"@type\":\"ImageObject\",\"inLanguage\":\"pt-BR\",\"@id\":\"https:\/\/miradouronoticias.com\/site\/2024\/07\/30\/minas-gerais-exporta-primeiro-lote-de-cafe-em-conformidade-com-as-novas-regras-da-uniao-europeia\/#primaryimage\",\"url\":\"https:\/\/miradouronoticias.com\/site\/wp-content\/uploads\/2024\/07\/Topo_SeloVerde_Diego_Vargas__e_Cocatrel.jpeg\",\"contentUrl\":\"https:\/\/miradouronoticias.com\/site\/wp-content\/uploads\/2024\/07\/Topo_SeloVerde_Diego_Vargas__e_Cocatrel.jpeg\",\"width\":940,\"height\":350},{\"@type\":\"BreadcrumbList\",\"@id\":\"https:\/\/miradouronoticias.com\/site\/2024\/07\/30\/minas-gerais-exporta-primeiro-lote-de-cafe-em-conformidade-com-as-novas-regras-da-uniao-europeia\/#breadcrumb\",\"itemListElement\":[{\"@type\":\"ListItem\",\"position\":1,\"name\":\"In\u00edcio\",\"item\":\"https:\/\/miradouronoticias.com\/site\/\"},{\"@type\":\"ListItem\",\"position\":2,\"name\":\"Minas Gerais exporta primeiro lote de caf\u00e9 em conformidade com as novas regras da Uni\u00e3o Europeia\"}]},{\"@type\":\"WebSite\",\"@id\":\"https:\/\/miradouronoticias.com\/site\/#website\",\"url\":\"https:\/\/miradouronoticias.com\/site\/\",\"name\":\"Miradouro Not\u00edcias\",\"description\":\"Informa\u00e7\u00f5es da cidade e regi\u00e3o\",\"publisher\":{\"@id\":\"https:\/\/miradouronoticias.com\/site\/#organization\"},\"potentialAction\":[{\"@type\":\"SearchAction\",\"target\":{\"@type\":\"EntryPoint\",\"urlTemplate\":\"https:\/\/miradouronoticias.com\/site\/?s={search_term_string}\"},\"query-input\":{\"@type\":\"PropertyValueSpecification\",\"valueRequired\":true,\"valueName\":\"search_term_string\"}}],\"inLanguage\":\"pt-BR\"},{\"@type\":\"Organization\",\"@id\":\"https:\/\/miradouronoticias.com\/site\/#organization\",\"name\":\"Miradouro Not\u00edcias\",\"url\":\"https:\/\/miradouronoticias.com\/site\/\",\"logo\":{\"@type\":\"ImageObject\",\"inLanguage\":\"pt-BR\",\"@id\":\"https:\/\/miradouronoticias.com\/site\/#\/schema\/logo\/image\/\",\"url\":\"https:\/\/miradouronoticias.com\/site\/wp-content\/uploads\/2022\/01\/logomarcamiradouronoticias.png\",\"contentUrl\":\"https:\/\/miradouronoticias.com\/site\/wp-content\/uploads\/2022\/01\/logomarcamiradouronoticias.png\",\"width\":747,\"height\":263,\"caption\":\"Miradouro Not\u00edcias\"},\"image\":{\"@id\":\"https:\/\/miradouronoticias.com\/site\/#\/schema\/logo\/image\/\"}},{\"@type\":\"Person\",\"@id\":\"https:\/\/miradouronoticias.com\/site\/#\/schema\/person\/73440d8c82222950df86f3e1a16aad3b\",\"name\":\"Cl\u00e1udia Olyver\",\"sameAs\":[\"http:\/\/www.miradouronoticias.com\"],\"url\":\"https:\/\/miradouronoticias.com\/site\/author\/claudia\/\"}]}<\/script>\n<!-- \/ Yoast SEO plugin. -->","yoast_head_json":{"title":"Minas Gerais exporta primeiro lote de caf\u00e9 em conformidade com as novas regras da Uni\u00e3o Europeia - Miradouro Not\u00edcias","robots":{"index":"index","follow":"follow","max-snippet":"max-snippet:-1","max-image-preview":"max-image-preview:large","max-video-preview":"max-video-preview:-1"},"canonical":"https:\/\/miradouronoticias.com\/site\/2024\/07\/30\/minas-gerais-exporta-primeiro-lote-de-cafe-em-conformidade-com-as-novas-regras-da-uniao-europeia\/","og_locale":"pt_BR","og_type":"article","og_title":"Minas Gerais exporta primeiro lote de caf\u00e9 em conformidade com as novas regras da Uni\u00e3o Europeia - Miradouro Not\u00edcias","og_description":"&nbsp; Minas Gerais est\u00e1 exportando o primeiro lote de caf\u00e9 com certid\u00e3o de conformidade para a Uni\u00e3o Europeia. O embarque do container, contendo 320 sacas de dez cafeicultores de munic\u00edpios do Sul de Minas, saiu do porto de Santos, neste s\u00e1bado (27\/7), com previs\u00e3o de chegada em Dublin, na Irlanda, no dia 21\/8. A venda [&hellip;]","og_url":"https:\/\/miradouronoticias.com\/site\/2024\/07\/30\/minas-gerais-exporta-primeiro-lote-de-cafe-em-conformidade-com-as-novas-regras-da-uniao-europeia\/","og_site_name":"Miradouro Not\u00edcias","article_published_time":"2024-07-30T09:52:23+00:00","og_image":[{"width":940,"height":350,"url":"https:\/\/miradouronoticias.com\/site\/wp-content\/uploads\/2024\/07\/Topo_SeloVerde_Diego_Vargas__e_Cocatrel.jpeg","type":"image\/jpeg"}],"author":"Cl\u00e1udia Olyver","twitter_card":"summary_large_image","twitter_misc":{"Escrito por":"Cl\u00e1udia Olyver","Est. tempo de leitura":"5 minutos"},"schema":{"@context":"https:\/\/schema.org","@graph":[{"@type":"Article","@id":"https:\/\/miradouronoticias.com\/site\/2024\/07\/30\/minas-gerais-exporta-primeiro-lote-de-cafe-em-conformidade-com-as-novas-regras-da-uniao-europeia\/#article","isPartOf":{"@id":"https:\/\/miradouronoticias.com\/site\/2024\/07\/30\/minas-gerais-exporta-primeiro-lote-de-cafe-em-conformidade-com-as-novas-regras-da-uniao-europeia\/"},"author":{"name":"Cl\u00e1udia Olyver","@id":"https:\/\/miradouronoticias.com\/site\/#\/schema\/person\/73440d8c82222950df86f3e1a16aad3b"},"headline":"Minas Gerais exporta primeiro lote de caf\u00e9 em conformidade com as novas regras da Uni\u00e3o Europeia","datePublished":"2024-07-30T09:52:23+00:00","mainEntityOfPage":{"@id":"https:\/\/miradouronoticias.com\/site\/2024\/07\/30\/minas-gerais-exporta-primeiro-lote-de-cafe-em-conformidade-com-as-novas-regras-da-uniao-europeia\/"},"wordCount":798,"commentCount":0,"publisher":{"@id":"https:\/\/miradouronoticias.com\/site\/#organization"},"image":{"@id":"https:\/\/miradouronoticias.com\/site\/2024\/07\/30\/minas-gerais-exporta-primeiro-lote-de-cafe-em-conformidade-com-as-novas-regras-da-uniao-europeia\/#primaryimage"},"thumbnailUrl":"https:\/\/miradouronoticias.com\/site\/wp-content\/uploads\/2024\/07\/Topo_SeloVerde_Diego_Vargas__e_Cocatrel.jpeg","articleSection":["Destaque Principal","Minas Gerais","Sa\u00fade"],"inLanguage":"pt-BR","potentialAction":[{"@type":"CommentAction","name":"Comment","target":["https:\/\/miradouronoticias.com\/site\/2024\/07\/30\/minas-gerais-exporta-primeiro-lote-de-cafe-em-conformidade-com-as-novas-regras-da-uniao-europeia\/#respond"]}]},{"@type":"WebPage","@id":"https:\/\/miradouronoticias.com\/site\/2024\/07\/30\/minas-gerais-exporta-primeiro-lote-de-cafe-em-conformidade-com-as-novas-regras-da-uniao-europeia\/","url":"https:\/\/miradouronoticias.com\/site\/2024\/07\/30\/minas-gerais-exporta-primeiro-lote-de-cafe-em-conformidade-com-as-novas-regras-da-uniao-europeia\/","name":"Minas Gerais exporta primeiro lote de caf\u00e9 em conformidade com as novas regras da Uni\u00e3o Europeia - Miradouro Not\u00edcias","isPartOf":{"@id":"https:\/\/miradouronoticias.com\/site\/#website"},"primaryImageOfPage":{"@id":"https:\/\/miradouronoticias.com\/site\/2024\/07\/30\/minas-gerais-exporta-primeiro-lote-de-cafe-em-conformidade-com-as-novas-regras-da-uniao-europeia\/#primaryimage"},"image":{"@id":"https:\/\/miradouronoticias.com\/site\/2024\/07\/30\/minas-gerais-exporta-primeiro-lote-de-cafe-em-conformidade-com-as-novas-regras-da-uniao-europeia\/#primaryimage"},"thumbnailUrl":"https:\/\/miradouronoticias.com\/site\/wp-content\/uploads\/2024\/07\/Topo_SeloVerde_Diego_Vargas__e_Cocatrel.jpeg","datePublished":"2024-07-30T09:52:23+00:00","breadcrumb":{"@id":"https:\/\/miradouronoticias.com\/site\/2024\/07\/30\/minas-gerais-exporta-primeiro-lote-de-cafe-em-conformidade-com-as-novas-regras-da-uniao-europeia\/#breadcrumb"},"inLanguage":"pt-BR","potentialAction":[{"@type":"ReadAction","target":["https:\/\/miradouronoticias.com\/site\/2024\/07\/30\/minas-gerais-exporta-primeiro-lote-de-cafe-em-conformidade-com-as-novas-regras-da-uniao-europeia\/"]}]},{"@type":"ImageObject","inLanguage":"pt-BR","@id":"https:\/\/miradouronoticias.com\/site\/2024\/07\/30\/minas-gerais-exporta-primeiro-lote-de-cafe-em-conformidade-com-as-novas-regras-da-uniao-europeia\/#primaryimage","url":"https:\/\/miradouronoticias.com\/site\/wp-content\/uploads\/2024\/07\/Topo_SeloVerde_Diego_Vargas__e_Cocatrel.jpeg","contentUrl":"https:\/\/miradouronoticias.com\/site\/wp-content\/uploads\/2024\/07\/Topo_SeloVerde_Diego_Vargas__e_Cocatrel.jpeg","width":940,"height":350},{"@type":"BreadcrumbList","@id":"https:\/\/miradouronoticias.com\/site\/2024\/07\/30\/minas-gerais-exporta-primeiro-lote-de-cafe-em-conformidade-com-as-novas-regras-da-uniao-europeia\/#breadcrumb","itemListElement":[{"@type":"ListItem","position":1,"name":"In\u00edcio","item":"https:\/\/miradouronoticias.com\/site\/"},{"@type":"ListItem","position":2,"name":"Minas Gerais exporta primeiro lote de caf\u00e9 em conformidade com as novas regras da Uni\u00e3o Europeia"}]},{"@type":"WebSite","@id":"https:\/\/miradouronoticias.com\/site\/#website","url":"https:\/\/miradouronoticias.com\/site\/","name":"Miradouro Not\u00edcias","description":"Informa\u00e7\u00f5es da cidade e regi\u00e3o","publisher":{"@id":"https:\/\/miradouronoticias.com\/site\/#organization"},"potentialAction":[{"@type":"SearchAction","target":{"@type":"EntryPoint","urlTemplate":"https:\/\/miradouronoticias.com\/site\/?s={search_term_string}"},"query-input":{"@type":"PropertyValueSpecification","valueRequired":true,"valueName":"search_term_string"}}],"inLanguage":"pt-BR"},{"@type":"Organization","@id":"https:\/\/miradouronoticias.com\/site\/#organization","name":"Miradouro Not\u00edcias","url":"https:\/\/miradouronoticias.com\/site\/","logo":{"@type":"ImageObject","inLanguage":"pt-BR","@id":"https:\/\/miradouronoticias.com\/site\/#\/schema\/logo\/image\/","url":"https:\/\/miradouronoticias.com\/site\/wp-content\/uploads\/2022\/01\/logomarcamiradouronoticias.png","contentUrl":"https:\/\/miradouronoticias.com\/site\/wp-content\/uploads\/2022\/01\/logomarcamiradouronoticias.png","width":747,"height":263,"caption":"Miradouro Not\u00edcias"},"image":{"@id":"https:\/\/miradouronoticias.com\/site\/#\/schema\/logo\/image\/"}},{"@type":"Person","@id":"https:\/\/miradouronoticias.com\/site\/#\/schema\/person\/73440d8c82222950df86f3e1a16aad3b","name":"Cl\u00e1udia Olyver","sameAs":["http:\/\/www.miradouronoticias.com"],"url":"https:\/\/miradouronoticias.com\/site\/author\/claudia\/"}]}},"_links":{"self":[{"href":"https:\/\/miradouronoticias.com\/site\/wp-json\/wp\/v2\/posts\/24816","targetHints":{"allow":["GET"]}}],"collection":[{"href":"https:\/\/miradouronoticias.com\/site\/wp-json\/wp\/v2\/posts"}],"about":[{"href":"https:\/\/miradouronoticias.com\/site\/wp-json\/wp\/v2\/types\/post"}],"author":[{"embeddable":true,"href":"https:\/\/miradouronoticias.com\/site\/wp-json\/wp\/v2\/users\/4"}],"replies":[{"embeddable":true,"href":"https:\/\/miradouronoticias.com\/site\/wp-json\/wp\/v2\/comments?post=24816"}],"version-history":[{"count":1,"href":"https:\/\/miradouronoticias.com\/site\/wp-json\/wp\/v2\/posts\/24816\/revisions"}],"predecessor-version":[{"id":24819,"href":"https:\/\/miradouronoticias.com\/site\/wp-json\/wp\/v2\/posts\/24816\/revisions\/24819"}],"wp:featuredmedia":[{"embeddable":true,"href":"https:\/\/miradouronoticias.com\/site\/wp-json\/wp\/v2\/media\/24818"}],"wp:attachment":[{"href":"https:\/\/miradouronoticias.com\/site\/wp-json\/wp\/v2\/media?parent=24816"}],"wp:term":[{"taxonomy":"category","embeddable":true,"href":"https:\/\/miradouronoticias.com\/site\/wp-json\/wp\/v2\/categories?post=24816"},{"taxonomy":"post_tag","embeddable":true,"href":"https:\/\/miradouronoticias.com\/site\/wp-json\/wp\/v2\/tags?post=24816"}],"curies":[{"name":"wp","href":"https:\/\/api.w.org\/{rel}","templated":true}]}}