{"id":23942,"date":"2024-06-04T06:15:13","date_gmt":"2024-06-04T09:15:13","guid":{"rendered":"https:\/\/miradouronoticias.com\/site\/?p=23942"},"modified":"2024-06-04T06:15:13","modified_gmt":"2024-06-04T09:15:13","slug":"com-apoio-do-estado-universidade-desenvolve-tecnica-para-cultivo-de-cafes-premiados","status":"publish","type":"post","link":"https:\/\/miradouronoticias.com\/site\/2024\/06\/04\/com-apoio-do-estado-universidade-desenvolve-tecnica-para-cultivo-de-cafes-premiados\/","title":{"rendered":"Com apoio do Estado, universidade desenvolve t\u00e9cnica para cultivo de caf\u00e9s premiados"},"content":{"rendered":"<p><img loading=\"lazy\" decoding=\"async\" class=\"alignnone size-medium wp-image-23943\" src=\"https:\/\/miradouronoticias.com\/site\/wp-content\/uploads\/2024\/06\/141A3528-300x112.png\" alt=\"\" width=\"300\" height=\"112\" srcset=\"https:\/\/miradouronoticias.com\/site\/wp-content\/uploads\/2024\/06\/141A3528-300x112.png 300w, https:\/\/miradouronoticias.com\/site\/wp-content\/uploads\/2024\/06\/141A3528-768x286.png 768w, https:\/\/miradouronoticias.com\/site\/wp-content\/uploads\/2024\/06\/141A3528.png 940w\" sizes=\"auto, (max-width: 300px) 100vw, 300px\" \/><\/p>\n<p>Com apoio da\u00a0<a href=\"https:\/\/fapemig.br\/pt\/\" target=\"_blank\" rel=\"noopener\">Funda\u00e7\u00e3o de Amparo \u00e0 Pesquisa do Estado de Minas Gerais (Fapemig)<\/a>, o Laborat\u00f3rio de Microbiologia de Fermenta\u00e7\u00f5es do Departamento de Biologia da Universidade Federal de Lavras (Ufla) desenvolveu uma nova t\u00e9cnica de fermenta\u00e7\u00e3o para a produ\u00e7\u00e3o de caf\u00e9s. O estudo permite refinar o cultivo impactando diretamente no aroma e sabor do produto final.<\/p>\n<p>As pesquisas foram desenvolvidas pelo N\u00facleo de Estudos em Fermenta\u00e7\u00e3o (Nefer). O grupo se dedica a compreender o papel dos microrganismos envolvidos no processo de fermenta\u00e7\u00e3o de silagens de alimentos como o cacau e o caf\u00e9, al\u00e9m de desenvolver novos produtos a partir desses processos.<\/p>\n<p>O estudo baseia-se em conhecer o local onde o caf\u00e9 \u00e9 cultivado, colhido e processado, e os microrganismos ali presentes. A partir da\u00ed, o grupo trabalha no isolamento de microrganismos presentes na cultura do caf\u00e9 em v\u00e1rias regi\u00f5es. Os pesquisadores verificaram que alguns deles eram predominantes em regi\u00f5es com caf\u00e9s com sabor distinto.<\/p>\n<p>A respons\u00e1vel pelo projeto \u00e9 a coordenadora do Nefer e especialista em microbiologia da fermenta\u00e7\u00e3o, Rosane Freitas Schwan. Ela detalhou o processo de saboriza\u00e7\u00e3o.\u00a0\u201cTodas as leveduras que n\u00f3s temos na Ufla foram isoladas e estudadas para a produ\u00e7\u00e3o de componentes do sabor e do aroma que v\u00e3o melhorar a qualidade do caf\u00e9\u201d, afirmou<\/p>\n<p><strong>Parceria empresa e universidade<\/strong><\/p>\n<p>Em 2019, a Ufla firmou parceria com uma empresa internacional de tecnologias agr\u00edcolas e negocia a transfer\u00eancia tecnol\u00f3gica da t\u00e9cnica de fermenta\u00e7\u00e3o inovadora. A uni\u00e3o viabilizou os testes e avalia\u00e7\u00e3o da t\u00e9cnica no campo. S\u00e3o 400 fazendas localizadas nas regi\u00f5es do Cerrado Mineiro, Sul e Matas de Minas.<\/p>\n<p>Durante os estudos as leveduras s\u00e3o testadas para encontrar a compatibilidade perfeita para uma determinada regi\u00e3o. O Nefer ofereceu mais de 600 horas de capacita\u00e7\u00e3o aos produtores parceiros.<\/p>\n<p>Al\u00e9m disso, todos t\u00eam acesso a um aplicativo que re\u00fane os dados sobre o processo de fermenta\u00e7\u00e3o sendo acompanhados pela equipe do Laborat\u00f3rio de Microbiologia das\u00a0Fermenta\u00e7\u00f5es.<\/p>\n<p><strong>Destaque em qualidade\u00a0<\/strong><\/p>\n<p>Para que um caf\u00e9 seja considerado especial, ele precisa atender a uma s\u00e9rie de crit\u00e9rios que foram institu\u00eddos pela Brazilian Specialty Coffee Association (BSCA). \u00c9 preciso atingir uma pontua\u00e7\u00e3o dada pela tabela da Specialty Coffee Association (SCA).<\/p>\n<p>Total de 91% dos lotes de caf\u00e9 de produtores alcan\u00e7ados pela parceria e que testaram as leveduras desenvolvidas na Ufla pontuaram com notas maiores que 80 (nota m\u00ednima para ser considerado especial) na SCA, com incremento \u00a0de 5 a 6 pontos, em m\u00e9dia.<\/p>\n<p>By: Miradouro not\u00edcias.com.br\/ ag\u00eancia minas<\/p>\n","protected":false},"excerpt":{"rendered":"<p>Com apoio da\u00a0Funda\u00e7\u00e3o de Amparo \u00e0 Pesquisa do Estado de Minas Gerais (Fapemig), o Laborat\u00f3rio de Microbiologia de Fermenta\u00e7\u00f5es do Departamento de Biologia da Universidade Federal de Lavras (Ufla) desenvolveu uma nova t\u00e9cnica de fermenta\u00e7\u00e3o para a produ\u00e7\u00e3o de caf\u00e9s. O estudo permite refinar o cultivo impactando diretamente no aroma e sabor do produto final. [&hellip;]<\/p>\n","protected":false},"author":4,"featured_media":23943,"comment_status":"open","ping_status":"open","sticky":false,"template":"","format":"standard","meta":{"footnotes":""},"categories":[1,21],"tags":[],"class_list":["post-23942","post","type-post","status-publish","format-standard","has-post-thumbnail","hentry","category-destaque-principal","category-minas-gerais"],"yoast_head":"<!-- This site is optimized with the Yoast SEO plugin v27.2 - https:\/\/yoast.com\/product\/yoast-seo-wordpress\/ -->\n<title>Com apoio do Estado, universidade desenvolve t\u00e9cnica para cultivo de caf\u00e9s premiados - Miradouro Not\u00edcias<\/title>\n<meta name=\"robots\" content=\"index, follow, max-snippet:-1, max-image-preview:large, max-video-preview:-1\" \/>\n<link rel=\"canonical\" href=\"https:\/\/miradouronoticias.com\/site\/2024\/06\/04\/com-apoio-do-estado-universidade-desenvolve-tecnica-para-cultivo-de-cafes-premiados\/\" \/>\n<meta property=\"og:locale\" content=\"pt_BR\" \/>\n<meta property=\"og:type\" content=\"article\" \/>\n<meta property=\"og:title\" content=\"Com apoio do Estado, universidade desenvolve t\u00e9cnica para cultivo de caf\u00e9s premiados - Miradouro Not\u00edcias\" \/>\n<meta property=\"og:description\" content=\"Com apoio da\u00a0Funda\u00e7\u00e3o de Amparo \u00e0 Pesquisa do Estado de Minas Gerais (Fapemig), o Laborat\u00f3rio de Microbiologia de Fermenta\u00e7\u00f5es do Departamento de Biologia da Universidade Federal de Lavras (Ufla) desenvolveu uma nova t\u00e9cnica de fermenta\u00e7\u00e3o para a produ\u00e7\u00e3o de caf\u00e9s. O estudo permite refinar o cultivo impactando diretamente no aroma e sabor do produto final. [&hellip;]\" \/>\n<meta property=\"og:url\" content=\"https:\/\/miradouronoticias.com\/site\/2024\/06\/04\/com-apoio-do-estado-universidade-desenvolve-tecnica-para-cultivo-de-cafes-premiados\/\" \/>\n<meta property=\"og:site_name\" content=\"Miradouro Not\u00edcias\" \/>\n<meta property=\"article:published_time\" content=\"2024-06-04T09:15:13+00:00\" \/>\n<meta property=\"og:image\" content=\"https:\/\/miradouronoticias.com\/site\/wp-content\/uploads\/2024\/06\/141A3528.png\" \/>\n\t<meta property=\"og:image:width\" content=\"940\" \/>\n\t<meta property=\"og:image:height\" content=\"350\" \/>\n\t<meta property=\"og:image:type\" content=\"image\/png\" \/>\n<meta name=\"author\" content=\"Cl\u00e1udia Olyver\" \/>\n<meta name=\"twitter:card\" content=\"summary_large_image\" \/>\n<meta name=\"twitter:label1\" content=\"Escrito por\" \/>\n\t<meta name=\"twitter:data1\" content=\"Cl\u00e1udia Olyver\" \/>\n\t<meta name=\"twitter:label2\" content=\"Est. tempo de leitura\" \/>\n\t<meta name=\"twitter:data2\" content=\"3 minutos\" \/>\n<script type=\"application\/ld+json\" class=\"yoast-schema-graph\">{\"@context\":\"https:\/\/schema.org\",\"@graph\":[{\"@type\":\"Article\",\"@id\":\"https:\/\/miradouronoticias.com\/site\/2024\/06\/04\/com-apoio-do-estado-universidade-desenvolve-tecnica-para-cultivo-de-cafes-premiados\/#article\",\"isPartOf\":{\"@id\":\"https:\/\/miradouronoticias.com\/site\/2024\/06\/04\/com-apoio-do-estado-universidade-desenvolve-tecnica-para-cultivo-de-cafes-premiados\/\"},\"author\":{\"name\":\"Cl\u00e1udia Olyver\",\"@id\":\"https:\/\/miradouronoticias.com\/site\/#\/schema\/person\/73440d8c82222950df86f3e1a16aad3b\"},\"headline\":\"Com apoio do Estado, universidade desenvolve t\u00e9cnica para cultivo de caf\u00e9s premiados\",\"datePublished\":\"2024-06-04T09:15:13+00:00\",\"mainEntityOfPage\":{\"@id\":\"https:\/\/miradouronoticias.com\/site\/2024\/06\/04\/com-apoio-do-estado-universidade-desenvolve-tecnica-para-cultivo-de-cafes-premiados\/\"},\"wordCount\":457,\"commentCount\":0,\"publisher\":{\"@id\":\"https:\/\/miradouronoticias.com\/site\/#organization\"},\"image\":{\"@id\":\"https:\/\/miradouronoticias.com\/site\/2024\/06\/04\/com-apoio-do-estado-universidade-desenvolve-tecnica-para-cultivo-de-cafes-premiados\/#primaryimage\"},\"thumbnailUrl\":\"https:\/\/miradouronoticias.com\/site\/wp-content\/uploads\/2024\/06\/141A3528.png\",\"articleSection\":[\"Destaque Principal\",\"Minas Gerais\"],\"inLanguage\":\"pt-BR\",\"potentialAction\":[{\"@type\":\"CommentAction\",\"name\":\"Comment\",\"target\":[\"https:\/\/miradouronoticias.com\/site\/2024\/06\/04\/com-apoio-do-estado-universidade-desenvolve-tecnica-para-cultivo-de-cafes-premiados\/#respond\"]}]},{\"@type\":\"WebPage\",\"@id\":\"https:\/\/miradouronoticias.com\/site\/2024\/06\/04\/com-apoio-do-estado-universidade-desenvolve-tecnica-para-cultivo-de-cafes-premiados\/\",\"url\":\"https:\/\/miradouronoticias.com\/site\/2024\/06\/04\/com-apoio-do-estado-universidade-desenvolve-tecnica-para-cultivo-de-cafes-premiados\/\",\"name\":\"Com apoio do Estado, universidade desenvolve t\u00e9cnica para cultivo de caf\u00e9s premiados - Miradouro Not\u00edcias\",\"isPartOf\":{\"@id\":\"https:\/\/miradouronoticias.com\/site\/#website\"},\"primaryImageOfPage\":{\"@id\":\"https:\/\/miradouronoticias.com\/site\/2024\/06\/04\/com-apoio-do-estado-universidade-desenvolve-tecnica-para-cultivo-de-cafes-premiados\/#primaryimage\"},\"image\":{\"@id\":\"https:\/\/miradouronoticias.com\/site\/2024\/06\/04\/com-apoio-do-estado-universidade-desenvolve-tecnica-para-cultivo-de-cafes-premiados\/#primaryimage\"},\"thumbnailUrl\":\"https:\/\/miradouronoticias.com\/site\/wp-content\/uploads\/2024\/06\/141A3528.png\",\"datePublished\":\"2024-06-04T09:15:13+00:00\",\"breadcrumb\":{\"@id\":\"https:\/\/miradouronoticias.com\/site\/2024\/06\/04\/com-apoio-do-estado-universidade-desenvolve-tecnica-para-cultivo-de-cafes-premiados\/#breadcrumb\"},\"inLanguage\":\"pt-BR\",\"potentialAction\":[{\"@type\":\"ReadAction\",\"target\":[\"https:\/\/miradouronoticias.com\/site\/2024\/06\/04\/com-apoio-do-estado-universidade-desenvolve-tecnica-para-cultivo-de-cafes-premiados\/\"]}]},{\"@type\":\"ImageObject\",\"inLanguage\":\"pt-BR\",\"@id\":\"https:\/\/miradouronoticias.com\/site\/2024\/06\/04\/com-apoio-do-estado-universidade-desenvolve-tecnica-para-cultivo-de-cafes-premiados\/#primaryimage\",\"url\":\"https:\/\/miradouronoticias.com\/site\/wp-content\/uploads\/2024\/06\/141A3528.png\",\"contentUrl\":\"https:\/\/miradouronoticias.com\/site\/wp-content\/uploads\/2024\/06\/141A3528.png\",\"width\":940,\"height\":350},{\"@type\":\"BreadcrumbList\",\"@id\":\"https:\/\/miradouronoticias.com\/site\/2024\/06\/04\/com-apoio-do-estado-universidade-desenvolve-tecnica-para-cultivo-de-cafes-premiados\/#breadcrumb\",\"itemListElement\":[{\"@type\":\"ListItem\",\"position\":1,\"name\":\"In\u00edcio\",\"item\":\"https:\/\/miradouronoticias.com\/site\/\"},{\"@type\":\"ListItem\",\"position\":2,\"name\":\"Com apoio do Estado, universidade desenvolve t\u00e9cnica para cultivo de caf\u00e9s premiados\"}]},{\"@type\":\"WebSite\",\"@id\":\"https:\/\/miradouronoticias.com\/site\/#website\",\"url\":\"https:\/\/miradouronoticias.com\/site\/\",\"name\":\"Miradouro Not\u00edcias\",\"description\":\"Informa\u00e7\u00f5es da cidade e regi\u00e3o\",\"publisher\":{\"@id\":\"https:\/\/miradouronoticias.com\/site\/#organization\"},\"potentialAction\":[{\"@type\":\"SearchAction\",\"target\":{\"@type\":\"EntryPoint\",\"urlTemplate\":\"https:\/\/miradouronoticias.com\/site\/?s={search_term_string}\"},\"query-input\":{\"@type\":\"PropertyValueSpecification\",\"valueRequired\":true,\"valueName\":\"search_term_string\"}}],\"inLanguage\":\"pt-BR\"},{\"@type\":\"Organization\",\"@id\":\"https:\/\/miradouronoticias.com\/site\/#organization\",\"name\":\"Miradouro Not\u00edcias\",\"url\":\"https:\/\/miradouronoticias.com\/site\/\",\"logo\":{\"@type\":\"ImageObject\",\"inLanguage\":\"pt-BR\",\"@id\":\"https:\/\/miradouronoticias.com\/site\/#\/schema\/logo\/image\/\",\"url\":\"https:\/\/miradouronoticias.com\/site\/wp-content\/uploads\/2022\/01\/logomarcamiradouronoticias.png\",\"contentUrl\":\"https:\/\/miradouronoticias.com\/site\/wp-content\/uploads\/2022\/01\/logomarcamiradouronoticias.png\",\"width\":747,\"height\":263,\"caption\":\"Miradouro Not\u00edcias\"},\"image\":{\"@id\":\"https:\/\/miradouronoticias.com\/site\/#\/schema\/logo\/image\/\"}},{\"@type\":\"Person\",\"@id\":\"https:\/\/miradouronoticias.com\/site\/#\/schema\/person\/73440d8c82222950df86f3e1a16aad3b\",\"name\":\"Cl\u00e1udia Olyver\",\"sameAs\":[\"http:\/\/www.miradouronoticias.com\"],\"url\":\"https:\/\/miradouronoticias.com\/site\/author\/claudia\/\"}]}<\/script>\n<!-- \/ Yoast SEO plugin. -->","yoast_head_json":{"title":"Com apoio do Estado, universidade desenvolve t\u00e9cnica para cultivo de caf\u00e9s premiados - Miradouro Not\u00edcias","robots":{"index":"index","follow":"follow","max-snippet":"max-snippet:-1","max-image-preview":"max-image-preview:large","max-video-preview":"max-video-preview:-1"},"canonical":"https:\/\/miradouronoticias.com\/site\/2024\/06\/04\/com-apoio-do-estado-universidade-desenvolve-tecnica-para-cultivo-de-cafes-premiados\/","og_locale":"pt_BR","og_type":"article","og_title":"Com apoio do Estado, universidade desenvolve t\u00e9cnica para cultivo de caf\u00e9s premiados - Miradouro Not\u00edcias","og_description":"Com apoio da\u00a0Funda\u00e7\u00e3o de Amparo \u00e0 Pesquisa do Estado de Minas Gerais (Fapemig), o Laborat\u00f3rio de Microbiologia de Fermenta\u00e7\u00f5es do Departamento de Biologia da Universidade Federal de Lavras (Ufla) desenvolveu uma nova t\u00e9cnica de fermenta\u00e7\u00e3o para a produ\u00e7\u00e3o de caf\u00e9s. O estudo permite refinar o cultivo impactando diretamente no aroma e sabor do produto final. [&hellip;]","og_url":"https:\/\/miradouronoticias.com\/site\/2024\/06\/04\/com-apoio-do-estado-universidade-desenvolve-tecnica-para-cultivo-de-cafes-premiados\/","og_site_name":"Miradouro Not\u00edcias","article_published_time":"2024-06-04T09:15:13+00:00","og_image":[{"width":940,"height":350,"url":"https:\/\/miradouronoticias.com\/site\/wp-content\/uploads\/2024\/06\/141A3528.png","type":"image\/png"}],"author":"Cl\u00e1udia Olyver","twitter_card":"summary_large_image","twitter_misc":{"Escrito por":"Cl\u00e1udia Olyver","Est. tempo de leitura":"3 minutos"},"schema":{"@context":"https:\/\/schema.org","@graph":[{"@type":"Article","@id":"https:\/\/miradouronoticias.com\/site\/2024\/06\/04\/com-apoio-do-estado-universidade-desenvolve-tecnica-para-cultivo-de-cafes-premiados\/#article","isPartOf":{"@id":"https:\/\/miradouronoticias.com\/site\/2024\/06\/04\/com-apoio-do-estado-universidade-desenvolve-tecnica-para-cultivo-de-cafes-premiados\/"},"author":{"name":"Cl\u00e1udia Olyver","@id":"https:\/\/miradouronoticias.com\/site\/#\/schema\/person\/73440d8c82222950df86f3e1a16aad3b"},"headline":"Com apoio do Estado, universidade desenvolve t\u00e9cnica para cultivo de caf\u00e9s premiados","datePublished":"2024-06-04T09:15:13+00:00","mainEntityOfPage":{"@id":"https:\/\/miradouronoticias.com\/site\/2024\/06\/04\/com-apoio-do-estado-universidade-desenvolve-tecnica-para-cultivo-de-cafes-premiados\/"},"wordCount":457,"commentCount":0,"publisher":{"@id":"https:\/\/miradouronoticias.com\/site\/#organization"},"image":{"@id":"https:\/\/miradouronoticias.com\/site\/2024\/06\/04\/com-apoio-do-estado-universidade-desenvolve-tecnica-para-cultivo-de-cafes-premiados\/#primaryimage"},"thumbnailUrl":"https:\/\/miradouronoticias.com\/site\/wp-content\/uploads\/2024\/06\/141A3528.png","articleSection":["Destaque Principal","Minas Gerais"],"inLanguage":"pt-BR","potentialAction":[{"@type":"CommentAction","name":"Comment","target":["https:\/\/miradouronoticias.com\/site\/2024\/06\/04\/com-apoio-do-estado-universidade-desenvolve-tecnica-para-cultivo-de-cafes-premiados\/#respond"]}]},{"@type":"WebPage","@id":"https:\/\/miradouronoticias.com\/site\/2024\/06\/04\/com-apoio-do-estado-universidade-desenvolve-tecnica-para-cultivo-de-cafes-premiados\/","url":"https:\/\/miradouronoticias.com\/site\/2024\/06\/04\/com-apoio-do-estado-universidade-desenvolve-tecnica-para-cultivo-de-cafes-premiados\/","name":"Com apoio do Estado, universidade desenvolve t\u00e9cnica para cultivo de caf\u00e9s premiados - Miradouro Not\u00edcias","isPartOf":{"@id":"https:\/\/miradouronoticias.com\/site\/#website"},"primaryImageOfPage":{"@id":"https:\/\/miradouronoticias.com\/site\/2024\/06\/04\/com-apoio-do-estado-universidade-desenvolve-tecnica-para-cultivo-de-cafes-premiados\/#primaryimage"},"image":{"@id":"https:\/\/miradouronoticias.com\/site\/2024\/06\/04\/com-apoio-do-estado-universidade-desenvolve-tecnica-para-cultivo-de-cafes-premiados\/#primaryimage"},"thumbnailUrl":"https:\/\/miradouronoticias.com\/site\/wp-content\/uploads\/2024\/06\/141A3528.png","datePublished":"2024-06-04T09:15:13+00:00","breadcrumb":{"@id":"https:\/\/miradouronoticias.com\/site\/2024\/06\/04\/com-apoio-do-estado-universidade-desenvolve-tecnica-para-cultivo-de-cafes-premiados\/#breadcrumb"},"inLanguage":"pt-BR","potentialAction":[{"@type":"ReadAction","target":["https:\/\/miradouronoticias.com\/site\/2024\/06\/04\/com-apoio-do-estado-universidade-desenvolve-tecnica-para-cultivo-de-cafes-premiados\/"]}]},{"@type":"ImageObject","inLanguage":"pt-BR","@id":"https:\/\/miradouronoticias.com\/site\/2024\/06\/04\/com-apoio-do-estado-universidade-desenvolve-tecnica-para-cultivo-de-cafes-premiados\/#primaryimage","url":"https:\/\/miradouronoticias.com\/site\/wp-content\/uploads\/2024\/06\/141A3528.png","contentUrl":"https:\/\/miradouronoticias.com\/site\/wp-content\/uploads\/2024\/06\/141A3528.png","width":940,"height":350},{"@type":"BreadcrumbList","@id":"https:\/\/miradouronoticias.com\/site\/2024\/06\/04\/com-apoio-do-estado-universidade-desenvolve-tecnica-para-cultivo-de-cafes-premiados\/#breadcrumb","itemListElement":[{"@type":"ListItem","position":1,"name":"In\u00edcio","item":"https:\/\/miradouronoticias.com\/site\/"},{"@type":"ListItem","position":2,"name":"Com apoio do Estado, universidade desenvolve t\u00e9cnica para cultivo de caf\u00e9s premiados"}]},{"@type":"WebSite","@id":"https:\/\/miradouronoticias.com\/site\/#website","url":"https:\/\/miradouronoticias.com\/site\/","name":"Miradouro Not\u00edcias","description":"Informa\u00e7\u00f5es da cidade e regi\u00e3o","publisher":{"@id":"https:\/\/miradouronoticias.com\/site\/#organization"},"potentialAction":[{"@type":"SearchAction","target":{"@type":"EntryPoint","urlTemplate":"https:\/\/miradouronoticias.com\/site\/?s={search_term_string}"},"query-input":{"@type":"PropertyValueSpecification","valueRequired":true,"valueName":"search_term_string"}}],"inLanguage":"pt-BR"},{"@type":"Organization","@id":"https:\/\/miradouronoticias.com\/site\/#organization","name":"Miradouro Not\u00edcias","url":"https:\/\/miradouronoticias.com\/site\/","logo":{"@type":"ImageObject","inLanguage":"pt-BR","@id":"https:\/\/miradouronoticias.com\/site\/#\/schema\/logo\/image\/","url":"https:\/\/miradouronoticias.com\/site\/wp-content\/uploads\/2022\/01\/logomarcamiradouronoticias.png","contentUrl":"https:\/\/miradouronoticias.com\/site\/wp-content\/uploads\/2022\/01\/logomarcamiradouronoticias.png","width":747,"height":263,"caption":"Miradouro Not\u00edcias"},"image":{"@id":"https:\/\/miradouronoticias.com\/site\/#\/schema\/logo\/image\/"}},{"@type":"Person","@id":"https:\/\/miradouronoticias.com\/site\/#\/schema\/person\/73440d8c82222950df86f3e1a16aad3b","name":"Cl\u00e1udia Olyver","sameAs":["http:\/\/www.miradouronoticias.com"],"url":"https:\/\/miradouronoticias.com\/site\/author\/claudia\/"}]}},"_links":{"self":[{"href":"https:\/\/miradouronoticias.com\/site\/wp-json\/wp\/v2\/posts\/23942","targetHints":{"allow":["GET"]}}],"collection":[{"href":"https:\/\/miradouronoticias.com\/site\/wp-json\/wp\/v2\/posts"}],"about":[{"href":"https:\/\/miradouronoticias.com\/site\/wp-json\/wp\/v2\/types\/post"}],"author":[{"embeddable":true,"href":"https:\/\/miradouronoticias.com\/site\/wp-json\/wp\/v2\/users\/4"}],"replies":[{"embeddable":true,"href":"https:\/\/miradouronoticias.com\/site\/wp-json\/wp\/v2\/comments?post=23942"}],"version-history":[{"count":1,"href":"https:\/\/miradouronoticias.com\/site\/wp-json\/wp\/v2\/posts\/23942\/revisions"}],"predecessor-version":[{"id":23944,"href":"https:\/\/miradouronoticias.com\/site\/wp-json\/wp\/v2\/posts\/23942\/revisions\/23944"}],"wp:featuredmedia":[{"embeddable":true,"href":"https:\/\/miradouronoticias.com\/site\/wp-json\/wp\/v2\/media\/23943"}],"wp:attachment":[{"href":"https:\/\/miradouronoticias.com\/site\/wp-json\/wp\/v2\/media?parent=23942"}],"wp:term":[{"taxonomy":"category","embeddable":true,"href":"https:\/\/miradouronoticias.com\/site\/wp-json\/wp\/v2\/categories?post=23942"},{"taxonomy":"post_tag","embeddable":true,"href":"https:\/\/miradouronoticias.com\/site\/wp-json\/wp\/v2\/tags?post=23942"}],"curies":[{"name":"wp","href":"https:\/\/api.w.org\/{rel}","templated":true}]}}