{"id":23689,"date":"2024-05-11T12:59:43","date_gmt":"2024-05-11T15:59:43","guid":{"rendered":"https:\/\/miradouronoticias.com\/site\/?p=23689"},"modified":"2024-05-11T12:59:43","modified_gmt":"2024-05-11T15:59:43","slug":"defesa-civil-divulga-nomes-de-mortos-e-desaparecidos-no-rs-veja-lista","status":"publish","type":"post","link":"https:\/\/miradouronoticias.com\/site\/2024\/05\/11\/defesa-civil-divulga-nomes-de-mortos-e-desaparecidos-no-rs-veja-lista\/","title":{"rendered":"Defesa Civil divulga nomes de mortos e desaparecidos no RS; veja lista"},"content":{"rendered":"<p><img loading=\"lazy\" decoding=\"async\" class=\"alignnone size-medium wp-image-23690\" src=\"https:\/\/miradouronoticias.com\/site\/wp-content\/uploads\/2024\/05\/53700836959_11ef9d9e77_o_0-300x179.webp\" alt=\"\" width=\"300\" height=\"179\" srcset=\"https:\/\/miradouronoticias.com\/site\/wp-content\/uploads\/2024\/05\/53700836959_11ef9d9e77_o_0-300x179.webp 300w, https:\/\/miradouronoticias.com\/site\/wp-content\/uploads\/2024\/05\/53700836959_11ef9d9e77_o_0-1024x613.webp 1024w, https:\/\/miradouronoticias.com\/site\/wp-content\/uploads\/2024\/05\/53700836959_11ef9d9e77_o_0-768x459.webp 768w, https:\/\/miradouronoticias.com\/site\/wp-content\/uploads\/2024\/05\/53700836959_11ef9d9e77_o_0.webp 1170w\" sizes=\"auto, (max-width: 300px) 100vw, 300px\" \/><\/p>\n<div class=\"col-lg-12 mb-3\">\n<div class=\"row\">\n<h4 class=\"col-10 offset-1 animated fadeInDown dealy-1100 alt-font font-italic my-2 small text-info text-center\"><\/h4>\n<\/div>\n<\/div>\n<div class=\"col-xl-7 offset-xl-1 col-lg-8 offset-lg-0 col-md-10 offset-md-1 mb-3\">\n<div class=\"post-item alt-font\">\n<div class=\"post-item-wrap\">\n<p>A Defesa Civil do Rio Grande do Sul divulgou nesta quinta-feira (9) uma lista com nomes dos mortos e desaparecidos em raz\u00e3o das enchentes que assolam o estado.\u00a0<img decoding=\"async\" src=\"https:\/\/agenciabrasil.ebc.com.br\/ebc.png?id=1594401&amp;o=node\" \/><img decoding=\"async\" src=\"https:\/\/agenciabrasil.ebc.com.br\/ebc.gif?id=1594401&amp;o=node\" \/><\/p>\n<p>De acordo com o \u00faltimo boletim, divulgado \u00e0s 18h, foram registradas 107 mortes por causa das chuvas. Uma morte \u00e9 investigada para saber se est\u00e1 relacionada \u00e0 trag\u00e9dia. A lista traz os nomes das v\u00edtimas\u00a0identificadas at\u00e9 o momento.<\/p>\n<p>O n\u00famero de desaparecidos chega a 134.\u00a0A Defesa Civil orienta a quem encontrar o\u00a0nome na lista de desaparecidos buscar a Delegacia de Pol\u00edcia Civil mais pr\u00f3xima para regularizar os dados e solicitar a retirada do nome da lista.<\/p>\n<h2><a href=\"https:\/\/www.defesacivil.rs.gov.br\/defesa-civil-atualiza-balanco-das-enchentes-no-rs-9-5-18\" target=\"_blank\" rel=\"noopener\">&gt;&gt; Veja lista com nomes das v\u00edtimas identificadas e desaparecidos<\/a><\/h2>\n<p>A quantidade de pessoas desalojadas no Rio Grande do Sul mais que dobrou em 24 horas, passando de\u00a0<a href=\"https:\/\/agenciabrasil.ebc.com.br\/geral\/noticia\/2024-05\/numero-de-desalojados-dobra-em-24-horas-no-rio-grande-do-sul\" target=\"_blank\" rel=\"noopener\">mais de 163 mil nessa quarta-feira (8) para 327.105 nesta quinta-feira (9)<\/a>, conforme o \u00faltimo boletim da Defesa Civil estadual, com dados divulgados \u00e0s 18h. S\u00e3o pessoas que tiveram, em algum momento, deixar suas casas e buscar abrigo nas resid\u00eancias de parentes, amigos ou em abrigos p\u00fablicos.<\/p>\n<p>No total, 1,74 milh\u00e3o de ga\u00fachos j\u00e1 foram afetados de alguma forma pelas enchentes, ou seja, perderam casas, est\u00e3o sem luz, \u00e1gua ou comida.<\/p>\n<p>By: Miradouro not\u00edcias com.br\/ ag\u00eancia brasil<\/p>\n<\/div>\n<\/div>\n<\/div>\n","protected":false},"excerpt":{"rendered":"<p>A Defesa Civil do Rio Grande do Sul divulgou nesta quinta-feira (9) uma lista com nomes dos mortos e desaparecidos em raz\u00e3o das enchentes que assolam o estado.\u00a0 De acordo com o \u00faltimo boletim, divulgado \u00e0s 18h, foram registradas 107 mortes por causa das chuvas. Uma morte \u00e9 investigada para saber se est\u00e1 relacionada \u00e0 [&hellip;]<\/p>\n","protected":false},"author":4,"featured_media":23690,"comment_status":"open","ping_status":"open","sticky":false,"template":"","format":"standard","meta":{"footnotes":""},"categories":[2,1,48],"tags":[],"class_list":["post-23689","post","type-post","status-publish","format-standard","has-post-thumbnail","hentry","category-mundo","category-destaque-principal","category-temporal"],"yoast_head":"<!-- This site is optimized with the Yoast SEO plugin v27.2 - https:\/\/yoast.com\/product\/yoast-seo-wordpress\/ -->\n<title>Defesa Civil divulga nomes de mortos e desaparecidos no RS; veja lista - Miradouro Not\u00edcias<\/title>\n<meta name=\"robots\" content=\"index, follow, max-snippet:-1, max-image-preview:large, max-video-preview:-1\" \/>\n<link rel=\"canonical\" href=\"https:\/\/miradouronoticias.com\/site\/2024\/05\/11\/defesa-civil-divulga-nomes-de-mortos-e-desaparecidos-no-rs-veja-lista\/\" \/>\n<meta property=\"og:locale\" content=\"pt_BR\" \/>\n<meta property=\"og:type\" content=\"article\" \/>\n<meta property=\"og:title\" content=\"Defesa Civil divulga nomes de mortos e desaparecidos no RS; veja lista - Miradouro Not\u00edcias\" \/>\n<meta property=\"og:description\" content=\"A Defesa Civil do Rio Grande do Sul divulgou nesta quinta-feira (9) uma lista com nomes dos mortos e desaparecidos em raz\u00e3o das enchentes que assolam o estado.\u00a0 De acordo com o \u00faltimo boletim, divulgado \u00e0s 18h, foram registradas 107 mortes por causa das chuvas. Uma morte \u00e9 investigada para saber se est\u00e1 relacionada \u00e0 [&hellip;]\" \/>\n<meta property=\"og:url\" content=\"https:\/\/miradouronoticias.com\/site\/2024\/05\/11\/defesa-civil-divulga-nomes-de-mortos-e-desaparecidos-no-rs-veja-lista\/\" \/>\n<meta property=\"og:site_name\" content=\"Miradouro Not\u00edcias\" \/>\n<meta property=\"article:published_time\" content=\"2024-05-11T15:59:43+00:00\" \/>\n<meta property=\"og:image\" content=\"https:\/\/miradouronoticias.com\/site\/wp-content\/uploads\/2024\/05\/53700836959_11ef9d9e77_o_0.webp\" \/>\n\t<meta property=\"og:image:width\" content=\"1170\" \/>\n\t<meta property=\"og:image:height\" content=\"700\" \/>\n\t<meta property=\"og:image:type\" content=\"image\/webp\" \/>\n<meta name=\"author\" content=\"Cl\u00e1udia Olyver\" \/>\n<meta name=\"twitter:card\" content=\"summary_large_image\" \/>\n<meta name=\"twitter:label1\" content=\"Escrito por\" \/>\n\t<meta name=\"twitter:data1\" content=\"Cl\u00e1udia Olyver\" \/>\n\t<meta name=\"twitter:label2\" content=\"Est. tempo de leitura\" \/>\n\t<meta name=\"twitter:data2\" content=\"2 minutos\" \/>\n<script type=\"application\/ld+json\" class=\"yoast-schema-graph\">{\"@context\":\"https:\/\/schema.org\",\"@graph\":[{\"@type\":\"Article\",\"@id\":\"https:\/\/miradouronoticias.com\/site\/2024\/05\/11\/defesa-civil-divulga-nomes-de-mortos-e-desaparecidos-no-rs-veja-lista\/#article\",\"isPartOf\":{\"@id\":\"https:\/\/miradouronoticias.com\/site\/2024\/05\/11\/defesa-civil-divulga-nomes-de-mortos-e-desaparecidos-no-rs-veja-lista\/\"},\"author\":{\"name\":\"Cl\u00e1udia Olyver\",\"@id\":\"https:\/\/miradouronoticias.com\/site\/#\/schema\/person\/73440d8c82222950df86f3e1a16aad3b\"},\"headline\":\"Defesa Civil divulga nomes de mortos e desaparecidos no RS; veja lista\",\"datePublished\":\"2024-05-11T15:59:43+00:00\",\"mainEntityOfPage\":{\"@id\":\"https:\/\/miradouronoticias.com\/site\/2024\/05\/11\/defesa-civil-divulga-nomes-de-mortos-e-desaparecidos-no-rs-veja-lista\/\"},\"wordCount\":230,\"commentCount\":0,\"publisher\":{\"@id\":\"https:\/\/miradouronoticias.com\/site\/#organization\"},\"image\":{\"@id\":\"https:\/\/miradouronoticias.com\/site\/2024\/05\/11\/defesa-civil-divulga-nomes-de-mortos-e-desaparecidos-no-rs-veja-lista\/#primaryimage\"},\"thumbnailUrl\":\"https:\/\/miradouronoticias.com\/site\/wp-content\/uploads\/2024\/05\/53700836959_11ef9d9e77_o_0.webp\",\"articleSection\":[\"Brasil \/ Mundo\",\"Destaque Principal\",\"Temporal\"],\"inLanguage\":\"pt-BR\",\"potentialAction\":[{\"@type\":\"CommentAction\",\"name\":\"Comment\",\"target\":[\"https:\/\/miradouronoticias.com\/site\/2024\/05\/11\/defesa-civil-divulga-nomes-de-mortos-e-desaparecidos-no-rs-veja-lista\/#respond\"]}]},{\"@type\":\"WebPage\",\"@id\":\"https:\/\/miradouronoticias.com\/site\/2024\/05\/11\/defesa-civil-divulga-nomes-de-mortos-e-desaparecidos-no-rs-veja-lista\/\",\"url\":\"https:\/\/miradouronoticias.com\/site\/2024\/05\/11\/defesa-civil-divulga-nomes-de-mortos-e-desaparecidos-no-rs-veja-lista\/\",\"name\":\"Defesa Civil divulga nomes de mortos e desaparecidos no RS; veja lista - Miradouro Not\u00edcias\",\"isPartOf\":{\"@id\":\"https:\/\/miradouronoticias.com\/site\/#website\"},\"primaryImageOfPage\":{\"@id\":\"https:\/\/miradouronoticias.com\/site\/2024\/05\/11\/defesa-civil-divulga-nomes-de-mortos-e-desaparecidos-no-rs-veja-lista\/#primaryimage\"},\"image\":{\"@id\":\"https:\/\/miradouronoticias.com\/site\/2024\/05\/11\/defesa-civil-divulga-nomes-de-mortos-e-desaparecidos-no-rs-veja-lista\/#primaryimage\"},\"thumbnailUrl\":\"https:\/\/miradouronoticias.com\/site\/wp-content\/uploads\/2024\/05\/53700836959_11ef9d9e77_o_0.webp\",\"datePublished\":\"2024-05-11T15:59:43+00:00\",\"breadcrumb\":{\"@id\":\"https:\/\/miradouronoticias.com\/site\/2024\/05\/11\/defesa-civil-divulga-nomes-de-mortos-e-desaparecidos-no-rs-veja-lista\/#breadcrumb\"},\"inLanguage\":\"pt-BR\",\"potentialAction\":[{\"@type\":\"ReadAction\",\"target\":[\"https:\/\/miradouronoticias.com\/site\/2024\/05\/11\/defesa-civil-divulga-nomes-de-mortos-e-desaparecidos-no-rs-veja-lista\/\"]}]},{\"@type\":\"ImageObject\",\"inLanguage\":\"pt-BR\",\"@id\":\"https:\/\/miradouronoticias.com\/site\/2024\/05\/11\/defesa-civil-divulga-nomes-de-mortos-e-desaparecidos-no-rs-veja-lista\/#primaryimage\",\"url\":\"https:\/\/miradouronoticias.com\/site\/wp-content\/uploads\/2024\/05\/53700836959_11ef9d9e77_o_0.webp\",\"contentUrl\":\"https:\/\/miradouronoticias.com\/site\/wp-content\/uploads\/2024\/05\/53700836959_11ef9d9e77_o_0.webp\",\"width\":1170,\"height\":700},{\"@type\":\"BreadcrumbList\",\"@id\":\"https:\/\/miradouronoticias.com\/site\/2024\/05\/11\/defesa-civil-divulga-nomes-de-mortos-e-desaparecidos-no-rs-veja-lista\/#breadcrumb\",\"itemListElement\":[{\"@type\":\"ListItem\",\"position\":1,\"name\":\"In\u00edcio\",\"item\":\"https:\/\/miradouronoticias.com\/site\/\"},{\"@type\":\"ListItem\",\"position\":2,\"name\":\"Defesa Civil divulga nomes de mortos e desaparecidos no RS; veja lista\"}]},{\"@type\":\"WebSite\",\"@id\":\"https:\/\/miradouronoticias.com\/site\/#website\",\"url\":\"https:\/\/miradouronoticias.com\/site\/\",\"name\":\"Miradouro Not\u00edcias\",\"description\":\"Informa\u00e7\u00f5es da cidade e regi\u00e3o\",\"publisher\":{\"@id\":\"https:\/\/miradouronoticias.com\/site\/#organization\"},\"potentialAction\":[{\"@type\":\"SearchAction\",\"target\":{\"@type\":\"EntryPoint\",\"urlTemplate\":\"https:\/\/miradouronoticias.com\/site\/?s={search_term_string}\"},\"query-input\":{\"@type\":\"PropertyValueSpecification\",\"valueRequired\":true,\"valueName\":\"search_term_string\"}}],\"inLanguage\":\"pt-BR\"},{\"@type\":\"Organization\",\"@id\":\"https:\/\/miradouronoticias.com\/site\/#organization\",\"name\":\"Miradouro Not\u00edcias\",\"url\":\"https:\/\/miradouronoticias.com\/site\/\",\"logo\":{\"@type\":\"ImageObject\",\"inLanguage\":\"pt-BR\",\"@id\":\"https:\/\/miradouronoticias.com\/site\/#\/schema\/logo\/image\/\",\"url\":\"https:\/\/miradouronoticias.com\/site\/wp-content\/uploads\/2022\/01\/logomarcamiradouronoticias.png\",\"contentUrl\":\"https:\/\/miradouronoticias.com\/site\/wp-content\/uploads\/2022\/01\/logomarcamiradouronoticias.png\",\"width\":747,\"height\":263,\"caption\":\"Miradouro Not\u00edcias\"},\"image\":{\"@id\":\"https:\/\/miradouronoticias.com\/site\/#\/schema\/logo\/image\/\"}},{\"@type\":\"Person\",\"@id\":\"https:\/\/miradouronoticias.com\/site\/#\/schema\/person\/73440d8c82222950df86f3e1a16aad3b\",\"name\":\"Cl\u00e1udia Olyver\",\"sameAs\":[\"http:\/\/www.miradouronoticias.com\"],\"url\":\"https:\/\/miradouronoticias.com\/site\/author\/claudia\/\"}]}<\/script>\n<!-- \/ Yoast SEO plugin. -->","yoast_head_json":{"title":"Defesa Civil divulga nomes de mortos e desaparecidos no RS; veja lista - Miradouro Not\u00edcias","robots":{"index":"index","follow":"follow","max-snippet":"max-snippet:-1","max-image-preview":"max-image-preview:large","max-video-preview":"max-video-preview:-1"},"canonical":"https:\/\/miradouronoticias.com\/site\/2024\/05\/11\/defesa-civil-divulga-nomes-de-mortos-e-desaparecidos-no-rs-veja-lista\/","og_locale":"pt_BR","og_type":"article","og_title":"Defesa Civil divulga nomes de mortos e desaparecidos no RS; veja lista - Miradouro Not\u00edcias","og_description":"A Defesa Civil do Rio Grande do Sul divulgou nesta quinta-feira (9) uma lista com nomes dos mortos e desaparecidos em raz\u00e3o das enchentes que assolam o estado.\u00a0 De acordo com o \u00faltimo boletim, divulgado \u00e0s 18h, foram registradas 107 mortes por causa das chuvas. Uma morte \u00e9 investigada para saber se est\u00e1 relacionada \u00e0 [&hellip;]","og_url":"https:\/\/miradouronoticias.com\/site\/2024\/05\/11\/defesa-civil-divulga-nomes-de-mortos-e-desaparecidos-no-rs-veja-lista\/","og_site_name":"Miradouro Not\u00edcias","article_published_time":"2024-05-11T15:59:43+00:00","og_image":[{"width":1170,"height":700,"url":"https:\/\/miradouronoticias.com\/site\/wp-content\/uploads\/2024\/05\/53700836959_11ef9d9e77_o_0.webp","type":"image\/webp"}],"author":"Cl\u00e1udia Olyver","twitter_card":"summary_large_image","twitter_misc":{"Escrito por":"Cl\u00e1udia Olyver","Est. tempo de leitura":"2 minutos"},"schema":{"@context":"https:\/\/schema.org","@graph":[{"@type":"Article","@id":"https:\/\/miradouronoticias.com\/site\/2024\/05\/11\/defesa-civil-divulga-nomes-de-mortos-e-desaparecidos-no-rs-veja-lista\/#article","isPartOf":{"@id":"https:\/\/miradouronoticias.com\/site\/2024\/05\/11\/defesa-civil-divulga-nomes-de-mortos-e-desaparecidos-no-rs-veja-lista\/"},"author":{"name":"Cl\u00e1udia Olyver","@id":"https:\/\/miradouronoticias.com\/site\/#\/schema\/person\/73440d8c82222950df86f3e1a16aad3b"},"headline":"Defesa Civil divulga nomes de mortos e desaparecidos no RS; veja lista","datePublished":"2024-05-11T15:59:43+00:00","mainEntityOfPage":{"@id":"https:\/\/miradouronoticias.com\/site\/2024\/05\/11\/defesa-civil-divulga-nomes-de-mortos-e-desaparecidos-no-rs-veja-lista\/"},"wordCount":230,"commentCount":0,"publisher":{"@id":"https:\/\/miradouronoticias.com\/site\/#organization"},"image":{"@id":"https:\/\/miradouronoticias.com\/site\/2024\/05\/11\/defesa-civil-divulga-nomes-de-mortos-e-desaparecidos-no-rs-veja-lista\/#primaryimage"},"thumbnailUrl":"https:\/\/miradouronoticias.com\/site\/wp-content\/uploads\/2024\/05\/53700836959_11ef9d9e77_o_0.webp","articleSection":["Brasil \/ Mundo","Destaque Principal","Temporal"],"inLanguage":"pt-BR","potentialAction":[{"@type":"CommentAction","name":"Comment","target":["https:\/\/miradouronoticias.com\/site\/2024\/05\/11\/defesa-civil-divulga-nomes-de-mortos-e-desaparecidos-no-rs-veja-lista\/#respond"]}]},{"@type":"WebPage","@id":"https:\/\/miradouronoticias.com\/site\/2024\/05\/11\/defesa-civil-divulga-nomes-de-mortos-e-desaparecidos-no-rs-veja-lista\/","url":"https:\/\/miradouronoticias.com\/site\/2024\/05\/11\/defesa-civil-divulga-nomes-de-mortos-e-desaparecidos-no-rs-veja-lista\/","name":"Defesa Civil divulga nomes de mortos e desaparecidos no RS; veja lista - Miradouro Not\u00edcias","isPartOf":{"@id":"https:\/\/miradouronoticias.com\/site\/#website"},"primaryImageOfPage":{"@id":"https:\/\/miradouronoticias.com\/site\/2024\/05\/11\/defesa-civil-divulga-nomes-de-mortos-e-desaparecidos-no-rs-veja-lista\/#primaryimage"},"image":{"@id":"https:\/\/miradouronoticias.com\/site\/2024\/05\/11\/defesa-civil-divulga-nomes-de-mortos-e-desaparecidos-no-rs-veja-lista\/#primaryimage"},"thumbnailUrl":"https:\/\/miradouronoticias.com\/site\/wp-content\/uploads\/2024\/05\/53700836959_11ef9d9e77_o_0.webp","datePublished":"2024-05-11T15:59:43+00:00","breadcrumb":{"@id":"https:\/\/miradouronoticias.com\/site\/2024\/05\/11\/defesa-civil-divulga-nomes-de-mortos-e-desaparecidos-no-rs-veja-lista\/#breadcrumb"},"inLanguage":"pt-BR","potentialAction":[{"@type":"ReadAction","target":["https:\/\/miradouronoticias.com\/site\/2024\/05\/11\/defesa-civil-divulga-nomes-de-mortos-e-desaparecidos-no-rs-veja-lista\/"]}]},{"@type":"ImageObject","inLanguage":"pt-BR","@id":"https:\/\/miradouronoticias.com\/site\/2024\/05\/11\/defesa-civil-divulga-nomes-de-mortos-e-desaparecidos-no-rs-veja-lista\/#primaryimage","url":"https:\/\/miradouronoticias.com\/site\/wp-content\/uploads\/2024\/05\/53700836959_11ef9d9e77_o_0.webp","contentUrl":"https:\/\/miradouronoticias.com\/site\/wp-content\/uploads\/2024\/05\/53700836959_11ef9d9e77_o_0.webp","width":1170,"height":700},{"@type":"BreadcrumbList","@id":"https:\/\/miradouronoticias.com\/site\/2024\/05\/11\/defesa-civil-divulga-nomes-de-mortos-e-desaparecidos-no-rs-veja-lista\/#breadcrumb","itemListElement":[{"@type":"ListItem","position":1,"name":"In\u00edcio","item":"https:\/\/miradouronoticias.com\/site\/"},{"@type":"ListItem","position":2,"name":"Defesa Civil divulga nomes de mortos e desaparecidos no RS; veja lista"}]},{"@type":"WebSite","@id":"https:\/\/miradouronoticias.com\/site\/#website","url":"https:\/\/miradouronoticias.com\/site\/","name":"Miradouro Not\u00edcias","description":"Informa\u00e7\u00f5es da cidade e regi\u00e3o","publisher":{"@id":"https:\/\/miradouronoticias.com\/site\/#organization"},"potentialAction":[{"@type":"SearchAction","target":{"@type":"EntryPoint","urlTemplate":"https:\/\/miradouronoticias.com\/site\/?s={search_term_string}"},"query-input":{"@type":"PropertyValueSpecification","valueRequired":true,"valueName":"search_term_string"}}],"inLanguage":"pt-BR"},{"@type":"Organization","@id":"https:\/\/miradouronoticias.com\/site\/#organization","name":"Miradouro Not\u00edcias","url":"https:\/\/miradouronoticias.com\/site\/","logo":{"@type":"ImageObject","inLanguage":"pt-BR","@id":"https:\/\/miradouronoticias.com\/site\/#\/schema\/logo\/image\/","url":"https:\/\/miradouronoticias.com\/site\/wp-content\/uploads\/2022\/01\/logomarcamiradouronoticias.png","contentUrl":"https:\/\/miradouronoticias.com\/site\/wp-content\/uploads\/2022\/01\/logomarcamiradouronoticias.png","width":747,"height":263,"caption":"Miradouro Not\u00edcias"},"image":{"@id":"https:\/\/miradouronoticias.com\/site\/#\/schema\/logo\/image\/"}},{"@type":"Person","@id":"https:\/\/miradouronoticias.com\/site\/#\/schema\/person\/73440d8c82222950df86f3e1a16aad3b","name":"Cl\u00e1udia Olyver","sameAs":["http:\/\/www.miradouronoticias.com"],"url":"https:\/\/miradouronoticias.com\/site\/author\/claudia\/"}]}},"_links":{"self":[{"href":"https:\/\/miradouronoticias.com\/site\/wp-json\/wp\/v2\/posts\/23689","targetHints":{"allow":["GET"]}}],"collection":[{"href":"https:\/\/miradouronoticias.com\/site\/wp-json\/wp\/v2\/posts"}],"about":[{"href":"https:\/\/miradouronoticias.com\/site\/wp-json\/wp\/v2\/types\/post"}],"author":[{"embeddable":true,"href":"https:\/\/miradouronoticias.com\/site\/wp-json\/wp\/v2\/users\/4"}],"replies":[{"embeddable":true,"href":"https:\/\/miradouronoticias.com\/site\/wp-json\/wp\/v2\/comments?post=23689"}],"version-history":[{"count":1,"href":"https:\/\/miradouronoticias.com\/site\/wp-json\/wp\/v2\/posts\/23689\/revisions"}],"predecessor-version":[{"id":23691,"href":"https:\/\/miradouronoticias.com\/site\/wp-json\/wp\/v2\/posts\/23689\/revisions\/23691"}],"wp:featuredmedia":[{"embeddable":true,"href":"https:\/\/miradouronoticias.com\/site\/wp-json\/wp\/v2\/media\/23690"}],"wp:attachment":[{"href":"https:\/\/miradouronoticias.com\/site\/wp-json\/wp\/v2\/media?parent=23689"}],"wp:term":[{"taxonomy":"category","embeddable":true,"href":"https:\/\/miradouronoticias.com\/site\/wp-json\/wp\/v2\/categories?post=23689"},{"taxonomy":"post_tag","embeddable":true,"href":"https:\/\/miradouronoticias.com\/site\/wp-json\/wp\/v2\/tags?post=23689"}],"curies":[{"name":"wp","href":"https:\/\/api.w.org\/{rel}","templated":true}]}}