{"id":23685,"date":"2024-05-11T12:54:51","date_gmt":"2024-05-11T15:54:51","guid":{"rendered":"https:\/\/miradouronoticias.com\/site\/?p=23685"},"modified":"2024-05-11T12:54:51","modified_gmt":"2024-05-11T15:54:51","slug":"governo-de-minas-regulamenta-realizacao-excepcional-de-teletrabalho-por-servidores-da-cidade-administrativa","status":"publish","type":"post","link":"https:\/\/miradouronoticias.com\/site\/2024\/05\/11\/governo-de-minas-regulamenta-realizacao-excepcional-de-teletrabalho-por-servidores-da-cidade-administrativa\/","title":{"rendered":"Governo de Minas regulamenta realiza\u00e7\u00e3o excepcional de teletrabalho por servidores da Cidade Administrativa"},"content":{"rendered":"<p><main id=\"content\"><\/p>\n<div class=\"container container-news margin-xs-top-2 margin-xs-bottom-2 margin-sm-top-4 margin-sm-bottom-2\">\n<div class=\"news\">\n<article class=\"clear\"><main class=\"clear margin-md-bottom-3\"><\/p>\n<div class=\"clear \">\n<figure id=\"attachment_23686\" aria-describedby=\"caption-attachment-23686\" style=\"width: 300px\" class=\"wp-caption alignnone\"><img loading=\"lazy\" decoding=\"async\" class=\"size-medium wp-image-23686\" src=\"https:\/\/miradouronoticias.com\/site\/wp-content\/uploads\/2024\/05\/MEV_9140-300x112.jpeg\" alt=\"\" width=\"300\" height=\"112\" srcset=\"https:\/\/miradouronoticias.com\/site\/wp-content\/uploads\/2024\/05\/MEV_9140-300x112.jpeg 300w, https:\/\/miradouronoticias.com\/site\/wp-content\/uploads\/2024\/05\/MEV_9140-768x286.jpeg 768w, https:\/\/miradouronoticias.com\/site\/wp-content\/uploads\/2024\/05\/MEV_9140.jpeg 940w\" sizes=\"auto, (max-width: 300px) 100vw, 300px\" \/><figcaption id=\"caption-attachment-23686\" class=\"wp-caption-text\">RENATO COBUCCI\/IMPRENSA\/MG<\/figcaption><\/figure>\n<p>O\u00a0<a href=\"https:\/\/www.mg.gov.br\/\" target=\"_blank\" rel=\"noopener\">Governo de Minas<\/a>\u00a0publicou, neste s\u00e1bado (11\/5), no\u00a0<a href=\"https:\/\/www.jornalminasgerais.mg.gov.br\/index.php?dataJornal=2024-05-11\" target=\"_blank\" rel=\"noopener\">Di\u00e1rio Oficial de Minas Gerais<\/a>, o Decreto n\u00ba 48.820\/2024, que autoriza em car\u00e1ter excepcional o teletrabalho integral para os servidores em exerc\u00edcio na Cidade Administrativa, em raz\u00e3o da necessidade de interdi\u00e7\u00e3o dos elevadores sociais e privativos dos edif\u00edcios Minas e Gerais.<\/p>\n<p>A medida busca garantir a seguran\u00e7a dos servidores e visitantes que utilizam os equipamentos diariamente, uma vez que em novas per\u00edcias realizadas foram identificadas falhas que podem comprometer o funcionamento, sem preju\u00edzo para a presta\u00e7\u00e3o de servi\u00e7os para os cidad\u00e3os. As atividades dos pr\u00e9dios Tiradentes e Alterosas continuar\u00e3o sendo realizadas normalmente.<\/p>\n<p><strong>Orienta\u00e7\u00f5es<\/strong><\/p>\n<p>O teletrabalho ser\u00e1 realizado pelos servidores que desempenhem atividades compat\u00edveis com a modalidade.<\/p>\n<p>Em caso de convoca\u00e7\u00e3o para comparecimento a reuni\u00f5es ou atividades presenciais, eles dever\u00e3o ser informados pela chefia imediata previamente.<\/p>\n<p>Os servidores poder\u00e3o, tamb\u00e9m, em car\u00e1ter excepcional, requerer ao titular do \u00f3rg\u00e3o de exerc\u00edcio autoriza\u00e7\u00e3o para cumprimento da jornada presencial, mediante assinatura de termo de responsabilidade, em modelo pr\u00f3prio dispon\u00edvel no Sei!MG.<\/p>\n<p>Para acessar a unidade exclusivamente para retirada de documentos ou objetos, tamb\u00e9m ser\u00e1 necess\u00e1rio assinar termo de responsabilidade solicitando autoriza\u00e7\u00e3o \u00e0 chefia imediata.<\/p>\n<p>Os servidores cujas atividades n\u00e3o s\u00e3o compat\u00edveis com a modalidade de teletrabalho dever\u00e3o ter um local de trabalho assegurado para o desempenho de suas atividades em regime presencial no prazo de at\u00e9 15 dias.<\/p>\n<p>Conforme informado nessa sexta-feira (10\/5), eles poder\u00e3o ser realocados para os primeiros andares dos edif\u00edcios Minas ou Gerais, bem como outros pr\u00e9dios da Cidade Administrativa, visando minimizar o deslocamento pelas escadas.<\/p>\n<p>A\u00a0<a href=\"https:\/\/www.mg.gov.br\/planejamento\" target=\"_blank\" rel=\"noopener\">Secretaria de Estado de Planejamento e Gest\u00e3o (Seplag-MG)<\/a>\u00a0ir\u00e1 orientar as Unidades de Recursos Humanos sobre o ponto dos servidores no per\u00edodo.<\/p>\n<p><strong>Atendimento ao cidad\u00e3o<\/strong><\/p>\n<p>Os servi\u00e7os de atendimento ao cidad\u00e3o realizados exclusivamente de forma presencial nos dois edif\u00edcios est\u00e3o sendo avaliados para realoca\u00e7\u00e3o.<\/p>\n<p>O protocolo, que funciona no primeiro andar do pr\u00e9dio Gerais, est\u00e1 mantido. Os demais servi\u00e7os est\u00e3o suspensos temporariamente e ter\u00e3o o funcionamento informado posteriormente.<\/p>\n<p><strong>Reparos<\/strong><\/p>\n<p>Os danos estruturais identificados nos elevadores dos pr\u00e9dios Minas e Gerais, da Cidade Administrativa, s\u00e3o decorrentes da m\u00e1 constru\u00e7\u00e3o dos edif\u00edcios, inaugurados em 2010.<\/p>\n<p>Por meio de per\u00edcias realizadas nas \u00faltimas semanas pelos \u00f3rg\u00e3os de seguran\u00e7a e de infraestrutura do estado, foi constatada a gravidade da situa\u00e7\u00e3o e a necessidade de suspens\u00e3o do uso dos equipamentos em ambos os edif\u00edcios.<\/p>\n<p>Nas pr\u00f3ximas semanas, ser\u00e1 assinado contrato para reparo dos danos estruturais.<\/p>\n<p>A expectativa \u00e9 que os trabalhos durem at\u00e9 o fim do segundo semestre, a depender da log\u00edstica de execu\u00e7\u00e3o do contrato, bem como da identifica\u00e7\u00e3o das reais necessidades de interven\u00e7\u00f5es.<\/p>\n<p>By: Miradouro not\u00edcias.com.br\/ ag\u00eancia Minas<\/p>\n<\/div>\n<p><\/main><\/article>\n<\/div>\n<\/div>\n<p><\/main><\/p>\n","protected":false},"excerpt":{"rendered":"<p>O\u00a0Governo de Minas\u00a0publicou, neste s\u00e1bado (11\/5), no\u00a0Di\u00e1rio Oficial de Minas Gerais, o Decreto n\u00ba 48.820\/2024, que autoriza em car\u00e1ter excepcional o teletrabalho integral para os servidores em exerc\u00edcio na Cidade Administrativa, em raz\u00e3o da necessidade de interdi\u00e7\u00e3o dos elevadores sociais e privativos dos edif\u00edcios Minas e Gerais. A medida busca garantir a seguran\u00e7a dos servidores [&hellip;]<\/p>\n","protected":false},"author":4,"featured_media":0,"comment_status":"open","ping_status":"open","sticky":false,"template":"","format":"standard","meta":{"footnotes":""},"categories":[21],"tags":[],"class_list":["post-23685","post","type-post","status-publish","format-standard","hentry","category-minas-gerais"],"yoast_head":"<!-- This site is optimized with the Yoast SEO plugin v27.2 - https:\/\/yoast.com\/product\/yoast-seo-wordpress\/ -->\n<title>Governo de Minas regulamenta realiza\u00e7\u00e3o excepcional de teletrabalho por servidores da Cidade Administrativa - Miradouro Not\u00edcias<\/title>\n<meta name=\"robots\" content=\"index, follow, max-snippet:-1, max-image-preview:large, max-video-preview:-1\" \/>\n<link rel=\"canonical\" href=\"https:\/\/miradouronoticias.com\/site\/2024\/05\/11\/governo-de-minas-regulamenta-realizacao-excepcional-de-teletrabalho-por-servidores-da-cidade-administrativa\/\" \/>\n<meta property=\"og:locale\" content=\"pt_BR\" \/>\n<meta property=\"og:type\" content=\"article\" \/>\n<meta property=\"og:title\" content=\"Governo de Minas regulamenta realiza\u00e7\u00e3o excepcional de teletrabalho por servidores da Cidade Administrativa - Miradouro Not\u00edcias\" \/>\n<meta property=\"og:description\" content=\"O\u00a0Governo de Minas\u00a0publicou, neste s\u00e1bado (11\/5), no\u00a0Di\u00e1rio Oficial de Minas Gerais, o Decreto n\u00ba 48.820\/2024, que autoriza em car\u00e1ter excepcional o teletrabalho integral para os servidores em exerc\u00edcio na Cidade Administrativa, em raz\u00e3o da necessidade de interdi\u00e7\u00e3o dos elevadores sociais e privativos dos edif\u00edcios Minas e Gerais. A medida busca garantir a seguran\u00e7a dos servidores [&hellip;]\" \/>\n<meta property=\"og:url\" content=\"https:\/\/miradouronoticias.com\/site\/2024\/05\/11\/governo-de-minas-regulamenta-realizacao-excepcional-de-teletrabalho-por-servidores-da-cidade-administrativa\/\" \/>\n<meta property=\"og:site_name\" content=\"Miradouro Not\u00edcias\" \/>\n<meta property=\"article:published_time\" content=\"2024-05-11T15:54:51+00:00\" \/>\n<meta property=\"og:image\" content=\"https:\/\/miradouronoticias.com\/site\/wp-content\/uploads\/2024\/05\/MEV_9140-300x112.jpeg\" \/>\n<meta name=\"author\" content=\"Cl\u00e1udia Olyver\" \/>\n<meta name=\"twitter:card\" content=\"summary_large_image\" \/>\n<meta name=\"twitter:label1\" content=\"Escrito por\" \/>\n\t<meta name=\"twitter:data1\" content=\"Cl\u00e1udia Olyver\" \/>\n\t<meta name=\"twitter:label2\" content=\"Est. tempo de leitura\" \/>\n\t<meta name=\"twitter:data2\" content=\"3 minutos\" \/>\n<script type=\"application\/ld+json\" class=\"yoast-schema-graph\">{\"@context\":\"https:\/\/schema.org\",\"@graph\":[{\"@type\":\"Article\",\"@id\":\"https:\/\/miradouronoticias.com\/site\/2024\/05\/11\/governo-de-minas-regulamenta-realizacao-excepcional-de-teletrabalho-por-servidores-da-cidade-administrativa\/#article\",\"isPartOf\":{\"@id\":\"https:\/\/miradouronoticias.com\/site\/2024\/05\/11\/governo-de-minas-regulamenta-realizacao-excepcional-de-teletrabalho-por-servidores-da-cidade-administrativa\/\"},\"author\":{\"name\":\"Cl\u00e1udia Olyver\",\"@id\":\"https:\/\/miradouronoticias.com\/site\/#\/schema\/person\/73440d8c82222950df86f3e1a16aad3b\"},\"headline\":\"Governo de Minas regulamenta realiza\u00e7\u00e3o excepcional de teletrabalho por servidores da Cidade Administrativa\",\"datePublished\":\"2024-05-11T15:54:51+00:00\",\"mainEntityOfPage\":{\"@id\":\"https:\/\/miradouronoticias.com\/site\/2024\/05\/11\/governo-de-minas-regulamenta-realizacao-excepcional-de-teletrabalho-por-servidores-da-cidade-administrativa\/\"},\"wordCount\":518,\"commentCount\":0,\"publisher\":{\"@id\":\"https:\/\/miradouronoticias.com\/site\/#organization\"},\"image\":{\"@id\":\"https:\/\/miradouronoticias.com\/site\/2024\/05\/11\/governo-de-minas-regulamenta-realizacao-excepcional-de-teletrabalho-por-servidores-da-cidade-administrativa\/#primaryimage\"},\"thumbnailUrl\":\"https:\/\/miradouronoticias.com\/site\/wp-content\/uploads\/2024\/05\/MEV_9140-300x112.jpeg\",\"articleSection\":[\"Minas Gerais\"],\"inLanguage\":\"pt-BR\",\"potentialAction\":[{\"@type\":\"CommentAction\",\"name\":\"Comment\",\"target\":[\"https:\/\/miradouronoticias.com\/site\/2024\/05\/11\/governo-de-minas-regulamenta-realizacao-excepcional-de-teletrabalho-por-servidores-da-cidade-administrativa\/#respond\"]}]},{\"@type\":\"WebPage\",\"@id\":\"https:\/\/miradouronoticias.com\/site\/2024\/05\/11\/governo-de-minas-regulamenta-realizacao-excepcional-de-teletrabalho-por-servidores-da-cidade-administrativa\/\",\"url\":\"https:\/\/miradouronoticias.com\/site\/2024\/05\/11\/governo-de-minas-regulamenta-realizacao-excepcional-de-teletrabalho-por-servidores-da-cidade-administrativa\/\",\"name\":\"Governo de Minas regulamenta realiza\u00e7\u00e3o excepcional de teletrabalho por servidores da Cidade Administrativa - Miradouro Not\u00edcias\",\"isPartOf\":{\"@id\":\"https:\/\/miradouronoticias.com\/site\/#website\"},\"primaryImageOfPage\":{\"@id\":\"https:\/\/miradouronoticias.com\/site\/2024\/05\/11\/governo-de-minas-regulamenta-realizacao-excepcional-de-teletrabalho-por-servidores-da-cidade-administrativa\/#primaryimage\"},\"image\":{\"@id\":\"https:\/\/miradouronoticias.com\/site\/2024\/05\/11\/governo-de-minas-regulamenta-realizacao-excepcional-de-teletrabalho-por-servidores-da-cidade-administrativa\/#primaryimage\"},\"thumbnailUrl\":\"https:\/\/miradouronoticias.com\/site\/wp-content\/uploads\/2024\/05\/MEV_9140-300x112.jpeg\",\"datePublished\":\"2024-05-11T15:54:51+00:00\",\"breadcrumb\":{\"@id\":\"https:\/\/miradouronoticias.com\/site\/2024\/05\/11\/governo-de-minas-regulamenta-realizacao-excepcional-de-teletrabalho-por-servidores-da-cidade-administrativa\/#breadcrumb\"},\"inLanguage\":\"pt-BR\",\"potentialAction\":[{\"@type\":\"ReadAction\",\"target\":[\"https:\/\/miradouronoticias.com\/site\/2024\/05\/11\/governo-de-minas-regulamenta-realizacao-excepcional-de-teletrabalho-por-servidores-da-cidade-administrativa\/\"]}]},{\"@type\":\"ImageObject\",\"inLanguage\":\"pt-BR\",\"@id\":\"https:\/\/miradouronoticias.com\/site\/2024\/05\/11\/governo-de-minas-regulamenta-realizacao-excepcional-de-teletrabalho-por-servidores-da-cidade-administrativa\/#primaryimage\",\"url\":\"https:\/\/miradouronoticias.com\/site\/wp-content\/uploads\/2024\/05\/MEV_9140.jpeg\",\"contentUrl\":\"https:\/\/miradouronoticias.com\/site\/wp-content\/uploads\/2024\/05\/MEV_9140.jpeg\",\"width\":940,\"height\":350,\"caption\":\"RENATO COBUCCI\/IMPRENSA\/MG\"},{\"@type\":\"BreadcrumbList\",\"@id\":\"https:\/\/miradouronoticias.com\/site\/2024\/05\/11\/governo-de-minas-regulamenta-realizacao-excepcional-de-teletrabalho-por-servidores-da-cidade-administrativa\/#breadcrumb\",\"itemListElement\":[{\"@type\":\"ListItem\",\"position\":1,\"name\":\"In\u00edcio\",\"item\":\"https:\/\/miradouronoticias.com\/site\/\"},{\"@type\":\"ListItem\",\"position\":2,\"name\":\"Governo de Minas regulamenta realiza\u00e7\u00e3o excepcional de teletrabalho por servidores da Cidade Administrativa\"}]},{\"@type\":\"WebSite\",\"@id\":\"https:\/\/miradouronoticias.com\/site\/#website\",\"url\":\"https:\/\/miradouronoticias.com\/site\/\",\"name\":\"Miradouro Not\u00edcias\",\"description\":\"Informa\u00e7\u00f5es da cidade e regi\u00e3o\",\"publisher\":{\"@id\":\"https:\/\/miradouronoticias.com\/site\/#organization\"},\"potentialAction\":[{\"@type\":\"SearchAction\",\"target\":{\"@type\":\"EntryPoint\",\"urlTemplate\":\"https:\/\/miradouronoticias.com\/site\/?s={search_term_string}\"},\"query-input\":{\"@type\":\"PropertyValueSpecification\",\"valueRequired\":true,\"valueName\":\"search_term_string\"}}],\"inLanguage\":\"pt-BR\"},{\"@type\":\"Organization\",\"@id\":\"https:\/\/miradouronoticias.com\/site\/#organization\",\"name\":\"Miradouro Not\u00edcias\",\"url\":\"https:\/\/miradouronoticias.com\/site\/\",\"logo\":{\"@type\":\"ImageObject\",\"inLanguage\":\"pt-BR\",\"@id\":\"https:\/\/miradouronoticias.com\/site\/#\/schema\/logo\/image\/\",\"url\":\"https:\/\/miradouronoticias.com\/site\/wp-content\/uploads\/2022\/01\/logomarcamiradouronoticias.png\",\"contentUrl\":\"https:\/\/miradouronoticias.com\/site\/wp-content\/uploads\/2022\/01\/logomarcamiradouronoticias.png\",\"width\":747,\"height\":263,\"caption\":\"Miradouro Not\u00edcias\"},\"image\":{\"@id\":\"https:\/\/miradouronoticias.com\/site\/#\/schema\/logo\/image\/\"}},{\"@type\":\"Person\",\"@id\":\"https:\/\/miradouronoticias.com\/site\/#\/schema\/person\/73440d8c82222950df86f3e1a16aad3b\",\"name\":\"Cl\u00e1udia Olyver\",\"sameAs\":[\"http:\/\/www.miradouronoticias.com\"],\"url\":\"https:\/\/miradouronoticias.com\/site\/author\/claudia\/\"}]}<\/script>\n<!-- \/ Yoast SEO plugin. -->","yoast_head_json":{"title":"Governo de Minas regulamenta realiza\u00e7\u00e3o excepcional de teletrabalho por servidores da Cidade Administrativa - Miradouro Not\u00edcias","robots":{"index":"index","follow":"follow","max-snippet":"max-snippet:-1","max-image-preview":"max-image-preview:large","max-video-preview":"max-video-preview:-1"},"canonical":"https:\/\/miradouronoticias.com\/site\/2024\/05\/11\/governo-de-minas-regulamenta-realizacao-excepcional-de-teletrabalho-por-servidores-da-cidade-administrativa\/","og_locale":"pt_BR","og_type":"article","og_title":"Governo de Minas regulamenta realiza\u00e7\u00e3o excepcional de teletrabalho por servidores da Cidade Administrativa - Miradouro Not\u00edcias","og_description":"O\u00a0Governo de Minas\u00a0publicou, neste s\u00e1bado (11\/5), no\u00a0Di\u00e1rio Oficial de Minas Gerais, o Decreto n\u00ba 48.820\/2024, que autoriza em car\u00e1ter excepcional o teletrabalho integral para os servidores em exerc\u00edcio na Cidade Administrativa, em raz\u00e3o da necessidade de interdi\u00e7\u00e3o dos elevadores sociais e privativos dos edif\u00edcios Minas e Gerais. A medida busca garantir a seguran\u00e7a dos servidores [&hellip;]","og_url":"https:\/\/miradouronoticias.com\/site\/2024\/05\/11\/governo-de-minas-regulamenta-realizacao-excepcional-de-teletrabalho-por-servidores-da-cidade-administrativa\/","og_site_name":"Miradouro Not\u00edcias","article_published_time":"2024-05-11T15:54:51+00:00","og_image":[{"url":"https:\/\/miradouronoticias.com\/site\/wp-content\/uploads\/2024\/05\/MEV_9140-300x112.jpeg","type":"","width":"","height":""}],"author":"Cl\u00e1udia Olyver","twitter_card":"summary_large_image","twitter_misc":{"Escrito por":"Cl\u00e1udia Olyver","Est. tempo de leitura":"3 minutos"},"schema":{"@context":"https:\/\/schema.org","@graph":[{"@type":"Article","@id":"https:\/\/miradouronoticias.com\/site\/2024\/05\/11\/governo-de-minas-regulamenta-realizacao-excepcional-de-teletrabalho-por-servidores-da-cidade-administrativa\/#article","isPartOf":{"@id":"https:\/\/miradouronoticias.com\/site\/2024\/05\/11\/governo-de-minas-regulamenta-realizacao-excepcional-de-teletrabalho-por-servidores-da-cidade-administrativa\/"},"author":{"name":"Cl\u00e1udia Olyver","@id":"https:\/\/miradouronoticias.com\/site\/#\/schema\/person\/73440d8c82222950df86f3e1a16aad3b"},"headline":"Governo de Minas regulamenta realiza\u00e7\u00e3o excepcional de teletrabalho por servidores da Cidade Administrativa","datePublished":"2024-05-11T15:54:51+00:00","mainEntityOfPage":{"@id":"https:\/\/miradouronoticias.com\/site\/2024\/05\/11\/governo-de-minas-regulamenta-realizacao-excepcional-de-teletrabalho-por-servidores-da-cidade-administrativa\/"},"wordCount":518,"commentCount":0,"publisher":{"@id":"https:\/\/miradouronoticias.com\/site\/#organization"},"image":{"@id":"https:\/\/miradouronoticias.com\/site\/2024\/05\/11\/governo-de-minas-regulamenta-realizacao-excepcional-de-teletrabalho-por-servidores-da-cidade-administrativa\/#primaryimage"},"thumbnailUrl":"https:\/\/miradouronoticias.com\/site\/wp-content\/uploads\/2024\/05\/MEV_9140-300x112.jpeg","articleSection":["Minas Gerais"],"inLanguage":"pt-BR","potentialAction":[{"@type":"CommentAction","name":"Comment","target":["https:\/\/miradouronoticias.com\/site\/2024\/05\/11\/governo-de-minas-regulamenta-realizacao-excepcional-de-teletrabalho-por-servidores-da-cidade-administrativa\/#respond"]}]},{"@type":"WebPage","@id":"https:\/\/miradouronoticias.com\/site\/2024\/05\/11\/governo-de-minas-regulamenta-realizacao-excepcional-de-teletrabalho-por-servidores-da-cidade-administrativa\/","url":"https:\/\/miradouronoticias.com\/site\/2024\/05\/11\/governo-de-minas-regulamenta-realizacao-excepcional-de-teletrabalho-por-servidores-da-cidade-administrativa\/","name":"Governo de Minas regulamenta realiza\u00e7\u00e3o excepcional de teletrabalho por servidores da Cidade Administrativa - Miradouro Not\u00edcias","isPartOf":{"@id":"https:\/\/miradouronoticias.com\/site\/#website"},"primaryImageOfPage":{"@id":"https:\/\/miradouronoticias.com\/site\/2024\/05\/11\/governo-de-minas-regulamenta-realizacao-excepcional-de-teletrabalho-por-servidores-da-cidade-administrativa\/#primaryimage"},"image":{"@id":"https:\/\/miradouronoticias.com\/site\/2024\/05\/11\/governo-de-minas-regulamenta-realizacao-excepcional-de-teletrabalho-por-servidores-da-cidade-administrativa\/#primaryimage"},"thumbnailUrl":"https:\/\/miradouronoticias.com\/site\/wp-content\/uploads\/2024\/05\/MEV_9140-300x112.jpeg","datePublished":"2024-05-11T15:54:51+00:00","breadcrumb":{"@id":"https:\/\/miradouronoticias.com\/site\/2024\/05\/11\/governo-de-minas-regulamenta-realizacao-excepcional-de-teletrabalho-por-servidores-da-cidade-administrativa\/#breadcrumb"},"inLanguage":"pt-BR","potentialAction":[{"@type":"ReadAction","target":["https:\/\/miradouronoticias.com\/site\/2024\/05\/11\/governo-de-minas-regulamenta-realizacao-excepcional-de-teletrabalho-por-servidores-da-cidade-administrativa\/"]}]},{"@type":"ImageObject","inLanguage":"pt-BR","@id":"https:\/\/miradouronoticias.com\/site\/2024\/05\/11\/governo-de-minas-regulamenta-realizacao-excepcional-de-teletrabalho-por-servidores-da-cidade-administrativa\/#primaryimage","url":"https:\/\/miradouronoticias.com\/site\/wp-content\/uploads\/2024\/05\/MEV_9140.jpeg","contentUrl":"https:\/\/miradouronoticias.com\/site\/wp-content\/uploads\/2024\/05\/MEV_9140.jpeg","width":940,"height":350,"caption":"RENATO COBUCCI\/IMPRENSA\/MG"},{"@type":"BreadcrumbList","@id":"https:\/\/miradouronoticias.com\/site\/2024\/05\/11\/governo-de-minas-regulamenta-realizacao-excepcional-de-teletrabalho-por-servidores-da-cidade-administrativa\/#breadcrumb","itemListElement":[{"@type":"ListItem","position":1,"name":"In\u00edcio","item":"https:\/\/miradouronoticias.com\/site\/"},{"@type":"ListItem","position":2,"name":"Governo de Minas regulamenta realiza\u00e7\u00e3o excepcional de teletrabalho por servidores da Cidade Administrativa"}]},{"@type":"WebSite","@id":"https:\/\/miradouronoticias.com\/site\/#website","url":"https:\/\/miradouronoticias.com\/site\/","name":"Miradouro Not\u00edcias","description":"Informa\u00e7\u00f5es da cidade e regi\u00e3o","publisher":{"@id":"https:\/\/miradouronoticias.com\/site\/#organization"},"potentialAction":[{"@type":"SearchAction","target":{"@type":"EntryPoint","urlTemplate":"https:\/\/miradouronoticias.com\/site\/?s={search_term_string}"},"query-input":{"@type":"PropertyValueSpecification","valueRequired":true,"valueName":"search_term_string"}}],"inLanguage":"pt-BR"},{"@type":"Organization","@id":"https:\/\/miradouronoticias.com\/site\/#organization","name":"Miradouro Not\u00edcias","url":"https:\/\/miradouronoticias.com\/site\/","logo":{"@type":"ImageObject","inLanguage":"pt-BR","@id":"https:\/\/miradouronoticias.com\/site\/#\/schema\/logo\/image\/","url":"https:\/\/miradouronoticias.com\/site\/wp-content\/uploads\/2022\/01\/logomarcamiradouronoticias.png","contentUrl":"https:\/\/miradouronoticias.com\/site\/wp-content\/uploads\/2022\/01\/logomarcamiradouronoticias.png","width":747,"height":263,"caption":"Miradouro Not\u00edcias"},"image":{"@id":"https:\/\/miradouronoticias.com\/site\/#\/schema\/logo\/image\/"}},{"@type":"Person","@id":"https:\/\/miradouronoticias.com\/site\/#\/schema\/person\/73440d8c82222950df86f3e1a16aad3b","name":"Cl\u00e1udia Olyver","sameAs":["http:\/\/www.miradouronoticias.com"],"url":"https:\/\/miradouronoticias.com\/site\/author\/claudia\/"}]}},"_links":{"self":[{"href":"https:\/\/miradouronoticias.com\/site\/wp-json\/wp\/v2\/posts\/23685","targetHints":{"allow":["GET"]}}],"collection":[{"href":"https:\/\/miradouronoticias.com\/site\/wp-json\/wp\/v2\/posts"}],"about":[{"href":"https:\/\/miradouronoticias.com\/site\/wp-json\/wp\/v2\/types\/post"}],"author":[{"embeddable":true,"href":"https:\/\/miradouronoticias.com\/site\/wp-json\/wp\/v2\/users\/4"}],"replies":[{"embeddable":true,"href":"https:\/\/miradouronoticias.com\/site\/wp-json\/wp\/v2\/comments?post=23685"}],"version-history":[{"count":1,"href":"https:\/\/miradouronoticias.com\/site\/wp-json\/wp\/v2\/posts\/23685\/revisions"}],"predecessor-version":[{"id":23687,"href":"https:\/\/miradouronoticias.com\/site\/wp-json\/wp\/v2\/posts\/23685\/revisions\/23687"}],"wp:attachment":[{"href":"https:\/\/miradouronoticias.com\/site\/wp-json\/wp\/v2\/media?parent=23685"}],"wp:term":[{"taxonomy":"category","embeddable":true,"href":"https:\/\/miradouronoticias.com\/site\/wp-json\/wp\/v2\/categories?post=23685"},{"taxonomy":"post_tag","embeddable":true,"href":"https:\/\/miradouronoticias.com\/site\/wp-json\/wp\/v2\/tags?post=23685"}],"curies":[{"name":"wp","href":"https:\/\/api.w.org\/{rel}","templated":true}]}}