{"id":23639,"date":"2024-05-07T15:44:15","date_gmt":"2024-05-07T18:44:15","guid":{"rendered":"https:\/\/miradouronoticias.com\/site\/?p=23639"},"modified":"2024-05-07T15:44:15","modified_gmt":"2024-05-07T18:44:15","slug":"governo-de-minas-e-bdmg-lancam-linha-credito-para-crescer-com-taxa-reduzida-para-micro-e-pequenas-empresas","status":"publish","type":"post","link":"https:\/\/miradouronoticias.com\/site\/2024\/05\/07\/governo-de-minas-e-bdmg-lancam-linha-credito-para-crescer-com-taxa-reduzida-para-micro-e-pequenas-empresas\/","title":{"rendered":"Governo de Minas e BDMG lan\u00e7am linha \u201cCr\u00e9dito para Crescer\u201d com taxa reduzida para micro e pequenas empresas"},"content":{"rendered":"<p><main id=\"content\"><\/p>\n<div class=\"container container-news margin-xs-top-2 margin-xs-bottom-2 margin-sm-top-4 margin-sm-bottom-2\">\n<div class=\"news\">\n<article class=\"clear\"><main class=\"clear margin-md-bottom-3\"><\/p>\n<div class=\"news-image \/ margin-xs-bottom-1 margin-sm-bottom-2 margin-md-bottom-3\">\n<div class=\"news-share margin-md-bottom-5 margin-top-1 \/ overflow-hidden\">\n<p><img loading=\"lazy\" decoding=\"async\" class=\"alignnone size-medium wp-image-23640\" src=\"https:\/\/miradouronoticias.com\/site\/wp-content\/uploads\/2024\/05\/topo_materia_Sede_1-300x112.jpg\" alt=\"\" width=\"300\" height=\"112\" srcset=\"https:\/\/miradouronoticias.com\/site\/wp-content\/uploads\/2024\/05\/topo_materia_Sede_1-300x112.jpg 300w, https:\/\/miradouronoticias.com\/site\/wp-content\/uploads\/2024\/05\/topo_materia_Sede_1-768x286.jpg 768w, https:\/\/miradouronoticias.com\/site\/wp-content\/uploads\/2024\/05\/topo_materia_Sede_1.jpg 940w\" sizes=\"auto, (max-width: 300px) 100vw, 300px\" \/><\/p>\n<\/div>\n<\/div>\n<div class=\"clear \">\n<p>&nbsp;<\/p>\n<p>O<a href=\"https:\/\/www.mg.gov.br\/\">\u00a0Governo de Minas\u00a0<\/a>e<a href=\"https:\/\/www.bdmg.mg.gov.br\/\">\u00a0Banco de Desenvolvimento de Minas Gerais (BDMG)<\/a>\u00a0anunciaram nesta ter\u00e7a-feira (7\/5), durante a 1\u00aa edi\u00e7\u00e3o do evento Conex\u00e3o Minas Livre, a cria\u00e7\u00e3o da linha \u201cBDMG Cr\u00e9dito para Crescer\u201d, destinada a micro e pequenas empresas localizadas nos munic\u00edpios que est\u00e3o no grau intermedi\u00e1rio do programa\u00a0<a href=\"https:\/\/www.desenvolvimento.mg.gov.br\/inicio\/projetos\/projeto\/1142\">Minas Livre para Crescer<\/a>, desenvolvido pela<a href=\"https:\/\/www.desenvolvimento.mg.gov.br\/\">\u00a0Secretaria de Estado de Desenvolvimento Econ\u00f4mico (Sede-MG)<\/a>.<\/p>\n<p>Os empres\u00e1rios dessas localidades ter\u00e3o acesso a taxas reduzidas de financiamento &#8211; 5,75% ao ano + Selic, prazo de 48 meses para pagar, sendo 12 meses de car\u00eancia \u2013 para reforma, capital de giro, pagamento de d\u00edvidas, compra de equipamentos, entre outras iniciativas.<\/p>\n<p>O objetivo do banco e da Sede-MG com a nova linha de cr\u00e9dito \u00e9 apoiar as empresas de menor porte e, assim, impulsionar a gera\u00e7\u00e3o de emprego e renda nesses locais, afinal, conforme dados do Sebrae, em 2023, 80% das vagas com carteira assinada do pa\u00eds foram geradas pelos pequenos neg\u00f3cios. Al\u00e9m disso, \u00e9 uma forma de incentivar que as prefeituras avancem nas pol\u00edticas voltadas \u00e0 liberdade econ\u00f4mica, como a dispensa de alvar\u00e1s para atividades.<\/p>\n<p>&nbsp;<\/p>\n<p dir=\"ltr\">\u201cQueremos contribuir para que as micro e pequenas empresas sejam pr\u00f3speras e tenham longevidade. Essa linha tem potencial para impactar as cidades como um todo, principalmente no interior, impulsionando o com\u00e9rcio local, gerando oportunidades e renda para a popula\u00e7\u00e3o em todas as regi\u00f5es do Estado\u201d, afirma o presidente em exerc\u00edcio do BDMG, Ant\u00f4nio Claret J\u00fanior.<\/p>\n<p dir=\"ltr\">Ainda segundo Claret, a linha \u201cBDMG Livre para Crescer\u201d fortalece a proposta do Governo de Minas de simplificar a burocracia nas atividades econ\u00f4micas, visando facilitar o processo de abertura de empresas no Estado, aumentar a competitividade dos empreendimentos mineiros, atrair novos investimentos e otimizar a atividade do governo municipal.<\/p>\n<p dir=\"ltr\"><strong>Minas Livre Para Crescer<\/strong><\/p>\n<p dir=\"ltr\">O programa Minas Livre Para Crescer foi criado em 2019 e prop\u00f5e a redu\u00e7\u00e3o da burocracia no estado por meio da ades\u00e3o dos munic\u00edpios \u00e0 legisla\u00e7\u00e3o de Liberdade Econ\u00f4mica. At\u00e9 este m\u00eas, 442 prefeituras j\u00e1 publicaram atos normativos aderindo \u00e0 iniciativa, o que representa mais da metade do estado, impactando na vida de mais de 11 milh\u00f5es de habitantes. O desafio, agora, \u00e9 que as cidades que j\u00e1 come\u00e7aram a adotar as medidas avancem dentro dos patamares de maturidade da iniciativa.<\/p>\n<p dir=\"ltr\">Os dados da Sede-MG, como aponta o secret\u00e1rio de Estado de Desenvolvimento Econ\u00f4mico, Fernando Passalio, mostram o potencial do programa. \u201cDos mais de 140 mil empregos gerados no Estado em 2023, 56% foram em munic\u00edpios que adotaram essas medidas. Al\u00e9m disso, entre as 100 cidades mineiras que mais criaram postos de trabalho no ano passado, 66 implementaram pol\u00edticas de liberdade econ\u00f4mica. Nossa expectativa \u00e9 de que esses n\u00fameros melhorem quanto mais os munic\u00edpios avan\u00e7arem o grau de maturidade no Minas Livre Para Crescer&#8221;, afirma Passalio.<\/p>\n<p dir=\"ltr\">Considerando os dez munic\u00edpios de pequeno porte (com at\u00e9 50 mil habitantes) que mais contribu\u00edram para a gera\u00e7\u00e3o de empregos em Minas Gerais no ano anterior, nove adotaram essas regulamenta\u00e7\u00f5es. Outra vantagem \u00e9 que, onde o programa foi implementado, o tempo m\u00e9dio de viabilidade de empresas reduziu para 23 horas.<\/p>\n<p dir=\"ltr\"><strong>Segunda fase<\/strong><\/p>\n<p dir=\"ltr\">Os munic\u00edpios que j\u00e1 avan\u00e7aram para o grau intermedi\u00e1rio do Minas Livre para Crescer passam a integrar o\u00a0<a href=\"https:\/\/jucemg.mg.gov.br\/redesimmaislivre\/\">Redesim + Livre<\/a>, iniciativa da Sede-MG em parceria com a<a href=\"https:\/\/jucemg.mg.gov.br\/\">\u00a0Junta Comercial do Estado de Minas Gerais (Jucemg)<\/a>. Por meio dessa plataforma, as prefeituras conseguem automatizar todas as etapas de legaliza\u00e7\u00e3o de empresas, no \u00e2mbito municipal, para empreendimentos de baixo e m\u00e9dio risco.<\/p>\n<p dir=\"ltr\">Desde a implanta\u00e7\u00e3o do Minas Livre, o Governo j\u00e1 ampliou para 730 o n\u00famero de atividades classificadas como de baixo risco e, por isso, dispensadas de alvar\u00e1 de funcionamento para iniciar as opera\u00e7\u00f5es.<\/p>\n<\/div>\n<p><\/main><\/article>\n<\/div>\n<\/div>\n<p><\/main><\/p>\n","protected":false},"excerpt":{"rendered":"<p>&nbsp; O\u00a0Governo de Minas\u00a0e\u00a0Banco de Desenvolvimento de Minas Gerais (BDMG)\u00a0anunciaram nesta ter\u00e7a-feira (7\/5), durante a 1\u00aa edi\u00e7\u00e3o do evento Conex\u00e3o Minas Livre, a cria\u00e7\u00e3o da linha \u201cBDMG Cr\u00e9dito para Crescer\u201d, destinada a micro e pequenas empresas localizadas nos munic\u00edpios que est\u00e3o no grau intermedi\u00e1rio do programa\u00a0Minas Livre para Crescer, desenvolvido pela\u00a0Secretaria de Estado de Desenvolvimento [&hellip;]<\/p>\n","protected":false},"author":4,"featured_media":23640,"comment_status":"open","ping_status":"open","sticky":false,"template":"","format":"standard","meta":{"footnotes":""},"categories":[21],"tags":[],"class_list":["post-23639","post","type-post","status-publish","format-standard","has-post-thumbnail","hentry","category-minas-gerais"],"yoast_head":"<!-- This site is optimized with the Yoast SEO plugin v27.2 - https:\/\/yoast.com\/product\/yoast-seo-wordpress\/ -->\n<title>Governo de Minas e BDMG lan\u00e7am linha \u201cCr\u00e9dito para Crescer\u201d com taxa reduzida para micro e pequenas empresas - Miradouro Not\u00edcias<\/title>\n<meta name=\"robots\" content=\"index, follow, max-snippet:-1, max-image-preview:large, max-video-preview:-1\" \/>\n<link rel=\"canonical\" href=\"https:\/\/miradouronoticias.com\/site\/2024\/05\/07\/governo-de-minas-e-bdmg-lancam-linha-credito-para-crescer-com-taxa-reduzida-para-micro-e-pequenas-empresas\/\" \/>\n<meta property=\"og:locale\" content=\"pt_BR\" \/>\n<meta property=\"og:type\" content=\"article\" \/>\n<meta property=\"og:title\" content=\"Governo de Minas e BDMG lan\u00e7am linha \u201cCr\u00e9dito para Crescer\u201d com taxa reduzida para micro e pequenas empresas - Miradouro Not\u00edcias\" \/>\n<meta property=\"og:description\" content=\"&nbsp; O\u00a0Governo de Minas\u00a0e\u00a0Banco de Desenvolvimento de Minas Gerais (BDMG)\u00a0anunciaram nesta ter\u00e7a-feira (7\/5), durante a 1\u00aa edi\u00e7\u00e3o do evento Conex\u00e3o Minas Livre, a cria\u00e7\u00e3o da linha \u201cBDMG Cr\u00e9dito para Crescer\u201d, destinada a micro e pequenas empresas localizadas nos munic\u00edpios que est\u00e3o no grau intermedi\u00e1rio do programa\u00a0Minas Livre para Crescer, desenvolvido pela\u00a0Secretaria de Estado de Desenvolvimento [&hellip;]\" \/>\n<meta property=\"og:url\" content=\"https:\/\/miradouronoticias.com\/site\/2024\/05\/07\/governo-de-minas-e-bdmg-lancam-linha-credito-para-crescer-com-taxa-reduzida-para-micro-e-pequenas-empresas\/\" \/>\n<meta property=\"og:site_name\" content=\"Miradouro Not\u00edcias\" \/>\n<meta property=\"article:published_time\" content=\"2024-05-07T18:44:15+00:00\" \/>\n<meta property=\"og:image\" content=\"https:\/\/miradouronoticias.com\/site\/wp-content\/uploads\/2024\/05\/topo_materia_Sede_1.jpg\" \/>\n\t<meta property=\"og:image:width\" content=\"940\" \/>\n\t<meta property=\"og:image:height\" content=\"350\" \/>\n\t<meta property=\"og:image:type\" content=\"image\/jpeg\" \/>\n<meta name=\"author\" content=\"Cl\u00e1udia Olyver\" \/>\n<meta name=\"twitter:card\" content=\"summary_large_image\" \/>\n<meta name=\"twitter:label1\" content=\"Escrito por\" \/>\n\t<meta name=\"twitter:data1\" content=\"Cl\u00e1udia Olyver\" \/>\n\t<meta name=\"twitter:label2\" content=\"Est. tempo de leitura\" \/>\n\t<meta name=\"twitter:data2\" content=\"4 minutos\" \/>\n<script type=\"application\/ld+json\" class=\"yoast-schema-graph\">{\"@context\":\"https:\/\/schema.org\",\"@graph\":[{\"@type\":\"Article\",\"@id\":\"https:\/\/miradouronoticias.com\/site\/2024\/05\/07\/governo-de-minas-e-bdmg-lancam-linha-credito-para-crescer-com-taxa-reduzida-para-micro-e-pequenas-empresas\/#article\",\"isPartOf\":{\"@id\":\"https:\/\/miradouronoticias.com\/site\/2024\/05\/07\/governo-de-minas-e-bdmg-lancam-linha-credito-para-crescer-com-taxa-reduzida-para-micro-e-pequenas-empresas\/\"},\"author\":{\"name\":\"Cl\u00e1udia Olyver\",\"@id\":\"https:\/\/miradouronoticias.com\/site\/#\/schema\/person\/73440d8c82222950df86f3e1a16aad3b\"},\"headline\":\"Governo de Minas e BDMG lan\u00e7am linha \u201cCr\u00e9dito para Crescer\u201d com taxa reduzida para micro e pequenas empresas\",\"datePublished\":\"2024-05-07T18:44:15+00:00\",\"mainEntityOfPage\":{\"@id\":\"https:\/\/miradouronoticias.com\/site\/2024\/05\/07\/governo-de-minas-e-bdmg-lancam-linha-credito-para-crescer-com-taxa-reduzida-para-micro-e-pequenas-empresas\/\"},\"wordCount\":653,\"commentCount\":0,\"publisher\":{\"@id\":\"https:\/\/miradouronoticias.com\/site\/#organization\"},\"image\":{\"@id\":\"https:\/\/miradouronoticias.com\/site\/2024\/05\/07\/governo-de-minas-e-bdmg-lancam-linha-credito-para-crescer-com-taxa-reduzida-para-micro-e-pequenas-empresas\/#primaryimage\"},\"thumbnailUrl\":\"https:\/\/miradouronoticias.com\/site\/wp-content\/uploads\/2024\/05\/topo_materia_Sede_1.jpg\",\"articleSection\":[\"Minas Gerais\"],\"inLanguage\":\"pt-BR\",\"potentialAction\":[{\"@type\":\"CommentAction\",\"name\":\"Comment\",\"target\":[\"https:\/\/miradouronoticias.com\/site\/2024\/05\/07\/governo-de-minas-e-bdmg-lancam-linha-credito-para-crescer-com-taxa-reduzida-para-micro-e-pequenas-empresas\/#respond\"]}]},{\"@type\":\"WebPage\",\"@id\":\"https:\/\/miradouronoticias.com\/site\/2024\/05\/07\/governo-de-minas-e-bdmg-lancam-linha-credito-para-crescer-com-taxa-reduzida-para-micro-e-pequenas-empresas\/\",\"url\":\"https:\/\/miradouronoticias.com\/site\/2024\/05\/07\/governo-de-minas-e-bdmg-lancam-linha-credito-para-crescer-com-taxa-reduzida-para-micro-e-pequenas-empresas\/\",\"name\":\"Governo de Minas e BDMG lan\u00e7am linha \u201cCr\u00e9dito para Crescer\u201d com taxa reduzida para micro e pequenas empresas - Miradouro Not\u00edcias\",\"isPartOf\":{\"@id\":\"https:\/\/miradouronoticias.com\/site\/#website\"},\"primaryImageOfPage\":{\"@id\":\"https:\/\/miradouronoticias.com\/site\/2024\/05\/07\/governo-de-minas-e-bdmg-lancam-linha-credito-para-crescer-com-taxa-reduzida-para-micro-e-pequenas-empresas\/#primaryimage\"},\"image\":{\"@id\":\"https:\/\/miradouronoticias.com\/site\/2024\/05\/07\/governo-de-minas-e-bdmg-lancam-linha-credito-para-crescer-com-taxa-reduzida-para-micro-e-pequenas-empresas\/#primaryimage\"},\"thumbnailUrl\":\"https:\/\/miradouronoticias.com\/site\/wp-content\/uploads\/2024\/05\/topo_materia_Sede_1.jpg\",\"datePublished\":\"2024-05-07T18:44:15+00:00\",\"breadcrumb\":{\"@id\":\"https:\/\/miradouronoticias.com\/site\/2024\/05\/07\/governo-de-minas-e-bdmg-lancam-linha-credito-para-crescer-com-taxa-reduzida-para-micro-e-pequenas-empresas\/#breadcrumb\"},\"inLanguage\":\"pt-BR\",\"potentialAction\":[{\"@type\":\"ReadAction\",\"target\":[\"https:\/\/miradouronoticias.com\/site\/2024\/05\/07\/governo-de-minas-e-bdmg-lancam-linha-credito-para-crescer-com-taxa-reduzida-para-micro-e-pequenas-empresas\/\"]}]},{\"@type\":\"ImageObject\",\"inLanguage\":\"pt-BR\",\"@id\":\"https:\/\/miradouronoticias.com\/site\/2024\/05\/07\/governo-de-minas-e-bdmg-lancam-linha-credito-para-crescer-com-taxa-reduzida-para-micro-e-pequenas-empresas\/#primaryimage\",\"url\":\"https:\/\/miradouronoticias.com\/site\/wp-content\/uploads\/2024\/05\/topo_materia_Sede_1.jpg\",\"contentUrl\":\"https:\/\/miradouronoticias.com\/site\/wp-content\/uploads\/2024\/05\/topo_materia_Sede_1.jpg\",\"width\":940,\"height\":350},{\"@type\":\"BreadcrumbList\",\"@id\":\"https:\/\/miradouronoticias.com\/site\/2024\/05\/07\/governo-de-minas-e-bdmg-lancam-linha-credito-para-crescer-com-taxa-reduzida-para-micro-e-pequenas-empresas\/#breadcrumb\",\"itemListElement\":[{\"@type\":\"ListItem\",\"position\":1,\"name\":\"In\u00edcio\",\"item\":\"https:\/\/miradouronoticias.com\/site\/\"},{\"@type\":\"ListItem\",\"position\":2,\"name\":\"Governo de Minas e BDMG lan\u00e7am linha \u201cCr\u00e9dito para Crescer\u201d com taxa reduzida para micro e pequenas empresas\"}]},{\"@type\":\"WebSite\",\"@id\":\"https:\/\/miradouronoticias.com\/site\/#website\",\"url\":\"https:\/\/miradouronoticias.com\/site\/\",\"name\":\"Miradouro Not\u00edcias\",\"description\":\"Informa\u00e7\u00f5es da cidade e regi\u00e3o\",\"publisher\":{\"@id\":\"https:\/\/miradouronoticias.com\/site\/#organization\"},\"potentialAction\":[{\"@type\":\"SearchAction\",\"target\":{\"@type\":\"EntryPoint\",\"urlTemplate\":\"https:\/\/miradouronoticias.com\/site\/?s={search_term_string}\"},\"query-input\":{\"@type\":\"PropertyValueSpecification\",\"valueRequired\":true,\"valueName\":\"search_term_string\"}}],\"inLanguage\":\"pt-BR\"},{\"@type\":\"Organization\",\"@id\":\"https:\/\/miradouronoticias.com\/site\/#organization\",\"name\":\"Miradouro Not\u00edcias\",\"url\":\"https:\/\/miradouronoticias.com\/site\/\",\"logo\":{\"@type\":\"ImageObject\",\"inLanguage\":\"pt-BR\",\"@id\":\"https:\/\/miradouronoticias.com\/site\/#\/schema\/logo\/image\/\",\"url\":\"https:\/\/miradouronoticias.com\/site\/wp-content\/uploads\/2022\/01\/logomarcamiradouronoticias.png\",\"contentUrl\":\"https:\/\/miradouronoticias.com\/site\/wp-content\/uploads\/2022\/01\/logomarcamiradouronoticias.png\",\"width\":747,\"height\":263,\"caption\":\"Miradouro Not\u00edcias\"},\"image\":{\"@id\":\"https:\/\/miradouronoticias.com\/site\/#\/schema\/logo\/image\/\"}},{\"@type\":\"Person\",\"@id\":\"https:\/\/miradouronoticias.com\/site\/#\/schema\/person\/73440d8c82222950df86f3e1a16aad3b\",\"name\":\"Cl\u00e1udia Olyver\",\"sameAs\":[\"http:\/\/www.miradouronoticias.com\"],\"url\":\"https:\/\/miradouronoticias.com\/site\/author\/claudia\/\"}]}<\/script>\n<!-- \/ Yoast SEO plugin. -->","yoast_head_json":{"title":"Governo de Minas e BDMG lan\u00e7am linha \u201cCr\u00e9dito para Crescer\u201d com taxa reduzida para micro e pequenas empresas - Miradouro Not\u00edcias","robots":{"index":"index","follow":"follow","max-snippet":"max-snippet:-1","max-image-preview":"max-image-preview:large","max-video-preview":"max-video-preview:-1"},"canonical":"https:\/\/miradouronoticias.com\/site\/2024\/05\/07\/governo-de-minas-e-bdmg-lancam-linha-credito-para-crescer-com-taxa-reduzida-para-micro-e-pequenas-empresas\/","og_locale":"pt_BR","og_type":"article","og_title":"Governo de Minas e BDMG lan\u00e7am linha \u201cCr\u00e9dito para Crescer\u201d com taxa reduzida para micro e pequenas empresas - Miradouro Not\u00edcias","og_description":"&nbsp; O\u00a0Governo de Minas\u00a0e\u00a0Banco de Desenvolvimento de Minas Gerais (BDMG)\u00a0anunciaram nesta ter\u00e7a-feira (7\/5), durante a 1\u00aa edi\u00e7\u00e3o do evento Conex\u00e3o Minas Livre, a cria\u00e7\u00e3o da linha \u201cBDMG Cr\u00e9dito para Crescer\u201d, destinada a micro e pequenas empresas localizadas nos munic\u00edpios que est\u00e3o no grau intermedi\u00e1rio do programa\u00a0Minas Livre para Crescer, desenvolvido pela\u00a0Secretaria de Estado de Desenvolvimento [&hellip;]","og_url":"https:\/\/miradouronoticias.com\/site\/2024\/05\/07\/governo-de-minas-e-bdmg-lancam-linha-credito-para-crescer-com-taxa-reduzida-para-micro-e-pequenas-empresas\/","og_site_name":"Miradouro Not\u00edcias","article_published_time":"2024-05-07T18:44:15+00:00","og_image":[{"width":940,"height":350,"url":"https:\/\/miradouronoticias.com\/site\/wp-content\/uploads\/2024\/05\/topo_materia_Sede_1.jpg","type":"image\/jpeg"}],"author":"Cl\u00e1udia Olyver","twitter_card":"summary_large_image","twitter_misc":{"Escrito por":"Cl\u00e1udia Olyver","Est. tempo de leitura":"4 minutos"},"schema":{"@context":"https:\/\/schema.org","@graph":[{"@type":"Article","@id":"https:\/\/miradouronoticias.com\/site\/2024\/05\/07\/governo-de-minas-e-bdmg-lancam-linha-credito-para-crescer-com-taxa-reduzida-para-micro-e-pequenas-empresas\/#article","isPartOf":{"@id":"https:\/\/miradouronoticias.com\/site\/2024\/05\/07\/governo-de-minas-e-bdmg-lancam-linha-credito-para-crescer-com-taxa-reduzida-para-micro-e-pequenas-empresas\/"},"author":{"name":"Cl\u00e1udia Olyver","@id":"https:\/\/miradouronoticias.com\/site\/#\/schema\/person\/73440d8c82222950df86f3e1a16aad3b"},"headline":"Governo de Minas e BDMG lan\u00e7am linha \u201cCr\u00e9dito para Crescer\u201d com taxa reduzida para micro e pequenas empresas","datePublished":"2024-05-07T18:44:15+00:00","mainEntityOfPage":{"@id":"https:\/\/miradouronoticias.com\/site\/2024\/05\/07\/governo-de-minas-e-bdmg-lancam-linha-credito-para-crescer-com-taxa-reduzida-para-micro-e-pequenas-empresas\/"},"wordCount":653,"commentCount":0,"publisher":{"@id":"https:\/\/miradouronoticias.com\/site\/#organization"},"image":{"@id":"https:\/\/miradouronoticias.com\/site\/2024\/05\/07\/governo-de-minas-e-bdmg-lancam-linha-credito-para-crescer-com-taxa-reduzida-para-micro-e-pequenas-empresas\/#primaryimage"},"thumbnailUrl":"https:\/\/miradouronoticias.com\/site\/wp-content\/uploads\/2024\/05\/topo_materia_Sede_1.jpg","articleSection":["Minas Gerais"],"inLanguage":"pt-BR","potentialAction":[{"@type":"CommentAction","name":"Comment","target":["https:\/\/miradouronoticias.com\/site\/2024\/05\/07\/governo-de-minas-e-bdmg-lancam-linha-credito-para-crescer-com-taxa-reduzida-para-micro-e-pequenas-empresas\/#respond"]}]},{"@type":"WebPage","@id":"https:\/\/miradouronoticias.com\/site\/2024\/05\/07\/governo-de-minas-e-bdmg-lancam-linha-credito-para-crescer-com-taxa-reduzida-para-micro-e-pequenas-empresas\/","url":"https:\/\/miradouronoticias.com\/site\/2024\/05\/07\/governo-de-minas-e-bdmg-lancam-linha-credito-para-crescer-com-taxa-reduzida-para-micro-e-pequenas-empresas\/","name":"Governo de Minas e BDMG lan\u00e7am linha \u201cCr\u00e9dito para Crescer\u201d com taxa reduzida para micro e pequenas empresas - Miradouro Not\u00edcias","isPartOf":{"@id":"https:\/\/miradouronoticias.com\/site\/#website"},"primaryImageOfPage":{"@id":"https:\/\/miradouronoticias.com\/site\/2024\/05\/07\/governo-de-minas-e-bdmg-lancam-linha-credito-para-crescer-com-taxa-reduzida-para-micro-e-pequenas-empresas\/#primaryimage"},"image":{"@id":"https:\/\/miradouronoticias.com\/site\/2024\/05\/07\/governo-de-minas-e-bdmg-lancam-linha-credito-para-crescer-com-taxa-reduzida-para-micro-e-pequenas-empresas\/#primaryimage"},"thumbnailUrl":"https:\/\/miradouronoticias.com\/site\/wp-content\/uploads\/2024\/05\/topo_materia_Sede_1.jpg","datePublished":"2024-05-07T18:44:15+00:00","breadcrumb":{"@id":"https:\/\/miradouronoticias.com\/site\/2024\/05\/07\/governo-de-minas-e-bdmg-lancam-linha-credito-para-crescer-com-taxa-reduzida-para-micro-e-pequenas-empresas\/#breadcrumb"},"inLanguage":"pt-BR","potentialAction":[{"@type":"ReadAction","target":["https:\/\/miradouronoticias.com\/site\/2024\/05\/07\/governo-de-minas-e-bdmg-lancam-linha-credito-para-crescer-com-taxa-reduzida-para-micro-e-pequenas-empresas\/"]}]},{"@type":"ImageObject","inLanguage":"pt-BR","@id":"https:\/\/miradouronoticias.com\/site\/2024\/05\/07\/governo-de-minas-e-bdmg-lancam-linha-credito-para-crescer-com-taxa-reduzida-para-micro-e-pequenas-empresas\/#primaryimage","url":"https:\/\/miradouronoticias.com\/site\/wp-content\/uploads\/2024\/05\/topo_materia_Sede_1.jpg","contentUrl":"https:\/\/miradouronoticias.com\/site\/wp-content\/uploads\/2024\/05\/topo_materia_Sede_1.jpg","width":940,"height":350},{"@type":"BreadcrumbList","@id":"https:\/\/miradouronoticias.com\/site\/2024\/05\/07\/governo-de-minas-e-bdmg-lancam-linha-credito-para-crescer-com-taxa-reduzida-para-micro-e-pequenas-empresas\/#breadcrumb","itemListElement":[{"@type":"ListItem","position":1,"name":"In\u00edcio","item":"https:\/\/miradouronoticias.com\/site\/"},{"@type":"ListItem","position":2,"name":"Governo de Minas e BDMG lan\u00e7am linha \u201cCr\u00e9dito para Crescer\u201d com taxa reduzida para micro e pequenas empresas"}]},{"@type":"WebSite","@id":"https:\/\/miradouronoticias.com\/site\/#website","url":"https:\/\/miradouronoticias.com\/site\/","name":"Miradouro Not\u00edcias","description":"Informa\u00e7\u00f5es da cidade e regi\u00e3o","publisher":{"@id":"https:\/\/miradouronoticias.com\/site\/#organization"},"potentialAction":[{"@type":"SearchAction","target":{"@type":"EntryPoint","urlTemplate":"https:\/\/miradouronoticias.com\/site\/?s={search_term_string}"},"query-input":{"@type":"PropertyValueSpecification","valueRequired":true,"valueName":"search_term_string"}}],"inLanguage":"pt-BR"},{"@type":"Organization","@id":"https:\/\/miradouronoticias.com\/site\/#organization","name":"Miradouro Not\u00edcias","url":"https:\/\/miradouronoticias.com\/site\/","logo":{"@type":"ImageObject","inLanguage":"pt-BR","@id":"https:\/\/miradouronoticias.com\/site\/#\/schema\/logo\/image\/","url":"https:\/\/miradouronoticias.com\/site\/wp-content\/uploads\/2022\/01\/logomarcamiradouronoticias.png","contentUrl":"https:\/\/miradouronoticias.com\/site\/wp-content\/uploads\/2022\/01\/logomarcamiradouronoticias.png","width":747,"height":263,"caption":"Miradouro Not\u00edcias"},"image":{"@id":"https:\/\/miradouronoticias.com\/site\/#\/schema\/logo\/image\/"}},{"@type":"Person","@id":"https:\/\/miradouronoticias.com\/site\/#\/schema\/person\/73440d8c82222950df86f3e1a16aad3b","name":"Cl\u00e1udia Olyver","sameAs":["http:\/\/www.miradouronoticias.com"],"url":"https:\/\/miradouronoticias.com\/site\/author\/claudia\/"}]}},"_links":{"self":[{"href":"https:\/\/miradouronoticias.com\/site\/wp-json\/wp\/v2\/posts\/23639","targetHints":{"allow":["GET"]}}],"collection":[{"href":"https:\/\/miradouronoticias.com\/site\/wp-json\/wp\/v2\/posts"}],"about":[{"href":"https:\/\/miradouronoticias.com\/site\/wp-json\/wp\/v2\/types\/post"}],"author":[{"embeddable":true,"href":"https:\/\/miradouronoticias.com\/site\/wp-json\/wp\/v2\/users\/4"}],"replies":[{"embeddable":true,"href":"https:\/\/miradouronoticias.com\/site\/wp-json\/wp\/v2\/comments?post=23639"}],"version-history":[{"count":1,"href":"https:\/\/miradouronoticias.com\/site\/wp-json\/wp\/v2\/posts\/23639\/revisions"}],"predecessor-version":[{"id":23641,"href":"https:\/\/miradouronoticias.com\/site\/wp-json\/wp\/v2\/posts\/23639\/revisions\/23641"}],"wp:featuredmedia":[{"embeddable":true,"href":"https:\/\/miradouronoticias.com\/site\/wp-json\/wp\/v2\/media\/23640"}],"wp:attachment":[{"href":"https:\/\/miradouronoticias.com\/site\/wp-json\/wp\/v2\/media?parent=23639"}],"wp:term":[{"taxonomy":"category","embeddable":true,"href":"https:\/\/miradouronoticias.com\/site\/wp-json\/wp\/v2\/categories?post=23639"},{"taxonomy":"post_tag","embeddable":true,"href":"https:\/\/miradouronoticias.com\/site\/wp-json\/wp\/v2\/tags?post=23639"}],"curies":[{"name":"wp","href":"https:\/\/api.w.org\/{rel}","templated":true}]}}