{"id":23450,"date":"2024-04-26T06:45:41","date_gmt":"2024-04-26T09:45:41","guid":{"rendered":"https:\/\/miradouronoticias.com\/site\/?p=23450"},"modified":"2024-04-26T06:45:41","modified_gmt":"2024-04-26T09:45:41","slug":"governo-reajusta-em-52-auxilio-alimentacao-de-servidores-federais","status":"publish","type":"post","link":"https:\/\/miradouronoticias.com\/site\/2024\/04\/26\/governo-reajusta-em-52-auxilio-alimentacao-de-servidores-federais\/","title":{"rendered":"Governo reajusta em 52% aux\u00edlio-alimenta\u00e7\u00e3o de servidores federais"},"content":{"rendered":"<p><img loading=\"lazy\" decoding=\"async\" class=\"alignnone size-medium wp-image-23451\" src=\"https:\/\/miradouronoticias.com\/site\/wp-content\/uploads\/2024\/04\/ja_1097-300x179.webp\" alt=\"\" width=\"300\" height=\"179\" srcset=\"https:\/\/miradouronoticias.com\/site\/wp-content\/uploads\/2024\/04\/ja_1097-300x179.webp 300w, https:\/\/miradouronoticias.com\/site\/wp-content\/uploads\/2024\/04\/ja_1097-1024x613.webp 1024w, https:\/\/miradouronoticias.com\/site\/wp-content\/uploads\/2024\/04\/ja_1097-768x459.webp 768w, https:\/\/miradouronoticias.com\/site\/wp-content\/uploads\/2024\/04\/ja_1097.webp 1170w\" sizes=\"auto, (max-width: 300px) 100vw, 300px\" \/><\/p>\n<p>Os servidores p\u00fablicos federais ter\u00e3o reajuste de 51,9% no aux\u00edlio-alimenta\u00e7\u00e3o a partir do pr\u00f3ximo m\u00eas. Com a medida, o benef\u00edcio passa de R$ 658 para R$ 1 mil.\u00a0<img decoding=\"async\" src=\"https:\/\/agenciabrasil.ebc.com.br\/ebc.png?id=1592366&amp;o=node\" \/><img decoding=\"async\" src=\"https:\/\/agenciabrasil.ebc.com.br\/ebc.gif?id=1592366&amp;o=node\" \/><\/p>\n<p>O aux\u00edlio-sa\u00fade dos servidores, que hoje \u00e9 de R$ 144,38, ser\u00e1 reajustado para cerca de R$ 215 e o aux\u00edlio-creche passa de R$ 321 para R$ 484,90.<\/p>\n<p>Os valores foram fechados nesta quinta-feira (25) em acordo entre as entidades representativas dos servidores e o governo federal, por meio da Secretaria de Rela\u00e7\u00f5es de Trabalho do Minist\u00e9rio da Gest\u00e3o e da Inova\u00e7\u00e3o em Servi\u00e7os P\u00fablicos (SRT\/MGI). O governo tamb\u00e9m se comprometeu a implantar at\u00e9 julho todas as mesas espec\u00edficas de carreiras que ainda n\u00e3o foram abertas no \u00e2mbito da Mesa Nacional de Negocia\u00e7\u00e3o Permanente.<\/p>\n<p>De acordo com o minist\u00e9rio, o aumento do aux\u00edlio-alimenta\u00e7\u00e3o resulta em ganho de renda de mais de 4,5% para mais de 200 mil servidores ativos que ganham at\u00e9 R$ 9 mil mensais. Os servidores com as menores remunera\u00e7\u00f5es e que recebem, simultaneamente, os tr\u00eas benef\u00edcios (alimenta\u00e7\u00e3o, sa\u00fade e creche) ter\u00e3o aumento de at\u00e9 23% na remunera\u00e7\u00e3o total.<\/p>\n<p>O secret\u00e1rio de Rela\u00e7\u00f5es do Trabalho do MGI, Jos\u00e9 Lopez Feij\u00f3o, destacou que, em 2023, o governo j\u00e1 havia concedido aumento salarial linear para todos os servidores p\u00fablicos federais.<\/p>\n<blockquote><p>\u201cEsse acordo, juntamente com o reajuste de 9% que j\u00e1 foi concedido no ano passado, faz com que se inicie um processo de recupera\u00e7\u00e3o dos sal\u00e1rios que ficaram congelados por tanto tempo\u201d, afirmou o secret\u00e1rio.<\/p><\/blockquote>\n<p>Para a Confedera\u00e7\u00e3o dos Trabalhadores no Servi\u00e7o P\u00fablico Federal (Condsef), o reajuste dos benef\u00edcios foi positivo para os servidores, mas a entidade diz que vai continuar reivindicando reajustes entre 7% e 10% nos sal\u00e1rios ainda para este ano.<\/p>\n<blockquote><p>\u201cNo termo de compromisso, n\u00e3o tem nada garantido sobre reajuste para 2024, mesmo as entidades tendo insistido nessa tecla. Mas n\u00e3o vamos jogar a toalha, porque \u00e9 uma reivindica\u00e7\u00e3o hist\u00f3rica da categoria. Entendemos que a fase de congelamento de sal\u00e1rios foi no governo anterior, ent\u00e3o o momento \u00e9 de\u00a0conseguir recuperar o poder de compra do funcionalismo \u00e9 agora\u201d, avalia S\u00e9rgio Ronaldo da Silva, secret\u00e1rio-geral da Condsef, em entrevista \u00e0\u00a0<strong>Ag\u00eancia Brasil<\/strong>.<\/p><\/blockquote>\n<p>A entidade representa 80% dos servidores do Executivo Federal, entre ativos, aposentados e pensionistas.<\/p>\n<p>By: Miradouro not\u00edcias.com.br\/ ag\u00eancia brasil<\/p>\n","protected":false},"excerpt":{"rendered":"<p>Os servidores p\u00fablicos federais ter\u00e3o reajuste de 51,9% no aux\u00edlio-alimenta\u00e7\u00e3o a partir do pr\u00f3ximo m\u00eas. Com a medida, o benef\u00edcio passa de R$ 658 para R$ 1 mil.\u00a0 O aux\u00edlio-sa\u00fade dos servidores, que hoje \u00e9 de R$ 144,38, ser\u00e1 reajustado para cerca de R$ 215 e o aux\u00edlio-creche passa de R$ 321 para R$ 484,90. [&hellip;]<\/p>\n","protected":false},"author":4,"featured_media":23451,"comment_status":"open","ping_status":"open","sticky":false,"template":"","format":"standard","meta":{"footnotes":""},"categories":[2,29],"tags":[],"class_list":["post-23450","post","type-post","status-publish","format-standard","has-post-thumbnail","hentry","category-mundo","category-economia"],"yoast_head":"<!-- This site is optimized with the Yoast SEO plugin v27.2 - https:\/\/yoast.com\/product\/yoast-seo-wordpress\/ -->\n<title>Governo reajusta em 52% aux\u00edlio-alimenta\u00e7\u00e3o de servidores federais - Miradouro Not\u00edcias<\/title>\n<meta name=\"robots\" content=\"index, follow, max-snippet:-1, max-image-preview:large, max-video-preview:-1\" \/>\n<link rel=\"canonical\" href=\"https:\/\/miradouronoticias.com\/site\/2024\/04\/26\/governo-reajusta-em-52-auxilio-alimentacao-de-servidores-federais\/\" \/>\n<meta property=\"og:locale\" content=\"pt_BR\" \/>\n<meta property=\"og:type\" content=\"article\" \/>\n<meta property=\"og:title\" content=\"Governo reajusta em 52% aux\u00edlio-alimenta\u00e7\u00e3o de servidores federais - Miradouro Not\u00edcias\" \/>\n<meta property=\"og:description\" content=\"Os servidores p\u00fablicos federais ter\u00e3o reajuste de 51,9% no aux\u00edlio-alimenta\u00e7\u00e3o a partir do pr\u00f3ximo m\u00eas. Com a medida, o benef\u00edcio passa de R$ 658 para R$ 1 mil.\u00a0 O aux\u00edlio-sa\u00fade dos servidores, que hoje \u00e9 de R$ 144,38, ser\u00e1 reajustado para cerca de R$ 215 e o aux\u00edlio-creche passa de R$ 321 para R$ 484,90. [&hellip;]\" \/>\n<meta property=\"og:url\" content=\"https:\/\/miradouronoticias.com\/site\/2024\/04\/26\/governo-reajusta-em-52-auxilio-alimentacao-de-servidores-federais\/\" \/>\n<meta property=\"og:site_name\" content=\"Miradouro Not\u00edcias\" \/>\n<meta property=\"article:published_time\" content=\"2024-04-26T09:45:41+00:00\" \/>\n<meta property=\"og:image\" content=\"https:\/\/miradouronoticias.com\/site\/wp-content\/uploads\/2024\/04\/ja_1097.webp\" \/>\n\t<meta property=\"og:image:width\" content=\"1170\" \/>\n\t<meta property=\"og:image:height\" content=\"700\" \/>\n\t<meta property=\"og:image:type\" content=\"image\/webp\" \/>\n<meta name=\"author\" content=\"Cl\u00e1udia Olyver\" \/>\n<meta name=\"twitter:card\" content=\"summary_large_image\" \/>\n<meta name=\"twitter:label1\" content=\"Escrito por\" \/>\n\t<meta name=\"twitter:data1\" content=\"Cl\u00e1udia Olyver\" \/>\n\t<meta name=\"twitter:label2\" content=\"Est. tempo de leitura\" \/>\n\t<meta name=\"twitter:data2\" content=\"3 minutos\" \/>\n<script type=\"application\/ld+json\" class=\"yoast-schema-graph\">{\"@context\":\"https:\/\/schema.org\",\"@graph\":[{\"@type\":\"Article\",\"@id\":\"https:\/\/miradouronoticias.com\/site\/2024\/04\/26\/governo-reajusta-em-52-auxilio-alimentacao-de-servidores-federais\/#article\",\"isPartOf\":{\"@id\":\"https:\/\/miradouronoticias.com\/site\/2024\/04\/26\/governo-reajusta-em-52-auxilio-alimentacao-de-servidores-federais\/\"},\"author\":{\"name\":\"Cl\u00e1udia Olyver\",\"@id\":\"https:\/\/miradouronoticias.com\/site\/#\/schema\/person\/73440d8c82222950df86f3e1a16aad3b\"},\"headline\":\"Governo reajusta em 52% aux\u00edlio-alimenta\u00e7\u00e3o de servidores federais\",\"datePublished\":\"2024-04-26T09:45:41+00:00\",\"mainEntityOfPage\":{\"@id\":\"https:\/\/miradouronoticias.com\/site\/2024\/04\/26\/governo-reajusta-em-52-auxilio-alimentacao-de-servidores-federais\/\"},\"wordCount\":413,\"commentCount\":0,\"publisher\":{\"@id\":\"https:\/\/miradouronoticias.com\/site\/#organization\"},\"image\":{\"@id\":\"https:\/\/miradouronoticias.com\/site\/2024\/04\/26\/governo-reajusta-em-52-auxilio-alimentacao-de-servidores-federais\/#primaryimage\"},\"thumbnailUrl\":\"https:\/\/miradouronoticias.com\/site\/wp-content\/uploads\/2024\/04\/ja_1097.webp\",\"articleSection\":[\"Brasil \/ Mundo\",\"Economia\"],\"inLanguage\":\"pt-BR\",\"potentialAction\":[{\"@type\":\"CommentAction\",\"name\":\"Comment\",\"target\":[\"https:\/\/miradouronoticias.com\/site\/2024\/04\/26\/governo-reajusta-em-52-auxilio-alimentacao-de-servidores-federais\/#respond\"]}]},{\"@type\":\"WebPage\",\"@id\":\"https:\/\/miradouronoticias.com\/site\/2024\/04\/26\/governo-reajusta-em-52-auxilio-alimentacao-de-servidores-federais\/\",\"url\":\"https:\/\/miradouronoticias.com\/site\/2024\/04\/26\/governo-reajusta-em-52-auxilio-alimentacao-de-servidores-federais\/\",\"name\":\"Governo reajusta em 52% aux\u00edlio-alimenta\u00e7\u00e3o de servidores federais - Miradouro Not\u00edcias\",\"isPartOf\":{\"@id\":\"https:\/\/miradouronoticias.com\/site\/#website\"},\"primaryImageOfPage\":{\"@id\":\"https:\/\/miradouronoticias.com\/site\/2024\/04\/26\/governo-reajusta-em-52-auxilio-alimentacao-de-servidores-federais\/#primaryimage\"},\"image\":{\"@id\":\"https:\/\/miradouronoticias.com\/site\/2024\/04\/26\/governo-reajusta-em-52-auxilio-alimentacao-de-servidores-federais\/#primaryimage\"},\"thumbnailUrl\":\"https:\/\/miradouronoticias.com\/site\/wp-content\/uploads\/2024\/04\/ja_1097.webp\",\"datePublished\":\"2024-04-26T09:45:41+00:00\",\"breadcrumb\":{\"@id\":\"https:\/\/miradouronoticias.com\/site\/2024\/04\/26\/governo-reajusta-em-52-auxilio-alimentacao-de-servidores-federais\/#breadcrumb\"},\"inLanguage\":\"pt-BR\",\"potentialAction\":[{\"@type\":\"ReadAction\",\"target\":[\"https:\/\/miradouronoticias.com\/site\/2024\/04\/26\/governo-reajusta-em-52-auxilio-alimentacao-de-servidores-federais\/\"]}]},{\"@type\":\"ImageObject\",\"inLanguage\":\"pt-BR\",\"@id\":\"https:\/\/miradouronoticias.com\/site\/2024\/04\/26\/governo-reajusta-em-52-auxilio-alimentacao-de-servidores-federais\/#primaryimage\",\"url\":\"https:\/\/miradouronoticias.com\/site\/wp-content\/uploads\/2024\/04\/ja_1097.webp\",\"contentUrl\":\"https:\/\/miradouronoticias.com\/site\/wp-content\/uploads\/2024\/04\/ja_1097.webp\",\"width\":1170,\"height\":700},{\"@type\":\"BreadcrumbList\",\"@id\":\"https:\/\/miradouronoticias.com\/site\/2024\/04\/26\/governo-reajusta-em-52-auxilio-alimentacao-de-servidores-federais\/#breadcrumb\",\"itemListElement\":[{\"@type\":\"ListItem\",\"position\":1,\"name\":\"In\u00edcio\",\"item\":\"https:\/\/miradouronoticias.com\/site\/\"},{\"@type\":\"ListItem\",\"position\":2,\"name\":\"Governo reajusta em 52% aux\u00edlio-alimenta\u00e7\u00e3o de servidores federais\"}]},{\"@type\":\"WebSite\",\"@id\":\"https:\/\/miradouronoticias.com\/site\/#website\",\"url\":\"https:\/\/miradouronoticias.com\/site\/\",\"name\":\"Miradouro Not\u00edcias\",\"description\":\"Informa\u00e7\u00f5es da cidade e regi\u00e3o\",\"publisher\":{\"@id\":\"https:\/\/miradouronoticias.com\/site\/#organization\"},\"potentialAction\":[{\"@type\":\"SearchAction\",\"target\":{\"@type\":\"EntryPoint\",\"urlTemplate\":\"https:\/\/miradouronoticias.com\/site\/?s={search_term_string}\"},\"query-input\":{\"@type\":\"PropertyValueSpecification\",\"valueRequired\":true,\"valueName\":\"search_term_string\"}}],\"inLanguage\":\"pt-BR\"},{\"@type\":\"Organization\",\"@id\":\"https:\/\/miradouronoticias.com\/site\/#organization\",\"name\":\"Miradouro Not\u00edcias\",\"url\":\"https:\/\/miradouronoticias.com\/site\/\",\"logo\":{\"@type\":\"ImageObject\",\"inLanguage\":\"pt-BR\",\"@id\":\"https:\/\/miradouronoticias.com\/site\/#\/schema\/logo\/image\/\",\"url\":\"https:\/\/miradouronoticias.com\/site\/wp-content\/uploads\/2022\/01\/logomarcamiradouronoticias.png\",\"contentUrl\":\"https:\/\/miradouronoticias.com\/site\/wp-content\/uploads\/2022\/01\/logomarcamiradouronoticias.png\",\"width\":747,\"height\":263,\"caption\":\"Miradouro Not\u00edcias\"},\"image\":{\"@id\":\"https:\/\/miradouronoticias.com\/site\/#\/schema\/logo\/image\/\"}},{\"@type\":\"Person\",\"@id\":\"https:\/\/miradouronoticias.com\/site\/#\/schema\/person\/73440d8c82222950df86f3e1a16aad3b\",\"name\":\"Cl\u00e1udia Olyver\",\"sameAs\":[\"http:\/\/www.miradouronoticias.com\"],\"url\":\"https:\/\/miradouronoticias.com\/site\/author\/claudia\/\"}]}<\/script>\n<!-- \/ Yoast SEO plugin. -->","yoast_head_json":{"title":"Governo reajusta em 52% aux\u00edlio-alimenta\u00e7\u00e3o de servidores federais - Miradouro Not\u00edcias","robots":{"index":"index","follow":"follow","max-snippet":"max-snippet:-1","max-image-preview":"max-image-preview:large","max-video-preview":"max-video-preview:-1"},"canonical":"https:\/\/miradouronoticias.com\/site\/2024\/04\/26\/governo-reajusta-em-52-auxilio-alimentacao-de-servidores-federais\/","og_locale":"pt_BR","og_type":"article","og_title":"Governo reajusta em 52% aux\u00edlio-alimenta\u00e7\u00e3o de servidores federais - Miradouro Not\u00edcias","og_description":"Os servidores p\u00fablicos federais ter\u00e3o reajuste de 51,9% no aux\u00edlio-alimenta\u00e7\u00e3o a partir do pr\u00f3ximo m\u00eas. Com a medida, o benef\u00edcio passa de R$ 658 para R$ 1 mil.\u00a0 O aux\u00edlio-sa\u00fade dos servidores, que hoje \u00e9 de R$ 144,38, ser\u00e1 reajustado para cerca de R$ 215 e o aux\u00edlio-creche passa de R$ 321 para R$ 484,90. [&hellip;]","og_url":"https:\/\/miradouronoticias.com\/site\/2024\/04\/26\/governo-reajusta-em-52-auxilio-alimentacao-de-servidores-federais\/","og_site_name":"Miradouro Not\u00edcias","article_published_time":"2024-04-26T09:45:41+00:00","og_image":[{"width":1170,"height":700,"url":"https:\/\/miradouronoticias.com\/site\/wp-content\/uploads\/2024\/04\/ja_1097.webp","type":"image\/webp"}],"author":"Cl\u00e1udia Olyver","twitter_card":"summary_large_image","twitter_misc":{"Escrito por":"Cl\u00e1udia Olyver","Est. tempo de leitura":"3 minutos"},"schema":{"@context":"https:\/\/schema.org","@graph":[{"@type":"Article","@id":"https:\/\/miradouronoticias.com\/site\/2024\/04\/26\/governo-reajusta-em-52-auxilio-alimentacao-de-servidores-federais\/#article","isPartOf":{"@id":"https:\/\/miradouronoticias.com\/site\/2024\/04\/26\/governo-reajusta-em-52-auxilio-alimentacao-de-servidores-federais\/"},"author":{"name":"Cl\u00e1udia Olyver","@id":"https:\/\/miradouronoticias.com\/site\/#\/schema\/person\/73440d8c82222950df86f3e1a16aad3b"},"headline":"Governo reajusta em 52% aux\u00edlio-alimenta\u00e7\u00e3o de servidores federais","datePublished":"2024-04-26T09:45:41+00:00","mainEntityOfPage":{"@id":"https:\/\/miradouronoticias.com\/site\/2024\/04\/26\/governo-reajusta-em-52-auxilio-alimentacao-de-servidores-federais\/"},"wordCount":413,"commentCount":0,"publisher":{"@id":"https:\/\/miradouronoticias.com\/site\/#organization"},"image":{"@id":"https:\/\/miradouronoticias.com\/site\/2024\/04\/26\/governo-reajusta-em-52-auxilio-alimentacao-de-servidores-federais\/#primaryimage"},"thumbnailUrl":"https:\/\/miradouronoticias.com\/site\/wp-content\/uploads\/2024\/04\/ja_1097.webp","articleSection":["Brasil \/ Mundo","Economia"],"inLanguage":"pt-BR","potentialAction":[{"@type":"CommentAction","name":"Comment","target":["https:\/\/miradouronoticias.com\/site\/2024\/04\/26\/governo-reajusta-em-52-auxilio-alimentacao-de-servidores-federais\/#respond"]}]},{"@type":"WebPage","@id":"https:\/\/miradouronoticias.com\/site\/2024\/04\/26\/governo-reajusta-em-52-auxilio-alimentacao-de-servidores-federais\/","url":"https:\/\/miradouronoticias.com\/site\/2024\/04\/26\/governo-reajusta-em-52-auxilio-alimentacao-de-servidores-federais\/","name":"Governo reajusta em 52% aux\u00edlio-alimenta\u00e7\u00e3o de servidores federais - Miradouro Not\u00edcias","isPartOf":{"@id":"https:\/\/miradouronoticias.com\/site\/#website"},"primaryImageOfPage":{"@id":"https:\/\/miradouronoticias.com\/site\/2024\/04\/26\/governo-reajusta-em-52-auxilio-alimentacao-de-servidores-federais\/#primaryimage"},"image":{"@id":"https:\/\/miradouronoticias.com\/site\/2024\/04\/26\/governo-reajusta-em-52-auxilio-alimentacao-de-servidores-federais\/#primaryimage"},"thumbnailUrl":"https:\/\/miradouronoticias.com\/site\/wp-content\/uploads\/2024\/04\/ja_1097.webp","datePublished":"2024-04-26T09:45:41+00:00","breadcrumb":{"@id":"https:\/\/miradouronoticias.com\/site\/2024\/04\/26\/governo-reajusta-em-52-auxilio-alimentacao-de-servidores-federais\/#breadcrumb"},"inLanguage":"pt-BR","potentialAction":[{"@type":"ReadAction","target":["https:\/\/miradouronoticias.com\/site\/2024\/04\/26\/governo-reajusta-em-52-auxilio-alimentacao-de-servidores-federais\/"]}]},{"@type":"ImageObject","inLanguage":"pt-BR","@id":"https:\/\/miradouronoticias.com\/site\/2024\/04\/26\/governo-reajusta-em-52-auxilio-alimentacao-de-servidores-federais\/#primaryimage","url":"https:\/\/miradouronoticias.com\/site\/wp-content\/uploads\/2024\/04\/ja_1097.webp","contentUrl":"https:\/\/miradouronoticias.com\/site\/wp-content\/uploads\/2024\/04\/ja_1097.webp","width":1170,"height":700},{"@type":"BreadcrumbList","@id":"https:\/\/miradouronoticias.com\/site\/2024\/04\/26\/governo-reajusta-em-52-auxilio-alimentacao-de-servidores-federais\/#breadcrumb","itemListElement":[{"@type":"ListItem","position":1,"name":"In\u00edcio","item":"https:\/\/miradouronoticias.com\/site\/"},{"@type":"ListItem","position":2,"name":"Governo reajusta em 52% aux\u00edlio-alimenta\u00e7\u00e3o de servidores federais"}]},{"@type":"WebSite","@id":"https:\/\/miradouronoticias.com\/site\/#website","url":"https:\/\/miradouronoticias.com\/site\/","name":"Miradouro Not\u00edcias","description":"Informa\u00e7\u00f5es da cidade e regi\u00e3o","publisher":{"@id":"https:\/\/miradouronoticias.com\/site\/#organization"},"potentialAction":[{"@type":"SearchAction","target":{"@type":"EntryPoint","urlTemplate":"https:\/\/miradouronoticias.com\/site\/?s={search_term_string}"},"query-input":{"@type":"PropertyValueSpecification","valueRequired":true,"valueName":"search_term_string"}}],"inLanguage":"pt-BR"},{"@type":"Organization","@id":"https:\/\/miradouronoticias.com\/site\/#organization","name":"Miradouro Not\u00edcias","url":"https:\/\/miradouronoticias.com\/site\/","logo":{"@type":"ImageObject","inLanguage":"pt-BR","@id":"https:\/\/miradouronoticias.com\/site\/#\/schema\/logo\/image\/","url":"https:\/\/miradouronoticias.com\/site\/wp-content\/uploads\/2022\/01\/logomarcamiradouronoticias.png","contentUrl":"https:\/\/miradouronoticias.com\/site\/wp-content\/uploads\/2022\/01\/logomarcamiradouronoticias.png","width":747,"height":263,"caption":"Miradouro Not\u00edcias"},"image":{"@id":"https:\/\/miradouronoticias.com\/site\/#\/schema\/logo\/image\/"}},{"@type":"Person","@id":"https:\/\/miradouronoticias.com\/site\/#\/schema\/person\/73440d8c82222950df86f3e1a16aad3b","name":"Cl\u00e1udia Olyver","sameAs":["http:\/\/www.miradouronoticias.com"],"url":"https:\/\/miradouronoticias.com\/site\/author\/claudia\/"}]}},"_links":{"self":[{"href":"https:\/\/miradouronoticias.com\/site\/wp-json\/wp\/v2\/posts\/23450","targetHints":{"allow":["GET"]}}],"collection":[{"href":"https:\/\/miradouronoticias.com\/site\/wp-json\/wp\/v2\/posts"}],"about":[{"href":"https:\/\/miradouronoticias.com\/site\/wp-json\/wp\/v2\/types\/post"}],"author":[{"embeddable":true,"href":"https:\/\/miradouronoticias.com\/site\/wp-json\/wp\/v2\/users\/4"}],"replies":[{"embeddable":true,"href":"https:\/\/miradouronoticias.com\/site\/wp-json\/wp\/v2\/comments?post=23450"}],"version-history":[{"count":1,"href":"https:\/\/miradouronoticias.com\/site\/wp-json\/wp\/v2\/posts\/23450\/revisions"}],"predecessor-version":[{"id":23452,"href":"https:\/\/miradouronoticias.com\/site\/wp-json\/wp\/v2\/posts\/23450\/revisions\/23452"}],"wp:featuredmedia":[{"embeddable":true,"href":"https:\/\/miradouronoticias.com\/site\/wp-json\/wp\/v2\/media\/23451"}],"wp:attachment":[{"href":"https:\/\/miradouronoticias.com\/site\/wp-json\/wp\/v2\/media?parent=23450"}],"wp:term":[{"taxonomy":"category","embeddable":true,"href":"https:\/\/miradouronoticias.com\/site\/wp-json\/wp\/v2\/categories?post=23450"},{"taxonomy":"post_tag","embeddable":true,"href":"https:\/\/miradouronoticias.com\/site\/wp-json\/wp\/v2\/tags?post=23450"}],"curies":[{"name":"wp","href":"https:\/\/api.w.org\/{rel}","templated":true}]}}