{"id":23434,"date":"2024-04-25T06:42:03","date_gmt":"2024-04-25T09:42:03","guid":{"rendered":"https:\/\/miradouronoticias.com\/site\/?p=23434"},"modified":"2024-04-25T06:42:03","modified_gmt":"2024-04-25T09:42:03","slug":"minas-gerais-vai-receber-investimento-de-r-380-milhoes-em-solucoes-de-armazenamento-e-eficiencia-energetica","status":"publish","type":"post","link":"https:\/\/miradouronoticias.com\/site\/2024\/04\/25\/minas-gerais-vai-receber-investimento-de-r-380-milhoes-em-solucoes-de-armazenamento-e-eficiencia-energetica\/","title":{"rendered":"Minas Gerais vai receber investimento de R$ 380 milh\u00f5es em solu\u00e7\u00f5es de armazenamento e efici\u00eancia energ\u00e9tica"},"content":{"rendered":"<p><img loading=\"lazy\" decoding=\"async\" class=\"alignnone size-medium wp-image-23435\" src=\"https:\/\/miradouronoticias.com\/site\/wp-content\/uploads\/2024\/04\/3-300x112.jpg\" alt=\"\" width=\"300\" height=\"112\" srcset=\"https:\/\/miradouronoticias.com\/site\/wp-content\/uploads\/2024\/04\/3-300x112.jpg 300w, https:\/\/miradouronoticias.com\/site\/wp-content\/uploads\/2024\/04\/3-768x286.jpg 768w, https:\/\/miradouronoticias.com\/site\/wp-content\/uploads\/2024\/04\/3.jpg 940w\" sizes=\"auto, (max-width: 300px) 100vw, 300px\" \/><\/p>\n<header id=\"header\" class=\"\">\n<nav class=\"navbar navbar-default\">\n<h1 class=\"logo\"><\/h1>\n<div class=\"navbar-collapse\">\n<div class=\"container\">\n<div class=\"margin-bottom-2 \/ center-block \/ visible-xs\"><\/div>\n<ul class=\"nav navbar-nav\">\n<li><a class=\"\" href=\"https:\/\/www.agenciaminas.mg.gov.br\/sites-do-governo\">SIT<\/a>Com o apoio do Governo de Minas, por meio da Sede-MG e sua vinculada Invest Minas, UCB \u00a0anunciou a constru\u00e7\u00e3o de duas f\u00e1bricas em Minas<\/li>\n<\/ul>\n<\/div>\n<\/div>\n<\/nav>\n<\/header>\n<p><main id=\"content\"><\/p>\n<div class=\"container container-news margin-xs-top-2 margin-xs-bottom-2 margin-sm-top-4 margin-sm-bottom-2\">\n<div class=\"news\">\n<article class=\"clear\"><main class=\"clear margin-md-bottom-3\"><\/p>\n<div class=\"news-image \/ margin-xs-bottom-1 margin-sm-bottom-2 margin-md-bottom-3\">\n<div class=\"news-image-block relative\"><img decoding=\"async\" class=\"\" src=\"https:\/\/www.agenciaminas.mg.gov.br\/system\/news\/images\/000\/121\/761\/large\/3.jpg?1713976133\" alt=\"imagem de destaque\" \/><\/div>\n<\/div>\n<div class=\"clear \">\n<p>&nbsp;<\/p>\n<figure class=\"image\"><img decoding=\"async\" src=\"https:\/\/www.agenciaminas.mg.gov.br\/ckeditor_assets\/pictures\/20788\/content_2.jpg\" alt=\"Invest Minas \/ Divulga\u00e7\u00e3o\" \/><figcaption><sub><em>Invest Minas \/ Divulga\u00e7\u00e3o<\/em><\/sub><\/figcaption><\/figure>\n<p>Com o objetivo de impulsionar a transi\u00e7\u00e3o energ\u00e9tica e estimular neg\u00f3cios voltados a uma economia de baixo carbono no estado, o\u00a0<a href=\"https:\/\/www.mg.gov.br\/\" target=\"_blank\" rel=\"noopener\">Governo de Minas<\/a>, por meio da\u00a0<a href=\"https:\/\/www.desenvolvimento.mg.gov.br\/\" target=\"_blank\" rel=\"noopener\">Secretaria de Estado de Desenvolvimento Econ\u00f4mico (Sede-MG)<\/a>\u00a0e sua vinculada ag\u00eancia\u00a0<a href=\"https:\/\/www.investminas.mg.gov.br\/\" target=\"_blank\" rel=\"noopener\">Invest Minas<\/a>, conquistou a atra\u00e7\u00e3o de mais um investimento em energia limpa.<\/p>\n<p>Desta vez, o investimento vir\u00e1 da UCB, antiga Unicoba, localizada em Extrema, no Sul de Minas.\u00a0Os aportes s\u00e3o estimados em R$ 380 milh\u00f5es e est\u00e3o previstos para os pr\u00f3ximos quatro anos (2024-2028), com projetos que ir\u00e3o gerar mais de 120 empregos diretos.<\/p>\n<p>&#8220;Minas Gerais tem participado do movimento em prol da transi\u00e7\u00e3o energ\u00e9tica em todos os sentidos. Atrair parceiros focados em novas matrizes e produ\u00e7\u00f5es sustent\u00e1veis \u00e9 um compromisso com o futuro que queremos para os mineiros e para o Brasil&#8221;, destaca o governador Romeu Zema.<\/p>\n<p>&#8220;N\u00e3o por acaso, o Estado foi o primeiro da Am\u00e9rica Latina e do Caribe a aderir \u00e0 campanha mundial Race to Zero para reduzir as emiss\u00f5es de carbono. Al\u00e9m disso, MG vem fazendo hist\u00f3ria na lideran\u00e7a de gera\u00e7\u00e3o de energia solar fotovoltaica em opera\u00e7\u00e3o, com marco hist\u00f3rico de 8 GW j\u00e1 ultrapassado. S\u00e3o exemplos que mostram o protagonismo de Minas Gerais com as diretrizes de gest\u00e3o ambiental e econ\u00f4mica tra\u00e7adas para o desenvolvimento sustent\u00e1vel&#8221;, completa.<\/p>\n<p>A\u00a0 meta priorit\u00e1ria de promo\u00e7\u00e3o da transi\u00e7\u00e3o energ\u00e9tica \u00e9 refor\u00e7ada tamb\u00e9m pela secret\u00e1ria adjunta de Desenvolvimento Econ\u00f4mico (Sede-MG), Kathleen Garcia.<\/p>\n<p>\u201cJ\u00e1 s\u00e3o v\u00e1rios os investimentos privados atra\u00eddos pela gest\u00e3o Zema nesse sentido, em segmentos como energia limpa, tecnologias de baixo carbono e o pr\u00f3prio Vale do L\u00edtio, que busca impulsionar toda uma cadeia produtiva, de ponta a ponta, da extra\u00e7\u00e3o \u00e0 fabrica\u00e7\u00e3o de produtos de alto valor agregado\u201d, ressalta a secret\u00e1ria.<\/p>\n<p><strong>Solu\u00e7\u00f5es de alta voltagem<\/strong><\/p>\n<p>O primeiro projeto, segundo acordado, ser\u00e1 a produ\u00e7\u00e3o pioneira de solu\u00e7\u00f5es de alta voltagem (BESS &#8211; Battery Energy Storage System) no Brasil (containers de baterias para armazenamento de energia, garantindo um fornecimento ininterrupto de energia em todas as condi\u00e7\u00f5es), na atual f\u00e1brica de Extrema.<\/p>\n<p>A solu\u00e7\u00e3o \u00e9 essencial para fortalecer a infraestrutura necess\u00e1ria para a eletrifica\u00e7\u00e3o em larga escala no pa\u00eds, al\u00e9m de consolidar parcerias com universidades e centros de ensino e pesquisa locais.<\/p>\n<p>\u200b\u201cAcreditamos no mercado brasileiro e na evolu\u00e7\u00e3o das demandas de armazenamento de energia em v\u00e1rios segmentos, de usinas fotovoltaicas \u00e0s baterias automotivas. A expans\u00e3o de nossas instala\u00e7\u00f5es e o amadurecimento do mercado ser\u00e3o fatores importantes para a consolida\u00e7\u00e3o do setor de armazenamento no pa\u00eds. Com o investimento na infraestrutura el\u00e9trica necess\u00e1ria teremos uma economia mais sustent\u00e1vel, din\u00e2mica e eletrificada\u201d, afirma George Fernandes, CEO da UCB Power.<\/p>\n<p>Ap\u00f3s a primeira fase, a empresa avan\u00e7a \u00a0para a segunda etapa (2025\/2026) do investimento. Nesta, o plano \u00e9 expandir as opera\u00e7\u00f5es em um novo terreno, para comportar o salto projetado da produ\u00e7\u00e3o, dobrando a capacidade produtiva da f\u00e1brica constru\u00edda na primeira fase.<\/p>\n<p><strong>Mobilidade el\u00e9trica<\/strong><\/p>\n<p>O segundo projeto \u00e9 o de mobilidade el\u00e9trica, que prev\u00ea a constru\u00e7\u00e3o de uma f\u00e1brica de baterias para ve\u00edculos h\u00edbridos para atender a demanda da Stellantis.<\/p>\n<p>O objetivo \u00e9 se tornar a grande fornecedora de baterias para o grupo nos novos projetos de carros h\u00edbridos e el\u00e9tricos.<\/p>\n<p>J\u00e1 o terceiro projeto prev\u00ea a constru\u00e7\u00e3o de uma f\u00e1brica de c\u00e9lulas de l\u00edtio em Minas Gerais.<\/p>\n<p><strong>Sobre a UCB Power<\/strong><\/p>\n<p>A UCB Power \u00e9 uma multinacional brasileira e uma das maiores marcas de solu\u00e7\u00f5es de armazenamento de energia do Brasil e da Am\u00e9rica Latina.<\/p>\n<p>Presente h\u00e1 50 anos no mercado, a empresa combina extensa experi\u00eancia em manufatura de eletr\u00f4nicos e agilidade operacional.<\/p>\n<p>A UCB Power \u00e9 fornecedora de baterias estacion\u00e1rias, baterias port\u00e1teis para celulares e laptops e baterias para mobilidade el\u00e9trica.<\/p>\n<p>A sede administrativa est\u00e1 localizada em S\u00e3o Paulo (SP), possui plantas industriais, localizadas em Manaus (AM) e Extrema (MG), escrit\u00f3rio em Porto Velho (RO), parceria comercial com dois escrit\u00f3rios na \u00c1sia &#8211; Seul (Coreia do Sul), e Shenzhen( China); e opera\u00e7\u00e3o comercial em Marselha, na Fran\u00e7a.<\/p>\n<p>A UCB \u00e9 signat\u00e1ria do Pacto Global da ONU e est\u00e1 entre as mil maiores empresas do Brasil segundo o ranking Valor 1000 do jornal Valor Econ\u00f4mico. \u00c9 a l\u00edder nacional no fornecimento de solu\u00e7\u00f5es de armazenamento de energia para comunidades remotas.<\/p>\n<p>By: Miradouro not\u00edcias.com.br\/ ag\u00eancia Minas<\/p>\n<p>&nbsp;<\/p>\n<\/div>\n<p><\/main><\/article>\n<\/div>\n<\/div>\n<p><\/main><\/p>\n","protected":false},"excerpt":{"rendered":"<p>SITCom o apoio do Governo de Minas, por meio da Sede-MG e sua vinculada Invest Minas, UCB \u00a0anunciou a constru\u00e7\u00e3o de duas f\u00e1bricas em Minas &nbsp; Invest Minas \/ Divulga\u00e7\u00e3o Com o objetivo de impulsionar a transi\u00e7\u00e3o energ\u00e9tica e estimular neg\u00f3cios voltados a uma economia de baixo carbono no estado, o\u00a0Governo de Minas, por meio [&hellip;]<\/p>\n","protected":false},"author":4,"featured_media":23435,"comment_status":"open","ping_status":"open","sticky":false,"template":"","format":"standard","meta":{"footnotes":""},"categories":[21],"tags":[],"class_list":["post-23434","post","type-post","status-publish","format-standard","has-post-thumbnail","hentry","category-minas-gerais"],"yoast_head":"<!-- This site is optimized with the Yoast SEO plugin v27.2 - https:\/\/yoast.com\/product\/yoast-seo-wordpress\/ -->\n<title>Minas Gerais vai receber investimento de R$ 380 milh\u00f5es em solu\u00e7\u00f5es de armazenamento e efici\u00eancia energ\u00e9tica - Miradouro Not\u00edcias<\/title>\n<meta name=\"robots\" content=\"index, follow, max-snippet:-1, max-image-preview:large, max-video-preview:-1\" \/>\n<link rel=\"canonical\" href=\"https:\/\/miradouronoticias.com\/site\/2024\/04\/25\/minas-gerais-vai-receber-investimento-de-r-380-milhoes-em-solucoes-de-armazenamento-e-eficiencia-energetica\/\" \/>\n<meta property=\"og:locale\" content=\"pt_BR\" \/>\n<meta property=\"og:type\" content=\"article\" \/>\n<meta property=\"og:title\" content=\"Minas Gerais vai receber investimento de R$ 380 milh\u00f5es em solu\u00e7\u00f5es de armazenamento e efici\u00eancia energ\u00e9tica - Miradouro Not\u00edcias\" \/>\n<meta property=\"og:description\" content=\"SITCom o apoio do Governo de Minas, por meio da Sede-MG e sua vinculada Invest Minas, UCB \u00a0anunciou a constru\u00e7\u00e3o de duas f\u00e1bricas em Minas &nbsp; Invest Minas \/ Divulga\u00e7\u00e3o Com o objetivo de impulsionar a transi\u00e7\u00e3o energ\u00e9tica e estimular neg\u00f3cios voltados a uma economia de baixo carbono no estado, o\u00a0Governo de Minas, por meio [&hellip;]\" \/>\n<meta property=\"og:url\" content=\"https:\/\/miradouronoticias.com\/site\/2024\/04\/25\/minas-gerais-vai-receber-investimento-de-r-380-milhoes-em-solucoes-de-armazenamento-e-eficiencia-energetica\/\" \/>\n<meta property=\"og:site_name\" content=\"Miradouro Not\u00edcias\" \/>\n<meta property=\"article:published_time\" content=\"2024-04-25T09:42:03+00:00\" \/>\n<meta property=\"og:image\" content=\"https:\/\/miradouronoticias.com\/site\/wp-content\/uploads\/2024\/04\/3.jpg\" \/>\n\t<meta property=\"og:image:width\" content=\"940\" \/>\n\t<meta property=\"og:image:height\" content=\"350\" \/>\n\t<meta property=\"og:image:type\" content=\"image\/jpeg\" \/>\n<meta name=\"author\" content=\"Cl\u00e1udia Olyver\" \/>\n<meta name=\"twitter:card\" content=\"summary_large_image\" \/>\n<meta name=\"twitter:label1\" content=\"Escrito por\" \/>\n\t<meta name=\"twitter:data1\" content=\"Cl\u00e1udia Olyver\" \/>\n\t<meta name=\"twitter:label2\" content=\"Est. tempo de leitura\" \/>\n\t<meta name=\"twitter:data2\" content=\"5 minutos\" \/>\n<script type=\"application\/ld+json\" class=\"yoast-schema-graph\">{\"@context\":\"https:\/\/schema.org\",\"@graph\":[{\"@type\":\"Article\",\"@id\":\"https:\/\/miradouronoticias.com\/site\/2024\/04\/25\/minas-gerais-vai-receber-investimento-de-r-380-milhoes-em-solucoes-de-armazenamento-e-eficiencia-energetica\/#article\",\"isPartOf\":{\"@id\":\"https:\/\/miradouronoticias.com\/site\/2024\/04\/25\/minas-gerais-vai-receber-investimento-de-r-380-milhoes-em-solucoes-de-armazenamento-e-eficiencia-energetica\/\"},\"author\":{\"name\":\"Cl\u00e1udia Olyver\",\"@id\":\"https:\/\/miradouronoticias.com\/site\/#\/schema\/person\/73440d8c82222950df86f3e1a16aad3b\"},\"headline\":\"Minas Gerais vai receber investimento de R$ 380 milh\u00f5es em solu\u00e7\u00f5es de armazenamento e efici\u00eancia energ\u00e9tica\",\"datePublished\":\"2024-04-25T09:42:03+00:00\",\"mainEntityOfPage\":{\"@id\":\"https:\/\/miradouronoticias.com\/site\/2024\/04\/25\/minas-gerais-vai-receber-investimento-de-r-380-milhoes-em-solucoes-de-armazenamento-e-eficiencia-energetica\/\"},\"wordCount\":832,\"commentCount\":0,\"publisher\":{\"@id\":\"https:\/\/miradouronoticias.com\/site\/#organization\"},\"image\":{\"@id\":\"https:\/\/miradouronoticias.com\/site\/2024\/04\/25\/minas-gerais-vai-receber-investimento-de-r-380-milhoes-em-solucoes-de-armazenamento-e-eficiencia-energetica\/#primaryimage\"},\"thumbnailUrl\":\"https:\/\/miradouronoticias.com\/site\/wp-content\/uploads\/2024\/04\/3.jpg\",\"articleSection\":[\"Minas Gerais\"],\"inLanguage\":\"pt-BR\",\"potentialAction\":[{\"@type\":\"CommentAction\",\"name\":\"Comment\",\"target\":[\"https:\/\/miradouronoticias.com\/site\/2024\/04\/25\/minas-gerais-vai-receber-investimento-de-r-380-milhoes-em-solucoes-de-armazenamento-e-eficiencia-energetica\/#respond\"]}]},{\"@type\":\"WebPage\",\"@id\":\"https:\/\/miradouronoticias.com\/site\/2024\/04\/25\/minas-gerais-vai-receber-investimento-de-r-380-milhoes-em-solucoes-de-armazenamento-e-eficiencia-energetica\/\",\"url\":\"https:\/\/miradouronoticias.com\/site\/2024\/04\/25\/minas-gerais-vai-receber-investimento-de-r-380-milhoes-em-solucoes-de-armazenamento-e-eficiencia-energetica\/\",\"name\":\"Minas Gerais vai receber investimento de R$ 380 milh\u00f5es em solu\u00e7\u00f5es de armazenamento e efici\u00eancia energ\u00e9tica - Miradouro Not\u00edcias\",\"isPartOf\":{\"@id\":\"https:\/\/miradouronoticias.com\/site\/#website\"},\"primaryImageOfPage\":{\"@id\":\"https:\/\/miradouronoticias.com\/site\/2024\/04\/25\/minas-gerais-vai-receber-investimento-de-r-380-milhoes-em-solucoes-de-armazenamento-e-eficiencia-energetica\/#primaryimage\"},\"image\":{\"@id\":\"https:\/\/miradouronoticias.com\/site\/2024\/04\/25\/minas-gerais-vai-receber-investimento-de-r-380-milhoes-em-solucoes-de-armazenamento-e-eficiencia-energetica\/#primaryimage\"},\"thumbnailUrl\":\"https:\/\/miradouronoticias.com\/site\/wp-content\/uploads\/2024\/04\/3.jpg\",\"datePublished\":\"2024-04-25T09:42:03+00:00\",\"breadcrumb\":{\"@id\":\"https:\/\/miradouronoticias.com\/site\/2024\/04\/25\/minas-gerais-vai-receber-investimento-de-r-380-milhoes-em-solucoes-de-armazenamento-e-eficiencia-energetica\/#breadcrumb\"},\"inLanguage\":\"pt-BR\",\"potentialAction\":[{\"@type\":\"ReadAction\",\"target\":[\"https:\/\/miradouronoticias.com\/site\/2024\/04\/25\/minas-gerais-vai-receber-investimento-de-r-380-milhoes-em-solucoes-de-armazenamento-e-eficiencia-energetica\/\"]}]},{\"@type\":\"ImageObject\",\"inLanguage\":\"pt-BR\",\"@id\":\"https:\/\/miradouronoticias.com\/site\/2024\/04\/25\/minas-gerais-vai-receber-investimento-de-r-380-milhoes-em-solucoes-de-armazenamento-e-eficiencia-energetica\/#primaryimage\",\"url\":\"https:\/\/miradouronoticias.com\/site\/wp-content\/uploads\/2024\/04\/3.jpg\",\"contentUrl\":\"https:\/\/miradouronoticias.com\/site\/wp-content\/uploads\/2024\/04\/3.jpg\",\"width\":940,\"height\":350},{\"@type\":\"BreadcrumbList\",\"@id\":\"https:\/\/miradouronoticias.com\/site\/2024\/04\/25\/minas-gerais-vai-receber-investimento-de-r-380-milhoes-em-solucoes-de-armazenamento-e-eficiencia-energetica\/#breadcrumb\",\"itemListElement\":[{\"@type\":\"ListItem\",\"position\":1,\"name\":\"In\u00edcio\",\"item\":\"https:\/\/miradouronoticias.com\/site\/\"},{\"@type\":\"ListItem\",\"position\":2,\"name\":\"Minas Gerais vai receber investimento de R$ 380 milh\u00f5es em solu\u00e7\u00f5es de armazenamento e efici\u00eancia energ\u00e9tica\"}]},{\"@type\":\"WebSite\",\"@id\":\"https:\/\/miradouronoticias.com\/site\/#website\",\"url\":\"https:\/\/miradouronoticias.com\/site\/\",\"name\":\"Miradouro Not\u00edcias\",\"description\":\"Informa\u00e7\u00f5es da cidade e regi\u00e3o\",\"publisher\":{\"@id\":\"https:\/\/miradouronoticias.com\/site\/#organization\"},\"potentialAction\":[{\"@type\":\"SearchAction\",\"target\":{\"@type\":\"EntryPoint\",\"urlTemplate\":\"https:\/\/miradouronoticias.com\/site\/?s={search_term_string}\"},\"query-input\":{\"@type\":\"PropertyValueSpecification\",\"valueRequired\":true,\"valueName\":\"search_term_string\"}}],\"inLanguage\":\"pt-BR\"},{\"@type\":\"Organization\",\"@id\":\"https:\/\/miradouronoticias.com\/site\/#organization\",\"name\":\"Miradouro Not\u00edcias\",\"url\":\"https:\/\/miradouronoticias.com\/site\/\",\"logo\":{\"@type\":\"ImageObject\",\"inLanguage\":\"pt-BR\",\"@id\":\"https:\/\/miradouronoticias.com\/site\/#\/schema\/logo\/image\/\",\"url\":\"https:\/\/miradouronoticias.com\/site\/wp-content\/uploads\/2022\/01\/logomarcamiradouronoticias.png\",\"contentUrl\":\"https:\/\/miradouronoticias.com\/site\/wp-content\/uploads\/2022\/01\/logomarcamiradouronoticias.png\",\"width\":747,\"height\":263,\"caption\":\"Miradouro Not\u00edcias\"},\"image\":{\"@id\":\"https:\/\/miradouronoticias.com\/site\/#\/schema\/logo\/image\/\"}},{\"@type\":\"Person\",\"@id\":\"https:\/\/miradouronoticias.com\/site\/#\/schema\/person\/73440d8c82222950df86f3e1a16aad3b\",\"name\":\"Cl\u00e1udia Olyver\",\"sameAs\":[\"http:\/\/www.miradouronoticias.com\"],\"url\":\"https:\/\/miradouronoticias.com\/site\/author\/claudia\/\"}]}<\/script>\n<!-- \/ Yoast SEO plugin. -->","yoast_head_json":{"title":"Minas Gerais vai receber investimento de R$ 380 milh\u00f5es em solu\u00e7\u00f5es de armazenamento e efici\u00eancia energ\u00e9tica - Miradouro Not\u00edcias","robots":{"index":"index","follow":"follow","max-snippet":"max-snippet:-1","max-image-preview":"max-image-preview:large","max-video-preview":"max-video-preview:-1"},"canonical":"https:\/\/miradouronoticias.com\/site\/2024\/04\/25\/minas-gerais-vai-receber-investimento-de-r-380-milhoes-em-solucoes-de-armazenamento-e-eficiencia-energetica\/","og_locale":"pt_BR","og_type":"article","og_title":"Minas Gerais vai receber investimento de R$ 380 milh\u00f5es em solu\u00e7\u00f5es de armazenamento e efici\u00eancia energ\u00e9tica - Miradouro Not\u00edcias","og_description":"SITCom o apoio do Governo de Minas, por meio da Sede-MG e sua vinculada Invest Minas, UCB \u00a0anunciou a constru\u00e7\u00e3o de duas f\u00e1bricas em Minas &nbsp; Invest Minas \/ Divulga\u00e7\u00e3o Com o objetivo de impulsionar a transi\u00e7\u00e3o energ\u00e9tica e estimular neg\u00f3cios voltados a uma economia de baixo carbono no estado, o\u00a0Governo de Minas, por meio [&hellip;]","og_url":"https:\/\/miradouronoticias.com\/site\/2024\/04\/25\/minas-gerais-vai-receber-investimento-de-r-380-milhoes-em-solucoes-de-armazenamento-e-eficiencia-energetica\/","og_site_name":"Miradouro Not\u00edcias","article_published_time":"2024-04-25T09:42:03+00:00","og_image":[{"width":940,"height":350,"url":"https:\/\/miradouronoticias.com\/site\/wp-content\/uploads\/2024\/04\/3.jpg","type":"image\/jpeg"}],"author":"Cl\u00e1udia Olyver","twitter_card":"summary_large_image","twitter_misc":{"Escrito por":"Cl\u00e1udia Olyver","Est. tempo de leitura":"5 minutos"},"schema":{"@context":"https:\/\/schema.org","@graph":[{"@type":"Article","@id":"https:\/\/miradouronoticias.com\/site\/2024\/04\/25\/minas-gerais-vai-receber-investimento-de-r-380-milhoes-em-solucoes-de-armazenamento-e-eficiencia-energetica\/#article","isPartOf":{"@id":"https:\/\/miradouronoticias.com\/site\/2024\/04\/25\/minas-gerais-vai-receber-investimento-de-r-380-milhoes-em-solucoes-de-armazenamento-e-eficiencia-energetica\/"},"author":{"name":"Cl\u00e1udia Olyver","@id":"https:\/\/miradouronoticias.com\/site\/#\/schema\/person\/73440d8c82222950df86f3e1a16aad3b"},"headline":"Minas Gerais vai receber investimento de R$ 380 milh\u00f5es em solu\u00e7\u00f5es de armazenamento e efici\u00eancia energ\u00e9tica","datePublished":"2024-04-25T09:42:03+00:00","mainEntityOfPage":{"@id":"https:\/\/miradouronoticias.com\/site\/2024\/04\/25\/minas-gerais-vai-receber-investimento-de-r-380-milhoes-em-solucoes-de-armazenamento-e-eficiencia-energetica\/"},"wordCount":832,"commentCount":0,"publisher":{"@id":"https:\/\/miradouronoticias.com\/site\/#organization"},"image":{"@id":"https:\/\/miradouronoticias.com\/site\/2024\/04\/25\/minas-gerais-vai-receber-investimento-de-r-380-milhoes-em-solucoes-de-armazenamento-e-eficiencia-energetica\/#primaryimage"},"thumbnailUrl":"https:\/\/miradouronoticias.com\/site\/wp-content\/uploads\/2024\/04\/3.jpg","articleSection":["Minas Gerais"],"inLanguage":"pt-BR","potentialAction":[{"@type":"CommentAction","name":"Comment","target":["https:\/\/miradouronoticias.com\/site\/2024\/04\/25\/minas-gerais-vai-receber-investimento-de-r-380-milhoes-em-solucoes-de-armazenamento-e-eficiencia-energetica\/#respond"]}]},{"@type":"WebPage","@id":"https:\/\/miradouronoticias.com\/site\/2024\/04\/25\/minas-gerais-vai-receber-investimento-de-r-380-milhoes-em-solucoes-de-armazenamento-e-eficiencia-energetica\/","url":"https:\/\/miradouronoticias.com\/site\/2024\/04\/25\/minas-gerais-vai-receber-investimento-de-r-380-milhoes-em-solucoes-de-armazenamento-e-eficiencia-energetica\/","name":"Minas Gerais vai receber investimento de R$ 380 milh\u00f5es em solu\u00e7\u00f5es de armazenamento e efici\u00eancia energ\u00e9tica - Miradouro Not\u00edcias","isPartOf":{"@id":"https:\/\/miradouronoticias.com\/site\/#website"},"primaryImageOfPage":{"@id":"https:\/\/miradouronoticias.com\/site\/2024\/04\/25\/minas-gerais-vai-receber-investimento-de-r-380-milhoes-em-solucoes-de-armazenamento-e-eficiencia-energetica\/#primaryimage"},"image":{"@id":"https:\/\/miradouronoticias.com\/site\/2024\/04\/25\/minas-gerais-vai-receber-investimento-de-r-380-milhoes-em-solucoes-de-armazenamento-e-eficiencia-energetica\/#primaryimage"},"thumbnailUrl":"https:\/\/miradouronoticias.com\/site\/wp-content\/uploads\/2024\/04\/3.jpg","datePublished":"2024-04-25T09:42:03+00:00","breadcrumb":{"@id":"https:\/\/miradouronoticias.com\/site\/2024\/04\/25\/minas-gerais-vai-receber-investimento-de-r-380-milhoes-em-solucoes-de-armazenamento-e-eficiencia-energetica\/#breadcrumb"},"inLanguage":"pt-BR","potentialAction":[{"@type":"ReadAction","target":["https:\/\/miradouronoticias.com\/site\/2024\/04\/25\/minas-gerais-vai-receber-investimento-de-r-380-milhoes-em-solucoes-de-armazenamento-e-eficiencia-energetica\/"]}]},{"@type":"ImageObject","inLanguage":"pt-BR","@id":"https:\/\/miradouronoticias.com\/site\/2024\/04\/25\/minas-gerais-vai-receber-investimento-de-r-380-milhoes-em-solucoes-de-armazenamento-e-eficiencia-energetica\/#primaryimage","url":"https:\/\/miradouronoticias.com\/site\/wp-content\/uploads\/2024\/04\/3.jpg","contentUrl":"https:\/\/miradouronoticias.com\/site\/wp-content\/uploads\/2024\/04\/3.jpg","width":940,"height":350},{"@type":"BreadcrumbList","@id":"https:\/\/miradouronoticias.com\/site\/2024\/04\/25\/minas-gerais-vai-receber-investimento-de-r-380-milhoes-em-solucoes-de-armazenamento-e-eficiencia-energetica\/#breadcrumb","itemListElement":[{"@type":"ListItem","position":1,"name":"In\u00edcio","item":"https:\/\/miradouronoticias.com\/site\/"},{"@type":"ListItem","position":2,"name":"Minas Gerais vai receber investimento de R$ 380 milh\u00f5es em solu\u00e7\u00f5es de armazenamento e efici\u00eancia energ\u00e9tica"}]},{"@type":"WebSite","@id":"https:\/\/miradouronoticias.com\/site\/#website","url":"https:\/\/miradouronoticias.com\/site\/","name":"Miradouro Not\u00edcias","description":"Informa\u00e7\u00f5es da cidade e regi\u00e3o","publisher":{"@id":"https:\/\/miradouronoticias.com\/site\/#organization"},"potentialAction":[{"@type":"SearchAction","target":{"@type":"EntryPoint","urlTemplate":"https:\/\/miradouronoticias.com\/site\/?s={search_term_string}"},"query-input":{"@type":"PropertyValueSpecification","valueRequired":true,"valueName":"search_term_string"}}],"inLanguage":"pt-BR"},{"@type":"Organization","@id":"https:\/\/miradouronoticias.com\/site\/#organization","name":"Miradouro Not\u00edcias","url":"https:\/\/miradouronoticias.com\/site\/","logo":{"@type":"ImageObject","inLanguage":"pt-BR","@id":"https:\/\/miradouronoticias.com\/site\/#\/schema\/logo\/image\/","url":"https:\/\/miradouronoticias.com\/site\/wp-content\/uploads\/2022\/01\/logomarcamiradouronoticias.png","contentUrl":"https:\/\/miradouronoticias.com\/site\/wp-content\/uploads\/2022\/01\/logomarcamiradouronoticias.png","width":747,"height":263,"caption":"Miradouro Not\u00edcias"},"image":{"@id":"https:\/\/miradouronoticias.com\/site\/#\/schema\/logo\/image\/"}},{"@type":"Person","@id":"https:\/\/miradouronoticias.com\/site\/#\/schema\/person\/73440d8c82222950df86f3e1a16aad3b","name":"Cl\u00e1udia Olyver","sameAs":["http:\/\/www.miradouronoticias.com"],"url":"https:\/\/miradouronoticias.com\/site\/author\/claudia\/"}]}},"_links":{"self":[{"href":"https:\/\/miradouronoticias.com\/site\/wp-json\/wp\/v2\/posts\/23434","targetHints":{"allow":["GET"]}}],"collection":[{"href":"https:\/\/miradouronoticias.com\/site\/wp-json\/wp\/v2\/posts"}],"about":[{"href":"https:\/\/miradouronoticias.com\/site\/wp-json\/wp\/v2\/types\/post"}],"author":[{"embeddable":true,"href":"https:\/\/miradouronoticias.com\/site\/wp-json\/wp\/v2\/users\/4"}],"replies":[{"embeddable":true,"href":"https:\/\/miradouronoticias.com\/site\/wp-json\/wp\/v2\/comments?post=23434"}],"version-history":[{"count":1,"href":"https:\/\/miradouronoticias.com\/site\/wp-json\/wp\/v2\/posts\/23434\/revisions"}],"predecessor-version":[{"id":23436,"href":"https:\/\/miradouronoticias.com\/site\/wp-json\/wp\/v2\/posts\/23434\/revisions\/23436"}],"wp:featuredmedia":[{"embeddable":true,"href":"https:\/\/miradouronoticias.com\/site\/wp-json\/wp\/v2\/media\/23435"}],"wp:attachment":[{"href":"https:\/\/miradouronoticias.com\/site\/wp-json\/wp\/v2\/media?parent=23434"}],"wp:term":[{"taxonomy":"category","embeddable":true,"href":"https:\/\/miradouronoticias.com\/site\/wp-json\/wp\/v2\/categories?post=23434"},{"taxonomy":"post_tag","embeddable":true,"href":"https:\/\/miradouronoticias.com\/site\/wp-json\/wp\/v2\/tags?post=23434"}],"curies":[{"name":"wp","href":"https:\/\/api.w.org\/{rel}","templated":true}]}}