{"id":23430,"date":"2024-04-25T06:36:23","date_gmt":"2024-04-25T09:36:23","guid":{"rendered":"https:\/\/miradouronoticias.com\/site\/?p=23430"},"modified":"2024-04-25T06:36:23","modified_gmt":"2024-04-25T09:36:23","slug":"governo-de-minas-publica-lista-do-primeiro-e-segundo-lotes-do-adveb-e-atos-de-progressao-e-promocao-da-carreira","status":"publish","type":"post","link":"https:\/\/miradouronoticias.com\/site\/2024\/04\/25\/governo-de-minas-publica-lista-do-primeiro-e-segundo-lotes-do-adveb-e-atos-de-progressao-e-promocao-da-carreira\/","title":{"rendered":"Governo de Minas publica lista do primeiro e segundo lotes do Adveb e atos de progress\u00e3o e promo\u00e7\u00e3o da carreira"},"content":{"rendered":"<p>&nbsp;<\/p>\n<p><main id=\"content\"><\/p>\n<div class=\"container container-news margin-xs-top-2 margin-xs-bottom-2 margin-sm-top-4 margin-sm-bottom-2\">\n<div class=\"news\">\n<article class=\"clear\"><main class=\"clear margin-md-bottom-3\"><\/p>\n<div class=\"news-image \/ margin-xs-bottom-1 margin-sm-bottom-2 margin-md-bottom-3\">\n<div class=\"news-image-block relative\"><img decoding=\"async\" class=\"\" src=\"https:\/\/www.agenciaminas.mg.gov.br\/system\/news\/images\/000\/121\/797\/large\/Dirceu_Aurelio_Imprensa_MG.jpg?1713987497\" alt=\"imagem de destaque\" \/><\/div>\n<\/div>\n<div class=\"clear col-md-10 col-md-offset-1 \">\n<p>&nbsp;<\/p>\n<p>Foi publicada nesta quarta-feira (24\/4), no\u00a0<a href=\"https:\/\/www.jornalminasgerais.mg.gov.br\/index.php?dataJornal=2024-04-24\" target=\"_blank\" rel=\"noopener\">Di\u00e1rio Oficial de Minas Gerais<\/a>, a lista de servidores contemplados com o segundo lote do Adicional de Valoriza\u00e7\u00e3o da Educa\u00e7\u00e3o B\u00e1sica (Adveb), do m\u00eas de abril, com 260 atos.<\/p>\n<p>Em 3\/4 foram publicadas tamb\u00e9m 199 concess\u00f5es do mesmo benef\u00edcio para contemplar os servidores da pasta que cumpriram os requisitos exigidos na carreira.<\/p>\n<p>A iniciativa faz parte da pol\u00edtica de valoriza\u00e7\u00e3o, implementada pelo\u00a0<a href=\"https:\/\/www.mg.gov.br\/\" target=\"_blank\" rel=\"noopener\">Governo de Minas<\/a>\u00a0desde o in\u00edcio da gest\u00e3o do governador Romeu Zema, que j\u00e1 realizou uma s\u00e9rie de a\u00e7\u00f5es para atender aos servidores e promover melhorias na rede estadual. Os nomes podem ser consultados\u00a0<a href=\"https:\/\/www.educacao.mg.gov.br\/wp-content\/uploads\/2024\/04\/Segundo_ADVEB___09__Listagem___260_registros-2.pdf\" target=\"_blank\" rel=\"noopener\">neste link<\/a>.<\/p>\n<p>Al\u00e9m do adicional de valoriza\u00e7\u00e3o, foram publicadas tamb\u00e9m, em 13\/4, novas concess\u00f5es de progress\u00e3o e promo\u00e7\u00e3o da carreira dos servidores da educa\u00e7\u00e3o estadual.<\/p>\n<p>Foram 1.739 nomes contemplados com promo\u00e7\u00e3o e 3.839 com progress\u00e3o.<\/p>\n<p>S\u00f3 em 2024, soma-se um total de 38.421 benef\u00edcios concedidos de promo\u00e7\u00e3o e progress\u00e3o para atender os educadores.<\/p>\n<p>\u201cEste \u00e9 o nosso objetivo, reconhecer e valorizar os servidores e, com isso, fortalecer o quadro de pessoal da pasta para que Minas continue a oferecer um ensino p\u00fablico de qualidade aos estudantes mineiros\u201d, destacou a subsecret\u00e1ria de Gest\u00e3o de Recursos Humanos da\u00a0<a href=\"http:\/\/www.educacao.mg.gov.br\/\" target=\"_blank\" rel=\"noopener\">Secretaria de Estado de Educa\u00e7\u00e3o de Minas Gerais (SEE\/MG)<\/a>, Gl\u00e1ucia Ribeiro.<\/p>\n<p>Para concess\u00e3o de promo\u00e7\u00e3o \u00e9 preciso consultar as p\u00e1ginas de 45 a 59 e, para progress\u00e3o, de 19 a 45.<\/p>\n<p>J\u00e1 para verificar a rela\u00e7\u00e3o nominal dos contemplados com o Adveb, o servidor dever\u00e1 acessar o\u00a0<a href=\"https:\/\/www.educacao.mg.gov.br\/wp-content\/uploads\/2024\/04\/Segundo_ADVEB___09__Listagem___260_registros-2.pdf\" target=\"_blank\" rel=\"noopener\">Ato 978<\/a>, na p\u00e1gina da Educa\u00e7\u00e3o.<\/p>\n<p><strong>Plano de carreira<\/strong><\/p>\n<p>O Plano de Carreira dos Profissionais da Educa\u00e7\u00e3o B\u00e1sica foi estabelecido pela Lei n\u00b0 15.293\/2004.<\/p>\n<p>A diretriz define a evolu\u00e7\u00e3o nas carreiras dos servidores efetivos da SEE\/MG, por meio de progress\u00f5es e promo\u00e7\u00f5es.<\/p>\n<p>As progress\u00f5es s\u00e3o horizontais, com mudan\u00e7as de grau na carreira, e os crit\u00e9rios para concess\u00e3o s\u00e3o estar em efetivo exerc\u00edcio, ter cumprido o interst\u00edcio de dois anos de efetivo exerc\u00edcio no mesmo grau e ter recebido duas avalia\u00e7\u00f5es de desempenho individual satisfat\u00f3rias desde a sua progress\u00e3o anterior (70% ou mais).<\/p>\n<p>J\u00e1 as promo\u00e7\u00f5es s\u00e3o verticais, com mudan\u00e7as de n\u00edvel na carreira.<\/p>\n<p>Os crit\u00e9rios para concess\u00e3o se d\u00e3o por estar em efetivo do exerc\u00edcio, ter cumprido o interst\u00edcio de cinco anos de efetivo exerc\u00edcio no mesmo n\u00edvel, ter recebido cinco avalia\u00e7\u00f5es de desempenho individual satisfat\u00f3rias, desde a sua promo\u00e7\u00e3o anterior (70% ou mais) e possuir a escolaridade m\u00ednima exigida para o n\u00edvel imediatamente superior.<\/p>\n<p>Importante lembrar que para que a evolu\u00e7\u00e3o na carreira ocorra, os dados do servidor no Sistema de Administra\u00e7\u00e3o de Pessoal (Sisap) devem estar sempre atualizados.<\/p>\n<p>Essa atualiza\u00e7\u00e3o cabe \u00e0s 47 Superintend\u00eancias Regionais de Ensino (SREs), que coordenam as escolas da rede.<\/p>\n<p><strong>Adveb<\/strong><\/p>\n<p>O Adveb \u00e9 atribu\u00eddo mensalmente e corresponde a 5% do vencimento b\u00e1sico do servidor efetivo, a cada cinco anos de efetivo exerc\u00edcio.<\/p>\n<p>By: Miradouro not\u00edcias com br\/ ag\u00eancia minas<\/p>\n<p>&nbsp;<\/p>\n<\/div>\n<p><\/main><\/article>\n<\/div>\n<\/div>\n<p><\/main><\/p>\n","protected":false},"excerpt":{"rendered":"<p>&nbsp; &nbsp; Foi publicada nesta quarta-feira (24\/4), no\u00a0Di\u00e1rio Oficial de Minas Gerais, a lista de servidores contemplados com o segundo lote do Adicional de Valoriza\u00e7\u00e3o da Educa\u00e7\u00e3o B\u00e1sica (Adveb), do m\u00eas de abril, com 260 atos. Em 3\/4 foram publicadas tamb\u00e9m 199 concess\u00f5es do mesmo benef\u00edcio para contemplar os servidores da pasta que cumpriram os [&hellip;]<\/p>\n","protected":false},"author":4,"featured_media":23431,"comment_status":"open","ping_status":"open","sticky":false,"template":"","format":"standard","meta":{"footnotes":""},"categories":[21],"tags":[],"class_list":["post-23430","post","type-post","status-publish","format-standard","has-post-thumbnail","hentry","category-minas-gerais"],"yoast_head":"<!-- This site is optimized with the Yoast SEO plugin v27.2 - https:\/\/yoast.com\/product\/yoast-seo-wordpress\/ -->\n<title>Governo de Minas publica lista do primeiro e segundo lotes do Adveb e atos de progress\u00e3o e promo\u00e7\u00e3o da carreira - Miradouro Not\u00edcias<\/title>\n<meta name=\"robots\" content=\"index, follow, max-snippet:-1, max-image-preview:large, max-video-preview:-1\" \/>\n<link rel=\"canonical\" href=\"https:\/\/miradouronoticias.com\/site\/2024\/04\/25\/governo-de-minas-publica-lista-do-primeiro-e-segundo-lotes-do-adveb-e-atos-de-progressao-e-promocao-da-carreira\/\" \/>\n<meta property=\"og:locale\" content=\"pt_BR\" \/>\n<meta property=\"og:type\" content=\"article\" \/>\n<meta property=\"og:title\" content=\"Governo de Minas publica lista do primeiro e segundo lotes do Adveb e atos de progress\u00e3o e promo\u00e7\u00e3o da carreira - Miradouro Not\u00edcias\" \/>\n<meta property=\"og:description\" content=\"&nbsp; &nbsp; Foi publicada nesta quarta-feira (24\/4), no\u00a0Di\u00e1rio Oficial de Minas Gerais, a lista de servidores contemplados com o segundo lote do Adicional de Valoriza\u00e7\u00e3o da Educa\u00e7\u00e3o B\u00e1sica (Adveb), do m\u00eas de abril, com 260 atos. Em 3\/4 foram publicadas tamb\u00e9m 199 concess\u00f5es do mesmo benef\u00edcio para contemplar os servidores da pasta que cumpriram os [&hellip;]\" \/>\n<meta property=\"og:url\" content=\"https:\/\/miradouronoticias.com\/site\/2024\/04\/25\/governo-de-minas-publica-lista-do-primeiro-e-segundo-lotes-do-adveb-e-atos-de-progressao-e-promocao-da-carreira\/\" \/>\n<meta property=\"og:site_name\" content=\"Miradouro Not\u00edcias\" \/>\n<meta property=\"article:published_time\" content=\"2024-04-25T09:36:23+00:00\" \/>\n<meta property=\"og:image\" content=\"https:\/\/miradouronoticias.com\/site\/wp-content\/uploads\/2024\/04\/Dirceu_Aurelio_Imprensa_MG.jpg\" \/>\n\t<meta property=\"og:image:width\" content=\"940\" \/>\n\t<meta property=\"og:image:height\" content=\"350\" \/>\n\t<meta property=\"og:image:type\" content=\"image\/jpeg\" \/>\n<meta name=\"author\" content=\"Cl\u00e1udia Olyver\" \/>\n<meta name=\"twitter:card\" content=\"summary_large_image\" \/>\n<meta name=\"twitter:label1\" content=\"Escrito por\" \/>\n\t<meta name=\"twitter:data1\" content=\"Cl\u00e1udia Olyver\" \/>\n\t<meta name=\"twitter:label2\" content=\"Est. tempo de leitura\" \/>\n\t<meta name=\"twitter:data2\" content=\"4 minutos\" \/>\n<script type=\"application\/ld+json\" class=\"yoast-schema-graph\">{\"@context\":\"https:\/\/schema.org\",\"@graph\":[{\"@type\":\"Article\",\"@id\":\"https:\/\/miradouronoticias.com\/site\/2024\/04\/25\/governo-de-minas-publica-lista-do-primeiro-e-segundo-lotes-do-adveb-e-atos-de-progressao-e-promocao-da-carreira\/#article\",\"isPartOf\":{\"@id\":\"https:\/\/miradouronoticias.com\/site\/2024\/04\/25\/governo-de-minas-publica-lista-do-primeiro-e-segundo-lotes-do-adveb-e-atos-de-progressao-e-promocao-da-carreira\/\"},\"author\":{\"name\":\"Cl\u00e1udia Olyver\",\"@id\":\"https:\/\/miradouronoticias.com\/site\/#\/schema\/person\/73440d8c82222950df86f3e1a16aad3b\"},\"headline\":\"Governo de Minas publica lista do primeiro e segundo lotes do Adveb e atos de progress\u00e3o e promo\u00e7\u00e3o da carreira\",\"datePublished\":\"2024-04-25T09:36:23+00:00\",\"mainEntityOfPage\":{\"@id\":\"https:\/\/miradouronoticias.com\/site\/2024\/04\/25\/governo-de-minas-publica-lista-do-primeiro-e-segundo-lotes-do-adveb-e-atos-de-progressao-e-promocao-da-carreira\/\"},\"wordCount\":556,\"commentCount\":0,\"publisher\":{\"@id\":\"https:\/\/miradouronoticias.com\/site\/#organization\"},\"image\":{\"@id\":\"https:\/\/miradouronoticias.com\/site\/2024\/04\/25\/governo-de-minas-publica-lista-do-primeiro-e-segundo-lotes-do-adveb-e-atos-de-progressao-e-promocao-da-carreira\/#primaryimage\"},\"thumbnailUrl\":\"https:\/\/miradouronoticias.com\/site\/wp-content\/uploads\/2024\/04\/Dirceu_Aurelio_Imprensa_MG.jpg\",\"articleSection\":[\"Minas Gerais\"],\"inLanguage\":\"pt-BR\",\"potentialAction\":[{\"@type\":\"CommentAction\",\"name\":\"Comment\",\"target\":[\"https:\/\/miradouronoticias.com\/site\/2024\/04\/25\/governo-de-minas-publica-lista-do-primeiro-e-segundo-lotes-do-adveb-e-atos-de-progressao-e-promocao-da-carreira\/#respond\"]}]},{\"@type\":\"WebPage\",\"@id\":\"https:\/\/miradouronoticias.com\/site\/2024\/04\/25\/governo-de-minas-publica-lista-do-primeiro-e-segundo-lotes-do-adveb-e-atos-de-progressao-e-promocao-da-carreira\/\",\"url\":\"https:\/\/miradouronoticias.com\/site\/2024\/04\/25\/governo-de-minas-publica-lista-do-primeiro-e-segundo-lotes-do-adveb-e-atos-de-progressao-e-promocao-da-carreira\/\",\"name\":\"Governo de Minas publica lista do primeiro e segundo lotes do Adveb e atos de progress\u00e3o e promo\u00e7\u00e3o da carreira - Miradouro Not\u00edcias\",\"isPartOf\":{\"@id\":\"https:\/\/miradouronoticias.com\/site\/#website\"},\"primaryImageOfPage\":{\"@id\":\"https:\/\/miradouronoticias.com\/site\/2024\/04\/25\/governo-de-minas-publica-lista-do-primeiro-e-segundo-lotes-do-adveb-e-atos-de-progressao-e-promocao-da-carreira\/#primaryimage\"},\"image\":{\"@id\":\"https:\/\/miradouronoticias.com\/site\/2024\/04\/25\/governo-de-minas-publica-lista-do-primeiro-e-segundo-lotes-do-adveb-e-atos-de-progressao-e-promocao-da-carreira\/#primaryimage\"},\"thumbnailUrl\":\"https:\/\/miradouronoticias.com\/site\/wp-content\/uploads\/2024\/04\/Dirceu_Aurelio_Imprensa_MG.jpg\",\"datePublished\":\"2024-04-25T09:36:23+00:00\",\"breadcrumb\":{\"@id\":\"https:\/\/miradouronoticias.com\/site\/2024\/04\/25\/governo-de-minas-publica-lista-do-primeiro-e-segundo-lotes-do-adveb-e-atos-de-progressao-e-promocao-da-carreira\/#breadcrumb\"},\"inLanguage\":\"pt-BR\",\"potentialAction\":[{\"@type\":\"ReadAction\",\"target\":[\"https:\/\/miradouronoticias.com\/site\/2024\/04\/25\/governo-de-minas-publica-lista-do-primeiro-e-segundo-lotes-do-adveb-e-atos-de-progressao-e-promocao-da-carreira\/\"]}]},{\"@type\":\"ImageObject\",\"inLanguage\":\"pt-BR\",\"@id\":\"https:\/\/miradouronoticias.com\/site\/2024\/04\/25\/governo-de-minas-publica-lista-do-primeiro-e-segundo-lotes-do-adveb-e-atos-de-progressao-e-promocao-da-carreira\/#primaryimage\",\"url\":\"https:\/\/miradouronoticias.com\/site\/wp-content\/uploads\/2024\/04\/Dirceu_Aurelio_Imprensa_MG.jpg\",\"contentUrl\":\"https:\/\/miradouronoticias.com\/site\/wp-content\/uploads\/2024\/04\/Dirceu_Aurelio_Imprensa_MG.jpg\",\"width\":940,\"height\":350},{\"@type\":\"BreadcrumbList\",\"@id\":\"https:\/\/miradouronoticias.com\/site\/2024\/04\/25\/governo-de-minas-publica-lista-do-primeiro-e-segundo-lotes-do-adveb-e-atos-de-progressao-e-promocao-da-carreira\/#breadcrumb\",\"itemListElement\":[{\"@type\":\"ListItem\",\"position\":1,\"name\":\"In\u00edcio\",\"item\":\"https:\/\/miradouronoticias.com\/site\/\"},{\"@type\":\"ListItem\",\"position\":2,\"name\":\"Governo de Minas publica lista do primeiro e segundo lotes do Adveb e atos de progress\u00e3o e promo\u00e7\u00e3o da carreira\"}]},{\"@type\":\"WebSite\",\"@id\":\"https:\/\/miradouronoticias.com\/site\/#website\",\"url\":\"https:\/\/miradouronoticias.com\/site\/\",\"name\":\"Miradouro Not\u00edcias\",\"description\":\"Informa\u00e7\u00f5es da cidade e regi\u00e3o\",\"publisher\":{\"@id\":\"https:\/\/miradouronoticias.com\/site\/#organization\"},\"potentialAction\":[{\"@type\":\"SearchAction\",\"target\":{\"@type\":\"EntryPoint\",\"urlTemplate\":\"https:\/\/miradouronoticias.com\/site\/?s={search_term_string}\"},\"query-input\":{\"@type\":\"PropertyValueSpecification\",\"valueRequired\":true,\"valueName\":\"search_term_string\"}}],\"inLanguage\":\"pt-BR\"},{\"@type\":\"Organization\",\"@id\":\"https:\/\/miradouronoticias.com\/site\/#organization\",\"name\":\"Miradouro Not\u00edcias\",\"url\":\"https:\/\/miradouronoticias.com\/site\/\",\"logo\":{\"@type\":\"ImageObject\",\"inLanguage\":\"pt-BR\",\"@id\":\"https:\/\/miradouronoticias.com\/site\/#\/schema\/logo\/image\/\",\"url\":\"https:\/\/miradouronoticias.com\/site\/wp-content\/uploads\/2022\/01\/logomarcamiradouronoticias.png\",\"contentUrl\":\"https:\/\/miradouronoticias.com\/site\/wp-content\/uploads\/2022\/01\/logomarcamiradouronoticias.png\",\"width\":747,\"height\":263,\"caption\":\"Miradouro Not\u00edcias\"},\"image\":{\"@id\":\"https:\/\/miradouronoticias.com\/site\/#\/schema\/logo\/image\/\"}},{\"@type\":\"Person\",\"@id\":\"https:\/\/miradouronoticias.com\/site\/#\/schema\/person\/73440d8c82222950df86f3e1a16aad3b\",\"name\":\"Cl\u00e1udia Olyver\",\"sameAs\":[\"http:\/\/www.miradouronoticias.com\"],\"url\":\"https:\/\/miradouronoticias.com\/site\/author\/claudia\/\"}]}<\/script>\n<!-- \/ Yoast SEO plugin. -->","yoast_head_json":{"title":"Governo de Minas publica lista do primeiro e segundo lotes do Adveb e atos de progress\u00e3o e promo\u00e7\u00e3o da carreira - Miradouro Not\u00edcias","robots":{"index":"index","follow":"follow","max-snippet":"max-snippet:-1","max-image-preview":"max-image-preview:large","max-video-preview":"max-video-preview:-1"},"canonical":"https:\/\/miradouronoticias.com\/site\/2024\/04\/25\/governo-de-minas-publica-lista-do-primeiro-e-segundo-lotes-do-adveb-e-atos-de-progressao-e-promocao-da-carreira\/","og_locale":"pt_BR","og_type":"article","og_title":"Governo de Minas publica lista do primeiro e segundo lotes do Adveb e atos de progress\u00e3o e promo\u00e7\u00e3o da carreira - Miradouro Not\u00edcias","og_description":"&nbsp; &nbsp; Foi publicada nesta quarta-feira (24\/4), no\u00a0Di\u00e1rio Oficial de Minas Gerais, a lista de servidores contemplados com o segundo lote do Adicional de Valoriza\u00e7\u00e3o da Educa\u00e7\u00e3o B\u00e1sica (Adveb), do m\u00eas de abril, com 260 atos. Em 3\/4 foram publicadas tamb\u00e9m 199 concess\u00f5es do mesmo benef\u00edcio para contemplar os servidores da pasta que cumpriram os [&hellip;]","og_url":"https:\/\/miradouronoticias.com\/site\/2024\/04\/25\/governo-de-minas-publica-lista-do-primeiro-e-segundo-lotes-do-adveb-e-atos-de-progressao-e-promocao-da-carreira\/","og_site_name":"Miradouro Not\u00edcias","article_published_time":"2024-04-25T09:36:23+00:00","og_image":[{"width":940,"height":350,"url":"https:\/\/miradouronoticias.com\/site\/wp-content\/uploads\/2024\/04\/Dirceu_Aurelio_Imprensa_MG.jpg","type":"image\/jpeg"}],"author":"Cl\u00e1udia Olyver","twitter_card":"summary_large_image","twitter_misc":{"Escrito por":"Cl\u00e1udia Olyver","Est. tempo de leitura":"4 minutos"},"schema":{"@context":"https:\/\/schema.org","@graph":[{"@type":"Article","@id":"https:\/\/miradouronoticias.com\/site\/2024\/04\/25\/governo-de-minas-publica-lista-do-primeiro-e-segundo-lotes-do-adveb-e-atos-de-progressao-e-promocao-da-carreira\/#article","isPartOf":{"@id":"https:\/\/miradouronoticias.com\/site\/2024\/04\/25\/governo-de-minas-publica-lista-do-primeiro-e-segundo-lotes-do-adveb-e-atos-de-progressao-e-promocao-da-carreira\/"},"author":{"name":"Cl\u00e1udia Olyver","@id":"https:\/\/miradouronoticias.com\/site\/#\/schema\/person\/73440d8c82222950df86f3e1a16aad3b"},"headline":"Governo de Minas publica lista do primeiro e segundo lotes do Adveb e atos de progress\u00e3o e promo\u00e7\u00e3o da carreira","datePublished":"2024-04-25T09:36:23+00:00","mainEntityOfPage":{"@id":"https:\/\/miradouronoticias.com\/site\/2024\/04\/25\/governo-de-minas-publica-lista-do-primeiro-e-segundo-lotes-do-adveb-e-atos-de-progressao-e-promocao-da-carreira\/"},"wordCount":556,"commentCount":0,"publisher":{"@id":"https:\/\/miradouronoticias.com\/site\/#organization"},"image":{"@id":"https:\/\/miradouronoticias.com\/site\/2024\/04\/25\/governo-de-minas-publica-lista-do-primeiro-e-segundo-lotes-do-adveb-e-atos-de-progressao-e-promocao-da-carreira\/#primaryimage"},"thumbnailUrl":"https:\/\/miradouronoticias.com\/site\/wp-content\/uploads\/2024\/04\/Dirceu_Aurelio_Imprensa_MG.jpg","articleSection":["Minas Gerais"],"inLanguage":"pt-BR","potentialAction":[{"@type":"CommentAction","name":"Comment","target":["https:\/\/miradouronoticias.com\/site\/2024\/04\/25\/governo-de-minas-publica-lista-do-primeiro-e-segundo-lotes-do-adveb-e-atos-de-progressao-e-promocao-da-carreira\/#respond"]}]},{"@type":"WebPage","@id":"https:\/\/miradouronoticias.com\/site\/2024\/04\/25\/governo-de-minas-publica-lista-do-primeiro-e-segundo-lotes-do-adveb-e-atos-de-progressao-e-promocao-da-carreira\/","url":"https:\/\/miradouronoticias.com\/site\/2024\/04\/25\/governo-de-minas-publica-lista-do-primeiro-e-segundo-lotes-do-adveb-e-atos-de-progressao-e-promocao-da-carreira\/","name":"Governo de Minas publica lista do primeiro e segundo lotes do Adveb e atos de progress\u00e3o e promo\u00e7\u00e3o da carreira - Miradouro Not\u00edcias","isPartOf":{"@id":"https:\/\/miradouronoticias.com\/site\/#website"},"primaryImageOfPage":{"@id":"https:\/\/miradouronoticias.com\/site\/2024\/04\/25\/governo-de-minas-publica-lista-do-primeiro-e-segundo-lotes-do-adveb-e-atos-de-progressao-e-promocao-da-carreira\/#primaryimage"},"image":{"@id":"https:\/\/miradouronoticias.com\/site\/2024\/04\/25\/governo-de-minas-publica-lista-do-primeiro-e-segundo-lotes-do-adveb-e-atos-de-progressao-e-promocao-da-carreira\/#primaryimage"},"thumbnailUrl":"https:\/\/miradouronoticias.com\/site\/wp-content\/uploads\/2024\/04\/Dirceu_Aurelio_Imprensa_MG.jpg","datePublished":"2024-04-25T09:36:23+00:00","breadcrumb":{"@id":"https:\/\/miradouronoticias.com\/site\/2024\/04\/25\/governo-de-minas-publica-lista-do-primeiro-e-segundo-lotes-do-adveb-e-atos-de-progressao-e-promocao-da-carreira\/#breadcrumb"},"inLanguage":"pt-BR","potentialAction":[{"@type":"ReadAction","target":["https:\/\/miradouronoticias.com\/site\/2024\/04\/25\/governo-de-minas-publica-lista-do-primeiro-e-segundo-lotes-do-adveb-e-atos-de-progressao-e-promocao-da-carreira\/"]}]},{"@type":"ImageObject","inLanguage":"pt-BR","@id":"https:\/\/miradouronoticias.com\/site\/2024\/04\/25\/governo-de-minas-publica-lista-do-primeiro-e-segundo-lotes-do-adveb-e-atos-de-progressao-e-promocao-da-carreira\/#primaryimage","url":"https:\/\/miradouronoticias.com\/site\/wp-content\/uploads\/2024\/04\/Dirceu_Aurelio_Imprensa_MG.jpg","contentUrl":"https:\/\/miradouronoticias.com\/site\/wp-content\/uploads\/2024\/04\/Dirceu_Aurelio_Imprensa_MG.jpg","width":940,"height":350},{"@type":"BreadcrumbList","@id":"https:\/\/miradouronoticias.com\/site\/2024\/04\/25\/governo-de-minas-publica-lista-do-primeiro-e-segundo-lotes-do-adveb-e-atos-de-progressao-e-promocao-da-carreira\/#breadcrumb","itemListElement":[{"@type":"ListItem","position":1,"name":"In\u00edcio","item":"https:\/\/miradouronoticias.com\/site\/"},{"@type":"ListItem","position":2,"name":"Governo de Minas publica lista do primeiro e segundo lotes do Adveb e atos de progress\u00e3o e promo\u00e7\u00e3o da carreira"}]},{"@type":"WebSite","@id":"https:\/\/miradouronoticias.com\/site\/#website","url":"https:\/\/miradouronoticias.com\/site\/","name":"Miradouro Not\u00edcias","description":"Informa\u00e7\u00f5es da cidade e regi\u00e3o","publisher":{"@id":"https:\/\/miradouronoticias.com\/site\/#organization"},"potentialAction":[{"@type":"SearchAction","target":{"@type":"EntryPoint","urlTemplate":"https:\/\/miradouronoticias.com\/site\/?s={search_term_string}"},"query-input":{"@type":"PropertyValueSpecification","valueRequired":true,"valueName":"search_term_string"}}],"inLanguage":"pt-BR"},{"@type":"Organization","@id":"https:\/\/miradouronoticias.com\/site\/#organization","name":"Miradouro Not\u00edcias","url":"https:\/\/miradouronoticias.com\/site\/","logo":{"@type":"ImageObject","inLanguage":"pt-BR","@id":"https:\/\/miradouronoticias.com\/site\/#\/schema\/logo\/image\/","url":"https:\/\/miradouronoticias.com\/site\/wp-content\/uploads\/2022\/01\/logomarcamiradouronoticias.png","contentUrl":"https:\/\/miradouronoticias.com\/site\/wp-content\/uploads\/2022\/01\/logomarcamiradouronoticias.png","width":747,"height":263,"caption":"Miradouro Not\u00edcias"},"image":{"@id":"https:\/\/miradouronoticias.com\/site\/#\/schema\/logo\/image\/"}},{"@type":"Person","@id":"https:\/\/miradouronoticias.com\/site\/#\/schema\/person\/73440d8c82222950df86f3e1a16aad3b","name":"Cl\u00e1udia Olyver","sameAs":["http:\/\/www.miradouronoticias.com"],"url":"https:\/\/miradouronoticias.com\/site\/author\/claudia\/"}]}},"_links":{"self":[{"href":"https:\/\/miradouronoticias.com\/site\/wp-json\/wp\/v2\/posts\/23430","targetHints":{"allow":["GET"]}}],"collection":[{"href":"https:\/\/miradouronoticias.com\/site\/wp-json\/wp\/v2\/posts"}],"about":[{"href":"https:\/\/miradouronoticias.com\/site\/wp-json\/wp\/v2\/types\/post"}],"author":[{"embeddable":true,"href":"https:\/\/miradouronoticias.com\/site\/wp-json\/wp\/v2\/users\/4"}],"replies":[{"embeddable":true,"href":"https:\/\/miradouronoticias.com\/site\/wp-json\/wp\/v2\/comments?post=23430"}],"version-history":[{"count":1,"href":"https:\/\/miradouronoticias.com\/site\/wp-json\/wp\/v2\/posts\/23430\/revisions"}],"predecessor-version":[{"id":23432,"href":"https:\/\/miradouronoticias.com\/site\/wp-json\/wp\/v2\/posts\/23430\/revisions\/23432"}],"wp:featuredmedia":[{"embeddable":true,"href":"https:\/\/miradouronoticias.com\/site\/wp-json\/wp\/v2\/media\/23431"}],"wp:attachment":[{"href":"https:\/\/miradouronoticias.com\/site\/wp-json\/wp\/v2\/media?parent=23430"}],"wp:term":[{"taxonomy":"category","embeddable":true,"href":"https:\/\/miradouronoticias.com\/site\/wp-json\/wp\/v2\/categories?post=23430"},{"taxonomy":"post_tag","embeddable":true,"href":"https:\/\/miradouronoticias.com\/site\/wp-json\/wp\/v2\/tags?post=23430"}],"curies":[{"name":"wp","href":"https:\/\/api.w.org\/{rel}","templated":true}]}}