{"id":22103,"date":"2024-02-14T04:33:43","date_gmt":"2024-02-14T07:33:43","guid":{"rendered":"https:\/\/miradouronoticias.com\/site\/?p=22103"},"modified":"2024-02-14T04:33:43","modified_gmt":"2024-02-14T07:33:43","slug":"bombeiros-atendem-vitima-de-capotamento-de-automovel-na-zona-rural-de-barbacena","status":"publish","type":"post","link":"https:\/\/miradouronoticias.com\/site\/2024\/02\/14\/bombeiros-atendem-vitima-de-capotamento-de-automovel-na-zona-rural-de-barbacena\/","title":{"rendered":"Bombeiros atendem v\u00edtima de capotamento de autom\u00f3vel na zona rural de Barbacena"},"content":{"rendered":"<p>Na tarde dessa segunda-feira, 12, o Corpo de Bombeiros Militar de Barbacena realizou o atendimento de uma ocorr\u00eancia de capotamento de um Palio branco, na regi\u00e3o do Povoado Campestre II, em Barbacena.<br \/>\nNo local, o ve\u00edculo estava em sua posi\u00e7\u00e3o original ap\u00f3s ter capotado por algumas vezes, saindo da pista de rolamento.<br \/>\nSegundo testemunhas, o ve\u00edculo seguia em dire\u00e7\u00e3o \u00e0 Rodovia 040 quando sofreu o acidente numa curva. Ningu\u00e9m soube falar a causa do acidente.<br \/>\nO autom\u00f3vel era tripulado por 3 homens, que foram atendidos pela Unidade de Suporte Avan\u00e7ado (USA) do SAMU e pela Unidade de Resgate (UR) do CBMMG.<br \/>\nA v\u00edtima mais grave, inst\u00e1vel e inconsciente, foi transportada pela USA, a que apresentava escoria\u00e7\u00f5es pelo corpo foi conduzida pela UR e a terceira v\u00edtima evadiu-se do local.<br \/>\nA equipe do Salvamento realizou o desligamento da bateria do ve\u00edculo para prevenir o risco de inc\u00eandio.<\/p>\n<p>A Pol\u00edcia Militar foi acionada e ficou respons\u00e1vel pelo autom\u00f3vel acidentado.<\/p>\n<p>Bombeiro: o amigo certo nas horas incertas<\/p>\n<p><img loading=\"lazy\" decoding=\"async\" class=\"alignnone size-medium wp-image-22104\" src=\"https:\/\/miradouronoticias.com\/site\/wp-content\/uploads\/2024\/02\/IMG-20240212-WA0613-225x300.jpg\" alt=\"\" width=\"225\" height=\"300\" srcset=\"https:\/\/miradouronoticias.com\/site\/wp-content\/uploads\/2024\/02\/IMG-20240212-WA0613-225x300.jpg 225w, https:\/\/miradouronoticias.com\/site\/wp-content\/uploads\/2024\/02\/IMG-20240212-WA0613-768x1023.jpg 768w, https:\/\/miradouronoticias.com\/site\/wp-content\/uploads\/2024\/02\/IMG-20240212-WA0613-1153x1536.jpg 1153w, https:\/\/miradouronoticias.com\/site\/wp-content\/uploads\/2024\/02\/IMG-20240212-WA0613.jpg 1200w\" sizes=\"auto, (max-width: 225px) 100vw, 225px\" \/><img loading=\"lazy\" decoding=\"async\" class=\"alignnone size-medium wp-image-22109\" src=\"https:\/\/miradouronoticias.com\/site\/wp-content\/uploads\/2024\/02\/IMG-20240212-WA0612-1-225x300.jpg\" alt=\"\" width=\"225\" height=\"300\" srcset=\"https:\/\/miradouronoticias.com\/site\/wp-content\/uploads\/2024\/02\/IMG-20240212-WA0612-1-225x300.jpg 225w, https:\/\/miradouronoticias.com\/site\/wp-content\/uploads\/2024\/02\/IMG-20240212-WA0612-1-768x1023.jpg 768w, https:\/\/miradouronoticias.com\/site\/wp-content\/uploads\/2024\/02\/IMG-20240212-WA0612-1-1153x1536.jpg 1153w, https:\/\/miradouronoticias.com\/site\/wp-content\/uploads\/2024\/02\/IMG-20240212-WA0612-1.jpg 1200w\" sizes=\"auto, (max-width: 225px) 100vw, 225px\" \/><img loading=\"lazy\" decoding=\"async\" class=\"alignnone size-medium wp-image-22110\" src=\"https:\/\/miradouronoticias.com\/site\/wp-content\/uploads\/2024\/02\/IMG-20240212-WA0611-225x300.jpg\" alt=\"\" width=\"225\" height=\"300\" srcset=\"https:\/\/miradouronoticias.com\/site\/wp-content\/uploads\/2024\/02\/IMG-20240212-WA0611-225x300.jpg 225w, https:\/\/miradouronoticias.com\/site\/wp-content\/uploads\/2024\/02\/IMG-20240212-WA0611-768x1023.jpg 768w, https:\/\/miradouronoticias.com\/site\/wp-content\/uploads\/2024\/02\/IMG-20240212-WA0611-1153x1536.jpg 1153w, https:\/\/miradouronoticias.com\/site\/wp-content\/uploads\/2024\/02\/IMG-20240212-WA0611.jpg 1200w\" sizes=\"auto, (max-width: 225px) 100vw, 225px\" \/><img loading=\"lazy\" decoding=\"async\" class=\"alignnone size-medium wp-image-22111\" src=\"https:\/\/miradouronoticias.com\/site\/wp-content\/uploads\/2024\/02\/IMG-20240212-WA0610-225x300.jpg\" alt=\"\" width=\"225\" height=\"300\" srcset=\"https:\/\/miradouronoticias.com\/site\/wp-content\/uploads\/2024\/02\/IMG-20240212-WA0610-225x300.jpg 225w, https:\/\/miradouronoticias.com\/site\/wp-content\/uploads\/2024\/02\/IMG-20240212-WA0610-768x1023.jpg 768w, https:\/\/miradouronoticias.com\/site\/wp-content\/uploads\/2024\/02\/IMG-20240212-WA0610-1153x1536.jpg 1153w, https:\/\/miradouronoticias.com\/site\/wp-content\/uploads\/2024\/02\/IMG-20240212-WA0610.jpg 1200w\" sizes=\"auto, (max-width: 225px) 100vw, 225px\" \/><\/p>\n<h6><strong>Fonte: Bombeiros<\/strong><\/h6>\n<hr \/>\n<p><strong><span style=\"color: #ff0000;\">By: miradouronoticias.com.br<\/span><\/strong><\/p>\n","protected":false},"excerpt":{"rendered":"<p>Na tarde dessa segunda-feira, 12, o Corpo de Bombeiros Militar de Barbacena realizou o atendimento de uma ocorr\u00eancia de capotamento de um Palio branco, na regi\u00e3o do Povoado Campestre II, em Barbacena. No local, o ve\u00edculo estava em sua posi\u00e7\u00e3o original ap\u00f3s ter capotado por algumas vezes, saindo da pista de rolamento. Segundo testemunhas, o [&hellip;]<\/p>\n","protected":false},"author":4,"featured_media":22104,"comment_status":"open","ping_status":"open","sticky":false,"template":"","format":"standard","meta":{"footnotes":""},"categories":[24,10],"tags":[],"class_list":["post-22103","post","type-post","status-publish","format-standard","has-post-thumbnail","hentry","category-acidente","category-destaque-2"],"yoast_head":"<!-- This site is optimized with the Yoast SEO plugin v27.2 - https:\/\/yoast.com\/product\/yoast-seo-wordpress\/ -->\n<title>Bombeiros atendem v\u00edtima de capotamento de autom\u00f3vel na zona rural de Barbacena - Miradouro Not\u00edcias<\/title>\n<meta name=\"robots\" content=\"index, follow, max-snippet:-1, max-image-preview:large, max-video-preview:-1\" \/>\n<link rel=\"canonical\" href=\"https:\/\/miradouronoticias.com\/site\/2024\/02\/14\/bombeiros-atendem-vitima-de-capotamento-de-automovel-na-zona-rural-de-barbacena\/\" \/>\n<meta property=\"og:locale\" content=\"pt_BR\" \/>\n<meta property=\"og:type\" content=\"article\" \/>\n<meta property=\"og:title\" content=\"Bombeiros atendem v\u00edtima de capotamento de autom\u00f3vel na zona rural de Barbacena - Miradouro Not\u00edcias\" \/>\n<meta property=\"og:description\" content=\"Na tarde dessa segunda-feira, 12, o Corpo de Bombeiros Militar de Barbacena realizou o atendimento de uma ocorr\u00eancia de capotamento de um Palio branco, na regi\u00e3o do Povoado Campestre II, em Barbacena. No local, o ve\u00edculo estava em sua posi\u00e7\u00e3o original ap\u00f3s ter capotado por algumas vezes, saindo da pista de rolamento. Segundo testemunhas, o [&hellip;]\" \/>\n<meta property=\"og:url\" content=\"https:\/\/miradouronoticias.com\/site\/2024\/02\/14\/bombeiros-atendem-vitima-de-capotamento-de-automovel-na-zona-rural-de-barbacena\/\" \/>\n<meta property=\"og:site_name\" content=\"Miradouro Not\u00edcias\" \/>\n<meta property=\"article:published_time\" content=\"2024-02-14T07:33:43+00:00\" \/>\n<meta property=\"og:image\" content=\"https:\/\/miradouronoticias.com\/site\/wp-content\/uploads\/2024\/02\/IMG-20240212-WA0613.jpg\" \/>\n\t<meta property=\"og:image:width\" content=\"1200\" \/>\n\t<meta property=\"og:image:height\" content=\"1599\" \/>\n\t<meta property=\"og:image:type\" content=\"image\/jpeg\" \/>\n<meta name=\"author\" content=\"Cl\u00e1udia Olyver\" \/>\n<meta name=\"twitter:card\" content=\"summary_large_image\" \/>\n<meta name=\"twitter:label1\" content=\"Escrito por\" \/>\n\t<meta name=\"twitter:data1\" content=\"Cl\u00e1udia Olyver\" \/>\n\t<meta name=\"twitter:label2\" content=\"Est. tempo de leitura\" \/>\n\t<meta name=\"twitter:data2\" content=\"1 minuto\" \/>\n<script type=\"application\/ld+json\" class=\"yoast-schema-graph\">{\"@context\":\"https:\/\/schema.org\",\"@graph\":[{\"@type\":\"Article\",\"@id\":\"https:\/\/miradouronoticias.com\/site\/2024\/02\/14\/bombeiros-atendem-vitima-de-capotamento-de-automovel-na-zona-rural-de-barbacena\/#article\",\"isPartOf\":{\"@id\":\"https:\/\/miradouronoticias.com\/site\/2024\/02\/14\/bombeiros-atendem-vitima-de-capotamento-de-automovel-na-zona-rural-de-barbacena\/\"},\"author\":{\"name\":\"Cl\u00e1udia Olyver\",\"@id\":\"https:\/\/miradouronoticias.com\/site\/#\/schema\/person\/73440d8c82222950df86f3e1a16aad3b\"},\"headline\":\"Bombeiros atendem v\u00edtima de capotamento de autom\u00f3vel na zona rural de Barbacena\",\"datePublished\":\"2024-02-14T07:33:43+00:00\",\"mainEntityOfPage\":{\"@id\":\"https:\/\/miradouronoticias.com\/site\/2024\/02\/14\/bombeiros-atendem-vitima-de-capotamento-de-automovel-na-zona-rural-de-barbacena\/\"},\"wordCount\":199,\"commentCount\":0,\"publisher\":{\"@id\":\"https:\/\/miradouronoticias.com\/site\/#organization\"},\"image\":{\"@id\":\"https:\/\/miradouronoticias.com\/site\/2024\/02\/14\/bombeiros-atendem-vitima-de-capotamento-de-automovel-na-zona-rural-de-barbacena\/#primaryimage\"},\"thumbnailUrl\":\"https:\/\/miradouronoticias.com\/site\/wp-content\/uploads\/2024\/02\/IMG-20240212-WA0613.jpg\",\"articleSection\":[\"Acidente\",\"Destaque 2\"],\"inLanguage\":\"pt-BR\",\"potentialAction\":[{\"@type\":\"CommentAction\",\"name\":\"Comment\",\"target\":[\"https:\/\/miradouronoticias.com\/site\/2024\/02\/14\/bombeiros-atendem-vitima-de-capotamento-de-automovel-na-zona-rural-de-barbacena\/#respond\"]}]},{\"@type\":\"WebPage\",\"@id\":\"https:\/\/miradouronoticias.com\/site\/2024\/02\/14\/bombeiros-atendem-vitima-de-capotamento-de-automovel-na-zona-rural-de-barbacena\/\",\"url\":\"https:\/\/miradouronoticias.com\/site\/2024\/02\/14\/bombeiros-atendem-vitima-de-capotamento-de-automovel-na-zona-rural-de-barbacena\/\",\"name\":\"Bombeiros atendem v\u00edtima de capotamento de autom\u00f3vel na zona rural de Barbacena - Miradouro Not\u00edcias\",\"isPartOf\":{\"@id\":\"https:\/\/miradouronoticias.com\/site\/#website\"},\"primaryImageOfPage\":{\"@id\":\"https:\/\/miradouronoticias.com\/site\/2024\/02\/14\/bombeiros-atendem-vitima-de-capotamento-de-automovel-na-zona-rural-de-barbacena\/#primaryimage\"},\"image\":{\"@id\":\"https:\/\/miradouronoticias.com\/site\/2024\/02\/14\/bombeiros-atendem-vitima-de-capotamento-de-automovel-na-zona-rural-de-barbacena\/#primaryimage\"},\"thumbnailUrl\":\"https:\/\/miradouronoticias.com\/site\/wp-content\/uploads\/2024\/02\/IMG-20240212-WA0613.jpg\",\"datePublished\":\"2024-02-14T07:33:43+00:00\",\"breadcrumb\":{\"@id\":\"https:\/\/miradouronoticias.com\/site\/2024\/02\/14\/bombeiros-atendem-vitima-de-capotamento-de-automovel-na-zona-rural-de-barbacena\/#breadcrumb\"},\"inLanguage\":\"pt-BR\",\"potentialAction\":[{\"@type\":\"ReadAction\",\"target\":[\"https:\/\/miradouronoticias.com\/site\/2024\/02\/14\/bombeiros-atendem-vitima-de-capotamento-de-automovel-na-zona-rural-de-barbacena\/\"]}]},{\"@type\":\"ImageObject\",\"inLanguage\":\"pt-BR\",\"@id\":\"https:\/\/miradouronoticias.com\/site\/2024\/02\/14\/bombeiros-atendem-vitima-de-capotamento-de-automovel-na-zona-rural-de-barbacena\/#primaryimage\",\"url\":\"https:\/\/miradouronoticias.com\/site\/wp-content\/uploads\/2024\/02\/IMG-20240212-WA0613.jpg\",\"contentUrl\":\"https:\/\/miradouronoticias.com\/site\/wp-content\/uploads\/2024\/02\/IMG-20240212-WA0613.jpg\",\"width\":1200,\"height\":1599},{\"@type\":\"BreadcrumbList\",\"@id\":\"https:\/\/miradouronoticias.com\/site\/2024\/02\/14\/bombeiros-atendem-vitima-de-capotamento-de-automovel-na-zona-rural-de-barbacena\/#breadcrumb\",\"itemListElement\":[{\"@type\":\"ListItem\",\"position\":1,\"name\":\"In\u00edcio\",\"item\":\"https:\/\/miradouronoticias.com\/site\/\"},{\"@type\":\"ListItem\",\"position\":2,\"name\":\"Bombeiros atendem v\u00edtima de capotamento de autom\u00f3vel na zona rural de Barbacena\"}]},{\"@type\":\"WebSite\",\"@id\":\"https:\/\/miradouronoticias.com\/site\/#website\",\"url\":\"https:\/\/miradouronoticias.com\/site\/\",\"name\":\"Miradouro Not\u00edcias\",\"description\":\"Informa\u00e7\u00f5es da cidade e regi\u00e3o\",\"publisher\":{\"@id\":\"https:\/\/miradouronoticias.com\/site\/#organization\"},\"potentialAction\":[{\"@type\":\"SearchAction\",\"target\":{\"@type\":\"EntryPoint\",\"urlTemplate\":\"https:\/\/miradouronoticias.com\/site\/?s={search_term_string}\"},\"query-input\":{\"@type\":\"PropertyValueSpecification\",\"valueRequired\":true,\"valueName\":\"search_term_string\"}}],\"inLanguage\":\"pt-BR\"},{\"@type\":\"Organization\",\"@id\":\"https:\/\/miradouronoticias.com\/site\/#organization\",\"name\":\"Miradouro Not\u00edcias\",\"url\":\"https:\/\/miradouronoticias.com\/site\/\",\"logo\":{\"@type\":\"ImageObject\",\"inLanguage\":\"pt-BR\",\"@id\":\"https:\/\/miradouronoticias.com\/site\/#\/schema\/logo\/image\/\",\"url\":\"https:\/\/miradouronoticias.com\/site\/wp-content\/uploads\/2022\/01\/logomarcamiradouronoticias.png\",\"contentUrl\":\"https:\/\/miradouronoticias.com\/site\/wp-content\/uploads\/2022\/01\/logomarcamiradouronoticias.png\",\"width\":747,\"height\":263,\"caption\":\"Miradouro Not\u00edcias\"},\"image\":{\"@id\":\"https:\/\/miradouronoticias.com\/site\/#\/schema\/logo\/image\/\"}},{\"@type\":\"Person\",\"@id\":\"https:\/\/miradouronoticias.com\/site\/#\/schema\/person\/73440d8c82222950df86f3e1a16aad3b\",\"name\":\"Cl\u00e1udia Olyver\",\"sameAs\":[\"http:\/\/www.miradouronoticias.com\"],\"url\":\"https:\/\/miradouronoticias.com\/site\/author\/claudia\/\"}]}<\/script>\n<!-- \/ Yoast SEO plugin. -->","yoast_head_json":{"title":"Bombeiros atendem v\u00edtima de capotamento de autom\u00f3vel na zona rural de Barbacena - Miradouro Not\u00edcias","robots":{"index":"index","follow":"follow","max-snippet":"max-snippet:-1","max-image-preview":"max-image-preview:large","max-video-preview":"max-video-preview:-1"},"canonical":"https:\/\/miradouronoticias.com\/site\/2024\/02\/14\/bombeiros-atendem-vitima-de-capotamento-de-automovel-na-zona-rural-de-barbacena\/","og_locale":"pt_BR","og_type":"article","og_title":"Bombeiros atendem v\u00edtima de capotamento de autom\u00f3vel na zona rural de Barbacena - Miradouro Not\u00edcias","og_description":"Na tarde dessa segunda-feira, 12, o Corpo de Bombeiros Militar de Barbacena realizou o atendimento de uma ocorr\u00eancia de capotamento de um Palio branco, na regi\u00e3o do Povoado Campestre II, em Barbacena. No local, o ve\u00edculo estava em sua posi\u00e7\u00e3o original ap\u00f3s ter capotado por algumas vezes, saindo da pista de rolamento. Segundo testemunhas, o [&hellip;]","og_url":"https:\/\/miradouronoticias.com\/site\/2024\/02\/14\/bombeiros-atendem-vitima-de-capotamento-de-automovel-na-zona-rural-de-barbacena\/","og_site_name":"Miradouro Not\u00edcias","article_published_time":"2024-02-14T07:33:43+00:00","og_image":[{"width":1200,"height":1599,"url":"https:\/\/miradouronoticias.com\/site\/wp-content\/uploads\/2024\/02\/IMG-20240212-WA0613.jpg","type":"image\/jpeg"}],"author":"Cl\u00e1udia Olyver","twitter_card":"summary_large_image","twitter_misc":{"Escrito por":"Cl\u00e1udia Olyver","Est. tempo de leitura":"1 minuto"},"schema":{"@context":"https:\/\/schema.org","@graph":[{"@type":"Article","@id":"https:\/\/miradouronoticias.com\/site\/2024\/02\/14\/bombeiros-atendem-vitima-de-capotamento-de-automovel-na-zona-rural-de-barbacena\/#article","isPartOf":{"@id":"https:\/\/miradouronoticias.com\/site\/2024\/02\/14\/bombeiros-atendem-vitima-de-capotamento-de-automovel-na-zona-rural-de-barbacena\/"},"author":{"name":"Cl\u00e1udia Olyver","@id":"https:\/\/miradouronoticias.com\/site\/#\/schema\/person\/73440d8c82222950df86f3e1a16aad3b"},"headline":"Bombeiros atendem v\u00edtima de capotamento de autom\u00f3vel na zona rural de Barbacena","datePublished":"2024-02-14T07:33:43+00:00","mainEntityOfPage":{"@id":"https:\/\/miradouronoticias.com\/site\/2024\/02\/14\/bombeiros-atendem-vitima-de-capotamento-de-automovel-na-zona-rural-de-barbacena\/"},"wordCount":199,"commentCount":0,"publisher":{"@id":"https:\/\/miradouronoticias.com\/site\/#organization"},"image":{"@id":"https:\/\/miradouronoticias.com\/site\/2024\/02\/14\/bombeiros-atendem-vitima-de-capotamento-de-automovel-na-zona-rural-de-barbacena\/#primaryimage"},"thumbnailUrl":"https:\/\/miradouronoticias.com\/site\/wp-content\/uploads\/2024\/02\/IMG-20240212-WA0613.jpg","articleSection":["Acidente","Destaque 2"],"inLanguage":"pt-BR","potentialAction":[{"@type":"CommentAction","name":"Comment","target":["https:\/\/miradouronoticias.com\/site\/2024\/02\/14\/bombeiros-atendem-vitima-de-capotamento-de-automovel-na-zona-rural-de-barbacena\/#respond"]}]},{"@type":"WebPage","@id":"https:\/\/miradouronoticias.com\/site\/2024\/02\/14\/bombeiros-atendem-vitima-de-capotamento-de-automovel-na-zona-rural-de-barbacena\/","url":"https:\/\/miradouronoticias.com\/site\/2024\/02\/14\/bombeiros-atendem-vitima-de-capotamento-de-automovel-na-zona-rural-de-barbacena\/","name":"Bombeiros atendem v\u00edtima de capotamento de autom\u00f3vel na zona rural de Barbacena - Miradouro Not\u00edcias","isPartOf":{"@id":"https:\/\/miradouronoticias.com\/site\/#website"},"primaryImageOfPage":{"@id":"https:\/\/miradouronoticias.com\/site\/2024\/02\/14\/bombeiros-atendem-vitima-de-capotamento-de-automovel-na-zona-rural-de-barbacena\/#primaryimage"},"image":{"@id":"https:\/\/miradouronoticias.com\/site\/2024\/02\/14\/bombeiros-atendem-vitima-de-capotamento-de-automovel-na-zona-rural-de-barbacena\/#primaryimage"},"thumbnailUrl":"https:\/\/miradouronoticias.com\/site\/wp-content\/uploads\/2024\/02\/IMG-20240212-WA0613.jpg","datePublished":"2024-02-14T07:33:43+00:00","breadcrumb":{"@id":"https:\/\/miradouronoticias.com\/site\/2024\/02\/14\/bombeiros-atendem-vitima-de-capotamento-de-automovel-na-zona-rural-de-barbacena\/#breadcrumb"},"inLanguage":"pt-BR","potentialAction":[{"@type":"ReadAction","target":["https:\/\/miradouronoticias.com\/site\/2024\/02\/14\/bombeiros-atendem-vitima-de-capotamento-de-automovel-na-zona-rural-de-barbacena\/"]}]},{"@type":"ImageObject","inLanguage":"pt-BR","@id":"https:\/\/miradouronoticias.com\/site\/2024\/02\/14\/bombeiros-atendem-vitima-de-capotamento-de-automovel-na-zona-rural-de-barbacena\/#primaryimage","url":"https:\/\/miradouronoticias.com\/site\/wp-content\/uploads\/2024\/02\/IMG-20240212-WA0613.jpg","contentUrl":"https:\/\/miradouronoticias.com\/site\/wp-content\/uploads\/2024\/02\/IMG-20240212-WA0613.jpg","width":1200,"height":1599},{"@type":"BreadcrumbList","@id":"https:\/\/miradouronoticias.com\/site\/2024\/02\/14\/bombeiros-atendem-vitima-de-capotamento-de-automovel-na-zona-rural-de-barbacena\/#breadcrumb","itemListElement":[{"@type":"ListItem","position":1,"name":"In\u00edcio","item":"https:\/\/miradouronoticias.com\/site\/"},{"@type":"ListItem","position":2,"name":"Bombeiros atendem v\u00edtima de capotamento de autom\u00f3vel na zona rural de Barbacena"}]},{"@type":"WebSite","@id":"https:\/\/miradouronoticias.com\/site\/#website","url":"https:\/\/miradouronoticias.com\/site\/","name":"Miradouro Not\u00edcias","description":"Informa\u00e7\u00f5es da cidade e regi\u00e3o","publisher":{"@id":"https:\/\/miradouronoticias.com\/site\/#organization"},"potentialAction":[{"@type":"SearchAction","target":{"@type":"EntryPoint","urlTemplate":"https:\/\/miradouronoticias.com\/site\/?s={search_term_string}"},"query-input":{"@type":"PropertyValueSpecification","valueRequired":true,"valueName":"search_term_string"}}],"inLanguage":"pt-BR"},{"@type":"Organization","@id":"https:\/\/miradouronoticias.com\/site\/#organization","name":"Miradouro Not\u00edcias","url":"https:\/\/miradouronoticias.com\/site\/","logo":{"@type":"ImageObject","inLanguage":"pt-BR","@id":"https:\/\/miradouronoticias.com\/site\/#\/schema\/logo\/image\/","url":"https:\/\/miradouronoticias.com\/site\/wp-content\/uploads\/2022\/01\/logomarcamiradouronoticias.png","contentUrl":"https:\/\/miradouronoticias.com\/site\/wp-content\/uploads\/2022\/01\/logomarcamiradouronoticias.png","width":747,"height":263,"caption":"Miradouro Not\u00edcias"},"image":{"@id":"https:\/\/miradouronoticias.com\/site\/#\/schema\/logo\/image\/"}},{"@type":"Person","@id":"https:\/\/miradouronoticias.com\/site\/#\/schema\/person\/73440d8c82222950df86f3e1a16aad3b","name":"Cl\u00e1udia Olyver","sameAs":["http:\/\/www.miradouronoticias.com"],"url":"https:\/\/miradouronoticias.com\/site\/author\/claudia\/"}]}},"_links":{"self":[{"href":"https:\/\/miradouronoticias.com\/site\/wp-json\/wp\/v2\/posts\/22103","targetHints":{"allow":["GET"]}}],"collection":[{"href":"https:\/\/miradouronoticias.com\/site\/wp-json\/wp\/v2\/posts"}],"about":[{"href":"https:\/\/miradouronoticias.com\/site\/wp-json\/wp\/v2\/types\/post"}],"author":[{"embeddable":true,"href":"https:\/\/miradouronoticias.com\/site\/wp-json\/wp\/v2\/users\/4"}],"replies":[{"embeddable":true,"href":"https:\/\/miradouronoticias.com\/site\/wp-json\/wp\/v2\/comments?post=22103"}],"version-history":[{"count":1,"href":"https:\/\/miradouronoticias.com\/site\/wp-json\/wp\/v2\/posts\/22103\/revisions"}],"predecessor-version":[{"id":22112,"href":"https:\/\/miradouronoticias.com\/site\/wp-json\/wp\/v2\/posts\/22103\/revisions\/22112"}],"wp:featuredmedia":[{"embeddable":true,"href":"https:\/\/miradouronoticias.com\/site\/wp-json\/wp\/v2\/media\/22104"}],"wp:attachment":[{"href":"https:\/\/miradouronoticias.com\/site\/wp-json\/wp\/v2\/media?parent=22103"}],"wp:term":[{"taxonomy":"category","embeddable":true,"href":"https:\/\/miradouronoticias.com\/site\/wp-json\/wp\/v2\/categories?post=22103"},{"taxonomy":"post_tag","embeddable":true,"href":"https:\/\/miradouronoticias.com\/site\/wp-json\/wp\/v2\/tags?post=22103"}],"curies":[{"name":"wp","href":"https:\/\/api.w.org\/{rel}","templated":true}]}}