{"id":21658,"date":"2024-01-28T19:37:01","date_gmt":"2024-01-28T22:37:01","guid":{"rendered":"https:\/\/miradouronoticias.com\/site\/?p=21658"},"modified":"2024-01-28T19:37:01","modified_gmt":"2024-01-28T22:37:01","slug":"aviao-cai-em-minas-gerais-e-deixa-sete-mortos","status":"publish","type":"post","link":"https:\/\/miradouronoticias.com\/site\/2024\/01\/28\/aviao-cai-em-minas-gerais-e-deixa-sete-mortos\/","title":{"rendered":"Avi\u00e3o cai em Minas Gerais e deixa sete mortos"},"content":{"rendered":"<h3 class=\"col-10 offset-1 animated fadeInDown dealy-900 display-8 display-md-8 alt-font font-italic my-1 text-center\">Cenipa investiga as causas do acidente<\/h3>\n<div class=\"col-lg-12 mb-3\">\n<div class=\"row\">\n<div id=\"tts-container\" class=\"col-xl-7 offset-xl-1 col-lg-8 offset-lg-0 col-md-10 offset-md-1 mb-3\"><audio id=\"tts-player\" src=\"https:\/\/tts-app.ebc.com.br\/media\/tts\/216290.mp3\" controls=\"controls\" data-mce-fragment=\"1\"><\/audio><\/div>\n<\/div>\n<\/div>\n<div class=\"col-xl-7 offset-xl-1 col-lg-8 offset-lg-0 col-md-10 offset-md-1 mb-3\">\n<div class=\"post-item alt-font\">\n<div class=\"post-item-wrap\">\n<p>Um avi\u00e3o de pequeno porte, de matr\u00edcula PS-MTG, caiu neste domingo (28), na zona rural de Itapeva, no sul de Minas Gerais. O Corpo de Bombeiros do estado informou que os militares encontraram sete mortos no local. O n\u00famero foi confirmado por peritos da Pol\u00edcia Civil de Minas Gerais (PCMG). Segundo a pol\u00edcia, trata-se de\u00a0duas mulheres, quatro homens e um menino.<img decoding=\"async\" src=\"https:\/\/agenciabrasil.ebc.com.br\/ebc.png?id=1578243&amp;o=node\" \/><img decoding=\"async\" src=\"https:\/\/agenciabrasil.ebc.com.br\/ebc.gif?id=1578243&amp;o=node\" \/><\/p>\n<p>\u201cOs bombeiros militares de Minas Gerais encontraram em \u00f3bito as sete v\u00edtimas a bordo da aeronave. Os peritos da PCMG confirmaram esta quantidade e d\u00e3o continuidade aos trabalhos no local\u201d, informou a corpora\u00e7\u00e3o.<\/p>\n<p>Em v\u00eddeos de moradores, publicados nas redes sociais, \u00e9 poss\u00edvel ver peda\u00e7os da aeronave espalhados pelo terreno onde houve o acidente. De acordo com o N\u00facleo de Atendimento \u00e0 Imprensa do governo de Minas Gerais, o Corpo de Bombeiros recebeu o chamado da ocorr\u00eancia por volta das 10h38 da manh\u00e3 do domingo.<\/p>\n<p>A nota do governo mineiro acrescentou que depois de localizada a aeronave, oito bombeiros militares come\u00e7aram a atuar em um per\u00edmetro de aproximadamente 400 metros. O governo mineiro acrescentou que \u201ca quantidade de pessoas a bordo deve ser confirmada pela empresa respons\u00e1vel pelo check-in da aeronave, que decolou do Aeroporto Estadual de Campos dos Amarais, em Campinas, S\u00e3o Paulo\u201d.<\/p>\n<p>A Pol\u00edcia Civil de Minas Gerais (PCMG), informou que logo ap\u00f3s ser avisada sobre o acidente, enviou uma equipe de per\u00edcia para o local. L\u00e1, os peritos encontraram os corpos das v\u00edtimas \u201cOs sete corpos, quatro homens, um menino e duas mulheres, foram encaminhados ao Posto M\u00e9dico-Legal, em Pouso Alegre, para exames necropsiais e identifica\u00e7\u00e3o. A ocorr\u00eancia encontra-se em andamento\u201d, contou, acrescentando que \u201ct\u00e3o logo seja poss\u00edvel, novas informa\u00e7\u00f5es poder\u00e3o ser divulgadas\u201d.<\/p>\n<h2>Investiga\u00e7\u00f5es<\/h2>\n<p>O Centro de Investiga\u00e7\u00e3o e Preven\u00e7\u00e3o de Acidentes Aeron\u00e1uticos (Cenipa) determinou a ida para o local de investigadores do Terceiro Servi\u00e7o Regional de Investiga\u00e7\u00e3o e Preven\u00e7\u00e3o de Acidentes Aeron\u00e1uticos (Seripa III), localizados no Rio de Janeiro (RJ). A Seripa III \u00e9 um \u00f3rg\u00e3o regional Cenipa.<\/p>\n<p>\u201cNa a\u00e7\u00e3o inicial s\u00e3o utilizadas t\u00e9cnicas espec\u00edficas, conduzidas por pessoal qualificado e credenciado que realiza a coleta e confirma\u00e7\u00e3o de dados, a preserva\u00e7\u00e3o dos elementos da investiga\u00e7\u00e3o, a verifica\u00e7\u00e3o inicial de danos causados \u00e0 aeronave, ou pela aeronave, e o levantamento de outras informa\u00e7\u00f5es necess\u00e1rias ao processo de investiga\u00e7\u00e3o\u201d, informou em nota a For\u00e7a A\u00e9rea Brasileira (FAB).<\/p>\n<p>De acordo com a FAB, \u201ca conclus\u00e3o das investiga\u00e7\u00f5es ter\u00e1 o menor prazo poss\u00edvel, dependendo sempre da complexidade de cada ocorr\u00eancia e, ainda, da necessidade de descobrir os poss\u00edveis fatores contribuintes\u201d.<\/p>\n<p>O objetivo das investiga\u00e7\u00f5es de ocorr\u00eancias aeron\u00e1uticas por parte do Cenipa \u00e9 evitar que ocorram novos acidentes com caracter\u00edsticas semelhantes.<\/p>\n<h2>Anac<\/h2>\n<p>Tamb\u00e9m em nota, a Ag\u00eancia Nacional de Avia\u00e7\u00e3o Civil (Anac) lamentou o acidente ocorrido e se solidarizou com amigos e familiares das v\u00edtimas. \u201cA aeronave, matr\u00edcula PS-MTG, est\u00e1 em situa\u00e7\u00e3o regular na ANAC e n\u00e3o tinha autoriza\u00e7\u00e3o para servi\u00e7o de t\u00e1xi-a\u00e9reo\u201d, completou o \u00f3rg\u00e3o regulador.<\/p>\n<p><img loading=\"lazy\" decoding=\"async\" class=\"alignnone size-medium wp-image-21659\" src=\"https:\/\/miradouronoticias.com\/site\/wp-content\/uploads\/2024\/01\/alta_aviao_jv-300x179.webp\" alt=\"\" width=\"300\" height=\"179\" srcset=\"https:\/\/miradouronoticias.com\/site\/wp-content\/uploads\/2024\/01\/alta_aviao_jv-300x179.webp 300w, https:\/\/miradouronoticias.com\/site\/wp-content\/uploads\/2024\/01\/alta_aviao_jv-1024x613.webp 1024w, https:\/\/miradouronoticias.com\/site\/wp-content\/uploads\/2024\/01\/alta_aviao_jv-768x459.webp 768w, https:\/\/miradouronoticias.com\/site\/wp-content\/uploads\/2024\/01\/alta_aviao_jv.webp 1170w\" sizes=\"auto, (max-width: 300px) 100vw, 300px\" \/><\/p>\n<\/div>\n<\/div>\n<\/div>\n<h6><strong>Ag\u00eancia Brasil<\/strong><\/h6>\n<hr \/>\n<p><strong><span style=\"color: #ff0000;\">By: miradouronoticias.com.br<\/span><\/strong><\/p>\n","protected":false},"excerpt":{"rendered":"<p>Cenipa investiga as causas do acidente Um avi\u00e3o de pequeno porte, de matr\u00edcula PS-MTG, caiu neste domingo (28), na zona rural de Itapeva, no sul de Minas Gerais. O Corpo de Bombeiros do estado informou que os militares encontraram sete mortos no local. O n\u00famero foi confirmado por peritos da Pol\u00edcia Civil de Minas Gerais [&hellip;]<\/p>\n","protected":false},"author":4,"featured_media":21659,"comment_status":"open","ping_status":"open","sticky":false,"template":"","format":"standard","meta":{"footnotes":""},"categories":[24,10,21],"tags":[],"class_list":["post-21658","post","type-post","status-publish","format-standard","has-post-thumbnail","hentry","category-acidente","category-destaque-2","category-minas-gerais"],"yoast_head":"<!-- This site is optimized with the Yoast SEO plugin v27.2 - https:\/\/yoast.com\/product\/yoast-seo-wordpress\/ -->\n<title>Avi\u00e3o cai em Minas Gerais e deixa sete mortos - Miradouro Not\u00edcias<\/title>\n<meta name=\"robots\" content=\"index, follow, max-snippet:-1, max-image-preview:large, max-video-preview:-1\" \/>\n<link rel=\"canonical\" href=\"https:\/\/miradouronoticias.com\/site\/2024\/01\/28\/aviao-cai-em-minas-gerais-e-deixa-sete-mortos\/\" \/>\n<meta property=\"og:locale\" content=\"pt_BR\" \/>\n<meta property=\"og:type\" content=\"article\" \/>\n<meta property=\"og:title\" content=\"Avi\u00e3o cai em Minas Gerais e deixa sete mortos - Miradouro Not\u00edcias\" \/>\n<meta property=\"og:description\" content=\"Cenipa investiga as causas do acidente Um avi\u00e3o de pequeno porte, de matr\u00edcula PS-MTG, caiu neste domingo (28), na zona rural de Itapeva, no sul de Minas Gerais. O Corpo de Bombeiros do estado informou que os militares encontraram sete mortos no local. O n\u00famero foi confirmado por peritos da Pol\u00edcia Civil de Minas Gerais [&hellip;]\" \/>\n<meta property=\"og:url\" content=\"https:\/\/miradouronoticias.com\/site\/2024\/01\/28\/aviao-cai-em-minas-gerais-e-deixa-sete-mortos\/\" \/>\n<meta property=\"og:site_name\" content=\"Miradouro Not\u00edcias\" \/>\n<meta property=\"article:published_time\" content=\"2024-01-28T22:37:01+00:00\" \/>\n<meta property=\"og:image\" content=\"https:\/\/miradouronoticias.com\/site\/wp-content\/uploads\/2024\/01\/alta_aviao_jv.webp\" \/>\n\t<meta property=\"og:image:width\" content=\"1170\" \/>\n\t<meta property=\"og:image:height\" content=\"700\" \/>\n\t<meta property=\"og:image:type\" content=\"image\/webp\" \/>\n<meta name=\"author\" content=\"Cl\u00e1udia Olyver\" \/>\n<meta name=\"twitter:card\" content=\"summary_large_image\" \/>\n<meta name=\"twitter:label1\" content=\"Escrito por\" \/>\n\t<meta name=\"twitter:data1\" content=\"Cl\u00e1udia Olyver\" \/>\n\t<meta name=\"twitter:label2\" content=\"Est. tempo de leitura\" \/>\n\t<meta name=\"twitter:data2\" content=\"3 minutos\" \/>\n<script type=\"application\/ld+json\" class=\"yoast-schema-graph\">{\"@context\":\"https:\/\/schema.org\",\"@graph\":[{\"@type\":\"Article\",\"@id\":\"https:\/\/miradouronoticias.com\/site\/2024\/01\/28\/aviao-cai-em-minas-gerais-e-deixa-sete-mortos\/#article\",\"isPartOf\":{\"@id\":\"https:\/\/miradouronoticias.com\/site\/2024\/01\/28\/aviao-cai-em-minas-gerais-e-deixa-sete-mortos\/\"},\"author\":{\"name\":\"Cl\u00e1udia Olyver\",\"@id\":\"https:\/\/miradouronoticias.com\/site\/#\/schema\/person\/73440d8c82222950df86f3e1a16aad3b\"},\"headline\":\"Avi\u00e3o cai em Minas Gerais e deixa sete mortos\",\"datePublished\":\"2024-01-28T22:37:01+00:00\",\"mainEntityOfPage\":{\"@id\":\"https:\/\/miradouronoticias.com\/site\/2024\/01\/28\/aviao-cai-em-minas-gerais-e-deixa-sete-mortos\/\"},\"wordCount\":565,\"commentCount\":0,\"publisher\":{\"@id\":\"https:\/\/miradouronoticias.com\/site\/#organization\"},\"image\":{\"@id\":\"https:\/\/miradouronoticias.com\/site\/2024\/01\/28\/aviao-cai-em-minas-gerais-e-deixa-sete-mortos\/#primaryimage\"},\"thumbnailUrl\":\"https:\/\/miradouronoticias.com\/site\/wp-content\/uploads\/2024\/01\/alta_aviao_jv.webp\",\"articleSection\":[\"Acidente\",\"Destaque 2\",\"Minas Gerais\"],\"inLanguage\":\"pt-BR\",\"potentialAction\":[{\"@type\":\"CommentAction\",\"name\":\"Comment\",\"target\":[\"https:\/\/miradouronoticias.com\/site\/2024\/01\/28\/aviao-cai-em-minas-gerais-e-deixa-sete-mortos\/#respond\"]}]},{\"@type\":\"WebPage\",\"@id\":\"https:\/\/miradouronoticias.com\/site\/2024\/01\/28\/aviao-cai-em-minas-gerais-e-deixa-sete-mortos\/\",\"url\":\"https:\/\/miradouronoticias.com\/site\/2024\/01\/28\/aviao-cai-em-minas-gerais-e-deixa-sete-mortos\/\",\"name\":\"Avi\u00e3o cai em Minas Gerais e deixa sete mortos - Miradouro Not\u00edcias\",\"isPartOf\":{\"@id\":\"https:\/\/miradouronoticias.com\/site\/#website\"},\"primaryImageOfPage\":{\"@id\":\"https:\/\/miradouronoticias.com\/site\/2024\/01\/28\/aviao-cai-em-minas-gerais-e-deixa-sete-mortos\/#primaryimage\"},\"image\":{\"@id\":\"https:\/\/miradouronoticias.com\/site\/2024\/01\/28\/aviao-cai-em-minas-gerais-e-deixa-sete-mortos\/#primaryimage\"},\"thumbnailUrl\":\"https:\/\/miradouronoticias.com\/site\/wp-content\/uploads\/2024\/01\/alta_aviao_jv.webp\",\"datePublished\":\"2024-01-28T22:37:01+00:00\",\"breadcrumb\":{\"@id\":\"https:\/\/miradouronoticias.com\/site\/2024\/01\/28\/aviao-cai-em-minas-gerais-e-deixa-sete-mortos\/#breadcrumb\"},\"inLanguage\":\"pt-BR\",\"potentialAction\":[{\"@type\":\"ReadAction\",\"target\":[\"https:\/\/miradouronoticias.com\/site\/2024\/01\/28\/aviao-cai-em-minas-gerais-e-deixa-sete-mortos\/\"]}]},{\"@type\":\"ImageObject\",\"inLanguage\":\"pt-BR\",\"@id\":\"https:\/\/miradouronoticias.com\/site\/2024\/01\/28\/aviao-cai-em-minas-gerais-e-deixa-sete-mortos\/#primaryimage\",\"url\":\"https:\/\/miradouronoticias.com\/site\/wp-content\/uploads\/2024\/01\/alta_aviao_jv.webp\",\"contentUrl\":\"https:\/\/miradouronoticias.com\/site\/wp-content\/uploads\/2024\/01\/alta_aviao_jv.webp\",\"width\":1170,\"height\":700},{\"@type\":\"BreadcrumbList\",\"@id\":\"https:\/\/miradouronoticias.com\/site\/2024\/01\/28\/aviao-cai-em-minas-gerais-e-deixa-sete-mortos\/#breadcrumb\",\"itemListElement\":[{\"@type\":\"ListItem\",\"position\":1,\"name\":\"In\u00edcio\",\"item\":\"https:\/\/miradouronoticias.com\/site\/\"},{\"@type\":\"ListItem\",\"position\":2,\"name\":\"Avi\u00e3o cai em Minas Gerais e deixa sete mortos\"}]},{\"@type\":\"WebSite\",\"@id\":\"https:\/\/miradouronoticias.com\/site\/#website\",\"url\":\"https:\/\/miradouronoticias.com\/site\/\",\"name\":\"Miradouro Not\u00edcias\",\"description\":\"Informa\u00e7\u00f5es da cidade e regi\u00e3o\",\"publisher\":{\"@id\":\"https:\/\/miradouronoticias.com\/site\/#organization\"},\"potentialAction\":[{\"@type\":\"SearchAction\",\"target\":{\"@type\":\"EntryPoint\",\"urlTemplate\":\"https:\/\/miradouronoticias.com\/site\/?s={search_term_string}\"},\"query-input\":{\"@type\":\"PropertyValueSpecification\",\"valueRequired\":true,\"valueName\":\"search_term_string\"}}],\"inLanguage\":\"pt-BR\"},{\"@type\":\"Organization\",\"@id\":\"https:\/\/miradouronoticias.com\/site\/#organization\",\"name\":\"Miradouro Not\u00edcias\",\"url\":\"https:\/\/miradouronoticias.com\/site\/\",\"logo\":{\"@type\":\"ImageObject\",\"inLanguage\":\"pt-BR\",\"@id\":\"https:\/\/miradouronoticias.com\/site\/#\/schema\/logo\/image\/\",\"url\":\"https:\/\/miradouronoticias.com\/site\/wp-content\/uploads\/2022\/01\/logomarcamiradouronoticias.png\",\"contentUrl\":\"https:\/\/miradouronoticias.com\/site\/wp-content\/uploads\/2022\/01\/logomarcamiradouronoticias.png\",\"width\":747,\"height\":263,\"caption\":\"Miradouro Not\u00edcias\"},\"image\":{\"@id\":\"https:\/\/miradouronoticias.com\/site\/#\/schema\/logo\/image\/\"}},{\"@type\":\"Person\",\"@id\":\"https:\/\/miradouronoticias.com\/site\/#\/schema\/person\/73440d8c82222950df86f3e1a16aad3b\",\"name\":\"Cl\u00e1udia Olyver\",\"sameAs\":[\"http:\/\/www.miradouronoticias.com\"],\"url\":\"https:\/\/miradouronoticias.com\/site\/author\/claudia\/\"}]}<\/script>\n<!-- \/ Yoast SEO plugin. -->","yoast_head_json":{"title":"Avi\u00e3o cai em Minas Gerais e deixa sete mortos - Miradouro Not\u00edcias","robots":{"index":"index","follow":"follow","max-snippet":"max-snippet:-1","max-image-preview":"max-image-preview:large","max-video-preview":"max-video-preview:-1"},"canonical":"https:\/\/miradouronoticias.com\/site\/2024\/01\/28\/aviao-cai-em-minas-gerais-e-deixa-sete-mortos\/","og_locale":"pt_BR","og_type":"article","og_title":"Avi\u00e3o cai em Minas Gerais e deixa sete mortos - Miradouro Not\u00edcias","og_description":"Cenipa investiga as causas do acidente Um avi\u00e3o de pequeno porte, de matr\u00edcula PS-MTG, caiu neste domingo (28), na zona rural de Itapeva, no sul de Minas Gerais. O Corpo de Bombeiros do estado informou que os militares encontraram sete mortos no local. O n\u00famero foi confirmado por peritos da Pol\u00edcia Civil de Minas Gerais [&hellip;]","og_url":"https:\/\/miradouronoticias.com\/site\/2024\/01\/28\/aviao-cai-em-minas-gerais-e-deixa-sete-mortos\/","og_site_name":"Miradouro Not\u00edcias","article_published_time":"2024-01-28T22:37:01+00:00","og_image":[{"width":1170,"height":700,"url":"https:\/\/miradouronoticias.com\/site\/wp-content\/uploads\/2024\/01\/alta_aviao_jv.webp","type":"image\/webp"}],"author":"Cl\u00e1udia Olyver","twitter_card":"summary_large_image","twitter_misc":{"Escrito por":"Cl\u00e1udia Olyver","Est. tempo de leitura":"3 minutos"},"schema":{"@context":"https:\/\/schema.org","@graph":[{"@type":"Article","@id":"https:\/\/miradouronoticias.com\/site\/2024\/01\/28\/aviao-cai-em-minas-gerais-e-deixa-sete-mortos\/#article","isPartOf":{"@id":"https:\/\/miradouronoticias.com\/site\/2024\/01\/28\/aviao-cai-em-minas-gerais-e-deixa-sete-mortos\/"},"author":{"name":"Cl\u00e1udia Olyver","@id":"https:\/\/miradouronoticias.com\/site\/#\/schema\/person\/73440d8c82222950df86f3e1a16aad3b"},"headline":"Avi\u00e3o cai em Minas Gerais e deixa sete mortos","datePublished":"2024-01-28T22:37:01+00:00","mainEntityOfPage":{"@id":"https:\/\/miradouronoticias.com\/site\/2024\/01\/28\/aviao-cai-em-minas-gerais-e-deixa-sete-mortos\/"},"wordCount":565,"commentCount":0,"publisher":{"@id":"https:\/\/miradouronoticias.com\/site\/#organization"},"image":{"@id":"https:\/\/miradouronoticias.com\/site\/2024\/01\/28\/aviao-cai-em-minas-gerais-e-deixa-sete-mortos\/#primaryimage"},"thumbnailUrl":"https:\/\/miradouronoticias.com\/site\/wp-content\/uploads\/2024\/01\/alta_aviao_jv.webp","articleSection":["Acidente","Destaque 2","Minas Gerais"],"inLanguage":"pt-BR","potentialAction":[{"@type":"CommentAction","name":"Comment","target":["https:\/\/miradouronoticias.com\/site\/2024\/01\/28\/aviao-cai-em-minas-gerais-e-deixa-sete-mortos\/#respond"]}]},{"@type":"WebPage","@id":"https:\/\/miradouronoticias.com\/site\/2024\/01\/28\/aviao-cai-em-minas-gerais-e-deixa-sete-mortos\/","url":"https:\/\/miradouronoticias.com\/site\/2024\/01\/28\/aviao-cai-em-minas-gerais-e-deixa-sete-mortos\/","name":"Avi\u00e3o cai em Minas Gerais e deixa sete mortos - Miradouro Not\u00edcias","isPartOf":{"@id":"https:\/\/miradouronoticias.com\/site\/#website"},"primaryImageOfPage":{"@id":"https:\/\/miradouronoticias.com\/site\/2024\/01\/28\/aviao-cai-em-minas-gerais-e-deixa-sete-mortos\/#primaryimage"},"image":{"@id":"https:\/\/miradouronoticias.com\/site\/2024\/01\/28\/aviao-cai-em-minas-gerais-e-deixa-sete-mortos\/#primaryimage"},"thumbnailUrl":"https:\/\/miradouronoticias.com\/site\/wp-content\/uploads\/2024\/01\/alta_aviao_jv.webp","datePublished":"2024-01-28T22:37:01+00:00","breadcrumb":{"@id":"https:\/\/miradouronoticias.com\/site\/2024\/01\/28\/aviao-cai-em-minas-gerais-e-deixa-sete-mortos\/#breadcrumb"},"inLanguage":"pt-BR","potentialAction":[{"@type":"ReadAction","target":["https:\/\/miradouronoticias.com\/site\/2024\/01\/28\/aviao-cai-em-minas-gerais-e-deixa-sete-mortos\/"]}]},{"@type":"ImageObject","inLanguage":"pt-BR","@id":"https:\/\/miradouronoticias.com\/site\/2024\/01\/28\/aviao-cai-em-minas-gerais-e-deixa-sete-mortos\/#primaryimage","url":"https:\/\/miradouronoticias.com\/site\/wp-content\/uploads\/2024\/01\/alta_aviao_jv.webp","contentUrl":"https:\/\/miradouronoticias.com\/site\/wp-content\/uploads\/2024\/01\/alta_aviao_jv.webp","width":1170,"height":700},{"@type":"BreadcrumbList","@id":"https:\/\/miradouronoticias.com\/site\/2024\/01\/28\/aviao-cai-em-minas-gerais-e-deixa-sete-mortos\/#breadcrumb","itemListElement":[{"@type":"ListItem","position":1,"name":"In\u00edcio","item":"https:\/\/miradouronoticias.com\/site\/"},{"@type":"ListItem","position":2,"name":"Avi\u00e3o cai em Minas Gerais e deixa sete mortos"}]},{"@type":"WebSite","@id":"https:\/\/miradouronoticias.com\/site\/#website","url":"https:\/\/miradouronoticias.com\/site\/","name":"Miradouro Not\u00edcias","description":"Informa\u00e7\u00f5es da cidade e regi\u00e3o","publisher":{"@id":"https:\/\/miradouronoticias.com\/site\/#organization"},"potentialAction":[{"@type":"SearchAction","target":{"@type":"EntryPoint","urlTemplate":"https:\/\/miradouronoticias.com\/site\/?s={search_term_string}"},"query-input":{"@type":"PropertyValueSpecification","valueRequired":true,"valueName":"search_term_string"}}],"inLanguage":"pt-BR"},{"@type":"Organization","@id":"https:\/\/miradouronoticias.com\/site\/#organization","name":"Miradouro Not\u00edcias","url":"https:\/\/miradouronoticias.com\/site\/","logo":{"@type":"ImageObject","inLanguage":"pt-BR","@id":"https:\/\/miradouronoticias.com\/site\/#\/schema\/logo\/image\/","url":"https:\/\/miradouronoticias.com\/site\/wp-content\/uploads\/2022\/01\/logomarcamiradouronoticias.png","contentUrl":"https:\/\/miradouronoticias.com\/site\/wp-content\/uploads\/2022\/01\/logomarcamiradouronoticias.png","width":747,"height":263,"caption":"Miradouro Not\u00edcias"},"image":{"@id":"https:\/\/miradouronoticias.com\/site\/#\/schema\/logo\/image\/"}},{"@type":"Person","@id":"https:\/\/miradouronoticias.com\/site\/#\/schema\/person\/73440d8c82222950df86f3e1a16aad3b","name":"Cl\u00e1udia Olyver","sameAs":["http:\/\/www.miradouronoticias.com"],"url":"https:\/\/miradouronoticias.com\/site\/author\/claudia\/"}]}},"_links":{"self":[{"href":"https:\/\/miradouronoticias.com\/site\/wp-json\/wp\/v2\/posts\/21658","targetHints":{"allow":["GET"]}}],"collection":[{"href":"https:\/\/miradouronoticias.com\/site\/wp-json\/wp\/v2\/posts"}],"about":[{"href":"https:\/\/miradouronoticias.com\/site\/wp-json\/wp\/v2\/types\/post"}],"author":[{"embeddable":true,"href":"https:\/\/miradouronoticias.com\/site\/wp-json\/wp\/v2\/users\/4"}],"replies":[{"embeddable":true,"href":"https:\/\/miradouronoticias.com\/site\/wp-json\/wp\/v2\/comments?post=21658"}],"version-history":[{"count":1,"href":"https:\/\/miradouronoticias.com\/site\/wp-json\/wp\/v2\/posts\/21658\/revisions"}],"predecessor-version":[{"id":21660,"href":"https:\/\/miradouronoticias.com\/site\/wp-json\/wp\/v2\/posts\/21658\/revisions\/21660"}],"wp:featuredmedia":[{"embeddable":true,"href":"https:\/\/miradouronoticias.com\/site\/wp-json\/wp\/v2\/media\/21659"}],"wp:attachment":[{"href":"https:\/\/miradouronoticias.com\/site\/wp-json\/wp\/v2\/media?parent=21658"}],"wp:term":[{"taxonomy":"category","embeddable":true,"href":"https:\/\/miradouronoticias.com\/site\/wp-json\/wp\/v2\/categories?post=21658"},{"taxonomy":"post_tag","embeddable":true,"href":"https:\/\/miradouronoticias.com\/site\/wp-json\/wp\/v2\/tags?post=21658"}],"curies":[{"name":"wp","href":"https:\/\/api.w.org\/{rel}","templated":true}]}}