{"id":21648,"date":"2024-01-28T16:48:03","date_gmt":"2024-01-28T19:48:03","guid":{"rendered":"https:\/\/miradouronoticias.com\/site\/?p=21648"},"modified":"2024-01-28T17:20:54","modified_gmt":"2024-01-28T20:20:54","slug":"menos-de-8-das-cidades-brasileiras-tem-leis-de-antenas-adaptadas-a-5g","status":"publish","type":"post","link":"https:\/\/miradouronoticias.com\/site\/2024\/01\/28\/menos-de-8-das-cidades-brasileiras-tem-leis-de-antenas-adaptadas-a-5g\/","title":{"rendered":"Menos de 8% das cidades brasileiras t\u00eam leis de antenas adaptadas a 5G"},"content":{"rendered":"<h3 class=\"col-10 offset-1 animated fadeInDown dealy-900 display-8 display-md-8 alt-font font-italic my-1 text-center\">Levantamento mostra que quatro capitais n\u00e3o atualizaram legisla\u00e7\u00e3o<\/h3>\n<div class=\"col-lg-12 mb-3\">\n<div class=\"row\">\n<div id=\"tts-container\" class=\"col-xl-7 offset-xl-1 col-lg-8 offset-lg-0 col-md-10 offset-md-1 mb-3\">\n<p><audio id=\"tts-player\" src=\"https:\/\/tts-app.ebc.com.br\/media\/tts\/216282.mp3\" controls=\"controls\" data-mce-fragment=\"1\"><\/audio><\/p>\n<\/div>\n<\/div>\n<\/div>\n<div class=\"col-xl-7 offset-xl-1 col-lg-8 offset-lg-0 col-md-10 offset-md-1 mb-3\">\n<div class=\"post-item alt-font\">\n<div class=\"post-item-wrap\">\n<p>Presente em mais de 3 mil munic\u00edpios e beneficiando 140 milh\u00f5es de brasileiros, a tecnologia 5G enfrenta um entrave para a expans\u00e3o. A falta de legisla\u00e7\u00f5es atualizadas impede a instala\u00e7\u00e3o da infraestrutura necess\u00e1ria para a melhoria do sinal.<img decoding=\"async\" src=\"https:\/\/agenciabrasil.ebc.com.br\/ebc.png?id=1578116&amp;o=node\" \/><img decoding=\"async\" src=\"https:\/\/agenciabrasil.ebc.com.br\/ebc.gif?id=1578116&amp;o=node\" \/><\/p>\n<p>Segundo levantamento da Conexis Brasil Digital, entidade que re\u00fane as empresas de telecomunica\u00e7\u00f5es e de conectividade, apenas 399 dos munic\u00edpios brasileiros (7,16% do total) atualizaram as leis de antenas locais \u00e0 tecnologia 5G. O problema afeta inclusive grandes cidades. Quatro capitais \u2013 Belo Horizonte, Fortaleza, Natal e Recife \u2013 n\u00e3o adaptaram a legisla\u00e7\u00e3o de telecomunica\u00e7\u00f5es ao 5G, embora tenham esse tipo de sinal.<\/p>\n<p>Entre as cidades do interior e de regi\u00f5es metropolitanas de mais de 500 mil habitantes, oito n\u00e3o t\u00eam legisla\u00e7\u00e3o adequada ao 5G: Aparecida de Goi\u00e2nia, Campinas, Contagem, Guarulhos, Nova Igua\u00e7u, S\u00e3o Gon\u00e7alo, Serra e Vila Velha.<\/p>\n<p>O levantamento analisou tanto as cidades que aderiram as leis locais \u00e0 Lei Geral de Antenas (LGA) quanto os munic\u00edpios que adequaram a essa legisla\u00e7\u00e3o, mas ainda n\u00e3o adaptaram a norma \u00e0 instala\u00e7\u00e3o de infraestruturas de telecomunica\u00e7\u00f5es.<\/p>\n<p>Quanto aos munic\u00edpios com mais de 500 mil habitantes, a Conexis Brasil Digital informou que 12 t\u00eam leis adequadas ao 5G e seis atualizaram a legisla\u00e7\u00e3o \u00e0 Lei Geral de Antenas, mas ainda precisam adaptar a lei para a instala\u00e7\u00e3o de infraestruturas.<\/p>\n<p>Nas cidades entre 200 mil e 500 mil habitantes, a situa\u00e7\u00e3o piora. De 101 munic\u00edpios nessa categoria, 53 n\u00e3o adaptaram as leis \u00e0 LGA, 15 atualizaram, mas precisam revisar a legisla\u00e7\u00e3o e 33 est\u00e3o com leis preparadas para o 5G.<\/p>\n<p>Mesmo com a demora, houve avan\u00e7os. O total de munic\u00edpios que adaptaram as leis locais \u00e0 LGA saltou de 347 em 2022 para 573 no ano passado, alta de 65%. Desse total, no entanto, 174 localidades precisam adequar a legisla\u00e7\u00e3o \u00e0 tecnologia 5G.<\/p>\n<h2>Potencial<\/h2>\n<p>Segundo a Conexis Brasil, que gerencia o projeto Conecte 5G, a exist\u00eancia de leis municipais que facilitem a instala\u00e7\u00e3o de antenas, com regras claras e licenciamento \u00e1gil, resulta na atra\u00e7\u00e3o de investimentos, ao oferecer mais seguran\u00e7a jur\u00eddica para as operadoras. Diferentemente das tecnologias 3G e 4G, o sinal 5G n\u00e3o exige a instala\u00e7\u00e3o de torres, com as antenas podendo ser instaladas no topo de pr\u00e9dios e interferindo pouco na paisagem urbana.<\/p>\n<p>Apesar dos entraves legislativos, a cobertura do 5G no Brasil supera as metas estabelecidas pela Ag\u00eancia Nacional de Telecomunica\u00e7\u00f5es (Anatel). Atualmente, a tecnologia est\u00e1 dispon\u00edvel em todas as cidades com mais de 500 mil habitantes e na maior parte dos munic\u00edpios com mais de 200 mil habitantes. O edital original do 5G estipulava a universaliza\u00e7\u00e3o do 5G nas cidades com mais de 500 mil moradores at\u00e9 julho de 2025 e nas localidades com mais de 200 mil habitantes at\u00e9 julho de 2026.<\/p>\n<p>Mesmo com a supera\u00e7\u00e3o da meta, a Conexis Brasil informa que a demora reduz o potencial da tecnologia 5G. Isso porque a digitaliza\u00e7\u00e3o da economia exigir\u00e1 mais antenas que a rede atual. Nas capitais que n\u00e3o adequaram a legisla\u00e7\u00e3o, as operadoras enfrentam problemas para instalar as infraestruturas necess\u00e1rias.<\/p>\n<p><img loading=\"lazy\" decoding=\"async\" class=\"alignnone size-medium wp-image-21649\" src=\"https:\/\/miradouronoticias.com\/site\/wp-content\/uploads\/2024\/01\/telefonia_5g_mcajr_abr_2907221145-300x185.webp\" alt=\"\" width=\"300\" height=\"185\" srcset=\"https:\/\/miradouronoticias.com\/site\/wp-content\/uploads\/2024\/01\/telefonia_5g_mcajr_abr_2907221145-300x185.webp 300w, https:\/\/miradouronoticias.com\/site\/wp-content\/uploads\/2024\/01\/telefonia_5g_mcajr_abr_2907221145.webp 390w\" sizes=\"auto, (max-width: 300px) 100vw, 300px\" \/><\/p>\n<\/div>\n<\/div>\n<\/div>\n<h6><strong>Ag\u00eancia Brasil<\/strong><\/h6>\n<hr \/>\n<p><strong><span style=\"color: #ff0000;\">By: miradouronoticias.com.br<\/span><\/strong><\/p>\n","protected":false},"excerpt":{"rendered":"<p>Levantamento mostra que quatro capitais n\u00e3o atualizaram legisla\u00e7\u00e3o Presente em mais de 3 mil munic\u00edpios e beneficiando 140 milh\u00f5es de brasileiros, a tecnologia 5G enfrenta um entrave para a expans\u00e3o. A falta de legisla\u00e7\u00f5es atualizadas impede a instala\u00e7\u00e3o da infraestrutura necess\u00e1ria para a melhoria do sinal. Segundo levantamento da Conexis Brasil Digital, entidade que re\u00fane [&hellip;]<\/p>\n","protected":false},"author":4,"featured_media":21649,"comment_status":"open","ping_status":"open","sticky":false,"template":"","format":"standard","meta":{"footnotes":""},"categories":[1],"tags":[],"class_list":["post-21648","post","type-post","status-publish","format-standard","has-post-thumbnail","hentry","category-destaque-principal"],"yoast_head":"<!-- This site is optimized with the Yoast SEO plugin v27.2 - https:\/\/yoast.com\/product\/yoast-seo-wordpress\/ -->\n<title>Menos de 8% das cidades brasileiras t\u00eam leis de antenas adaptadas a 5G - Miradouro Not\u00edcias<\/title>\n<meta name=\"robots\" content=\"index, follow, max-snippet:-1, max-image-preview:large, max-video-preview:-1\" \/>\n<link rel=\"canonical\" href=\"https:\/\/miradouronoticias.com\/site\/2024\/01\/28\/menos-de-8-das-cidades-brasileiras-tem-leis-de-antenas-adaptadas-a-5g\/\" \/>\n<meta property=\"og:locale\" content=\"pt_BR\" \/>\n<meta property=\"og:type\" content=\"article\" \/>\n<meta property=\"og:title\" content=\"Menos de 8% das cidades brasileiras t\u00eam leis de antenas adaptadas a 5G - Miradouro Not\u00edcias\" \/>\n<meta property=\"og:description\" content=\"Levantamento mostra que quatro capitais n\u00e3o atualizaram legisla\u00e7\u00e3o Presente em mais de 3 mil munic\u00edpios e beneficiando 140 milh\u00f5es de brasileiros, a tecnologia 5G enfrenta um entrave para a expans\u00e3o. A falta de legisla\u00e7\u00f5es atualizadas impede a instala\u00e7\u00e3o da infraestrutura necess\u00e1ria para a melhoria do sinal. Segundo levantamento da Conexis Brasil Digital, entidade que re\u00fane [&hellip;]\" \/>\n<meta property=\"og:url\" content=\"https:\/\/miradouronoticias.com\/site\/2024\/01\/28\/menos-de-8-das-cidades-brasileiras-tem-leis-de-antenas-adaptadas-a-5g\/\" \/>\n<meta property=\"og:site_name\" content=\"Miradouro Not\u00edcias\" \/>\n<meta property=\"article:published_time\" content=\"2024-01-28T19:48:03+00:00\" \/>\n<meta property=\"article:modified_time\" content=\"2024-01-28T20:20:54+00:00\" \/>\n<meta property=\"og:image\" content=\"https:\/\/miradouronoticias.com\/site\/wp-content\/uploads\/2024\/01\/telefonia_5g_mcajr_abr_2907221145.webp\" \/>\n\t<meta property=\"og:image:width\" content=\"390\" \/>\n\t<meta property=\"og:image:height\" content=\"240\" \/>\n\t<meta property=\"og:image:type\" content=\"image\/webp\" \/>\n<meta name=\"author\" content=\"Cl\u00e1udia Olyver\" \/>\n<meta name=\"twitter:card\" content=\"summary_large_image\" \/>\n<meta name=\"twitter:label1\" content=\"Escrito por\" \/>\n\t<meta name=\"twitter:data1\" content=\"Cl\u00e1udia Olyver\" \/>\n\t<meta name=\"twitter:label2\" content=\"Est. tempo de leitura\" \/>\n\t<meta name=\"twitter:data2\" content=\"3 minutos\" \/>\n<script type=\"application\/ld+json\" class=\"yoast-schema-graph\">{\"@context\":\"https:\/\/schema.org\",\"@graph\":[{\"@type\":\"Article\",\"@id\":\"https:\/\/miradouronoticias.com\/site\/2024\/01\/28\/menos-de-8-das-cidades-brasileiras-tem-leis-de-antenas-adaptadas-a-5g\/#article\",\"isPartOf\":{\"@id\":\"https:\/\/miradouronoticias.com\/site\/2024\/01\/28\/menos-de-8-das-cidades-brasileiras-tem-leis-de-antenas-adaptadas-a-5g\/\"},\"author\":{\"name\":\"Cl\u00e1udia Olyver\",\"@id\":\"https:\/\/miradouronoticias.com\/site\/#\/schema\/person\/73440d8c82222950df86f3e1a16aad3b\"},\"headline\":\"Menos de 8% das cidades brasileiras t\u00eam leis de antenas adaptadas a 5G\",\"datePublished\":\"2024-01-28T19:48:03+00:00\",\"dateModified\":\"2024-01-28T20:20:54+00:00\",\"mainEntityOfPage\":{\"@id\":\"https:\/\/miradouronoticias.com\/site\/2024\/01\/28\/menos-de-8-das-cidades-brasileiras-tem-leis-de-antenas-adaptadas-a-5g\/\"},\"wordCount\":553,\"commentCount\":0,\"publisher\":{\"@id\":\"https:\/\/miradouronoticias.com\/site\/#organization\"},\"image\":{\"@id\":\"https:\/\/miradouronoticias.com\/site\/2024\/01\/28\/menos-de-8-das-cidades-brasileiras-tem-leis-de-antenas-adaptadas-a-5g\/#primaryimage\"},\"thumbnailUrl\":\"https:\/\/miradouronoticias.com\/site\/wp-content\/uploads\/2024\/01\/telefonia_5g_mcajr_abr_2907221145.webp\",\"articleSection\":[\"Destaque Principal\"],\"inLanguage\":\"pt-BR\",\"potentialAction\":[{\"@type\":\"CommentAction\",\"name\":\"Comment\",\"target\":[\"https:\/\/miradouronoticias.com\/site\/2024\/01\/28\/menos-de-8-das-cidades-brasileiras-tem-leis-de-antenas-adaptadas-a-5g\/#respond\"]}]},{\"@type\":\"WebPage\",\"@id\":\"https:\/\/miradouronoticias.com\/site\/2024\/01\/28\/menos-de-8-das-cidades-brasileiras-tem-leis-de-antenas-adaptadas-a-5g\/\",\"url\":\"https:\/\/miradouronoticias.com\/site\/2024\/01\/28\/menos-de-8-das-cidades-brasileiras-tem-leis-de-antenas-adaptadas-a-5g\/\",\"name\":\"Menos de 8% das cidades brasileiras t\u00eam leis de antenas adaptadas a 5G - Miradouro Not\u00edcias\",\"isPartOf\":{\"@id\":\"https:\/\/miradouronoticias.com\/site\/#website\"},\"primaryImageOfPage\":{\"@id\":\"https:\/\/miradouronoticias.com\/site\/2024\/01\/28\/menos-de-8-das-cidades-brasileiras-tem-leis-de-antenas-adaptadas-a-5g\/#primaryimage\"},\"image\":{\"@id\":\"https:\/\/miradouronoticias.com\/site\/2024\/01\/28\/menos-de-8-das-cidades-brasileiras-tem-leis-de-antenas-adaptadas-a-5g\/#primaryimage\"},\"thumbnailUrl\":\"https:\/\/miradouronoticias.com\/site\/wp-content\/uploads\/2024\/01\/telefonia_5g_mcajr_abr_2907221145.webp\",\"datePublished\":\"2024-01-28T19:48:03+00:00\",\"dateModified\":\"2024-01-28T20:20:54+00:00\",\"breadcrumb\":{\"@id\":\"https:\/\/miradouronoticias.com\/site\/2024\/01\/28\/menos-de-8-das-cidades-brasileiras-tem-leis-de-antenas-adaptadas-a-5g\/#breadcrumb\"},\"inLanguage\":\"pt-BR\",\"potentialAction\":[{\"@type\":\"ReadAction\",\"target\":[\"https:\/\/miradouronoticias.com\/site\/2024\/01\/28\/menos-de-8-das-cidades-brasileiras-tem-leis-de-antenas-adaptadas-a-5g\/\"]}]},{\"@type\":\"ImageObject\",\"inLanguage\":\"pt-BR\",\"@id\":\"https:\/\/miradouronoticias.com\/site\/2024\/01\/28\/menos-de-8-das-cidades-brasileiras-tem-leis-de-antenas-adaptadas-a-5g\/#primaryimage\",\"url\":\"https:\/\/miradouronoticias.com\/site\/wp-content\/uploads\/2024\/01\/telefonia_5g_mcajr_abr_2907221145.webp\",\"contentUrl\":\"https:\/\/miradouronoticias.com\/site\/wp-content\/uploads\/2024\/01\/telefonia_5g_mcajr_abr_2907221145.webp\",\"width\":390,\"height\":240},{\"@type\":\"BreadcrumbList\",\"@id\":\"https:\/\/miradouronoticias.com\/site\/2024\/01\/28\/menos-de-8-das-cidades-brasileiras-tem-leis-de-antenas-adaptadas-a-5g\/#breadcrumb\",\"itemListElement\":[{\"@type\":\"ListItem\",\"position\":1,\"name\":\"In\u00edcio\",\"item\":\"https:\/\/miradouronoticias.com\/site\/\"},{\"@type\":\"ListItem\",\"position\":2,\"name\":\"Menos de 8% das cidades brasileiras t\u00eam leis de antenas adaptadas a 5G\"}]},{\"@type\":\"WebSite\",\"@id\":\"https:\/\/miradouronoticias.com\/site\/#website\",\"url\":\"https:\/\/miradouronoticias.com\/site\/\",\"name\":\"Miradouro Not\u00edcias\",\"description\":\"Informa\u00e7\u00f5es da cidade e regi\u00e3o\",\"publisher\":{\"@id\":\"https:\/\/miradouronoticias.com\/site\/#organization\"},\"potentialAction\":[{\"@type\":\"SearchAction\",\"target\":{\"@type\":\"EntryPoint\",\"urlTemplate\":\"https:\/\/miradouronoticias.com\/site\/?s={search_term_string}\"},\"query-input\":{\"@type\":\"PropertyValueSpecification\",\"valueRequired\":true,\"valueName\":\"search_term_string\"}}],\"inLanguage\":\"pt-BR\"},{\"@type\":\"Organization\",\"@id\":\"https:\/\/miradouronoticias.com\/site\/#organization\",\"name\":\"Miradouro Not\u00edcias\",\"url\":\"https:\/\/miradouronoticias.com\/site\/\",\"logo\":{\"@type\":\"ImageObject\",\"inLanguage\":\"pt-BR\",\"@id\":\"https:\/\/miradouronoticias.com\/site\/#\/schema\/logo\/image\/\",\"url\":\"https:\/\/miradouronoticias.com\/site\/wp-content\/uploads\/2022\/01\/logomarcamiradouronoticias.png\",\"contentUrl\":\"https:\/\/miradouronoticias.com\/site\/wp-content\/uploads\/2022\/01\/logomarcamiradouronoticias.png\",\"width\":747,\"height\":263,\"caption\":\"Miradouro Not\u00edcias\"},\"image\":{\"@id\":\"https:\/\/miradouronoticias.com\/site\/#\/schema\/logo\/image\/\"}},{\"@type\":\"Person\",\"@id\":\"https:\/\/miradouronoticias.com\/site\/#\/schema\/person\/73440d8c82222950df86f3e1a16aad3b\",\"name\":\"Cl\u00e1udia Olyver\",\"sameAs\":[\"http:\/\/www.miradouronoticias.com\"],\"url\":\"https:\/\/miradouronoticias.com\/site\/author\/claudia\/\"}]}<\/script>\n<!-- \/ Yoast SEO plugin. -->","yoast_head_json":{"title":"Menos de 8% das cidades brasileiras t\u00eam leis de antenas adaptadas a 5G - Miradouro Not\u00edcias","robots":{"index":"index","follow":"follow","max-snippet":"max-snippet:-1","max-image-preview":"max-image-preview:large","max-video-preview":"max-video-preview:-1"},"canonical":"https:\/\/miradouronoticias.com\/site\/2024\/01\/28\/menos-de-8-das-cidades-brasileiras-tem-leis-de-antenas-adaptadas-a-5g\/","og_locale":"pt_BR","og_type":"article","og_title":"Menos de 8% das cidades brasileiras t\u00eam leis de antenas adaptadas a 5G - Miradouro Not\u00edcias","og_description":"Levantamento mostra que quatro capitais n\u00e3o atualizaram legisla\u00e7\u00e3o Presente em mais de 3 mil munic\u00edpios e beneficiando 140 milh\u00f5es de brasileiros, a tecnologia 5G enfrenta um entrave para a expans\u00e3o. A falta de legisla\u00e7\u00f5es atualizadas impede a instala\u00e7\u00e3o da infraestrutura necess\u00e1ria para a melhoria do sinal. Segundo levantamento da Conexis Brasil Digital, entidade que re\u00fane [&hellip;]","og_url":"https:\/\/miradouronoticias.com\/site\/2024\/01\/28\/menos-de-8-das-cidades-brasileiras-tem-leis-de-antenas-adaptadas-a-5g\/","og_site_name":"Miradouro Not\u00edcias","article_published_time":"2024-01-28T19:48:03+00:00","article_modified_time":"2024-01-28T20:20:54+00:00","og_image":[{"width":390,"height":240,"url":"https:\/\/miradouronoticias.com\/site\/wp-content\/uploads\/2024\/01\/telefonia_5g_mcajr_abr_2907221145.webp","type":"image\/webp"}],"author":"Cl\u00e1udia Olyver","twitter_card":"summary_large_image","twitter_misc":{"Escrito por":"Cl\u00e1udia Olyver","Est. tempo de leitura":"3 minutos"},"schema":{"@context":"https:\/\/schema.org","@graph":[{"@type":"Article","@id":"https:\/\/miradouronoticias.com\/site\/2024\/01\/28\/menos-de-8-das-cidades-brasileiras-tem-leis-de-antenas-adaptadas-a-5g\/#article","isPartOf":{"@id":"https:\/\/miradouronoticias.com\/site\/2024\/01\/28\/menos-de-8-das-cidades-brasileiras-tem-leis-de-antenas-adaptadas-a-5g\/"},"author":{"name":"Cl\u00e1udia Olyver","@id":"https:\/\/miradouronoticias.com\/site\/#\/schema\/person\/73440d8c82222950df86f3e1a16aad3b"},"headline":"Menos de 8% das cidades brasileiras t\u00eam leis de antenas adaptadas a 5G","datePublished":"2024-01-28T19:48:03+00:00","dateModified":"2024-01-28T20:20:54+00:00","mainEntityOfPage":{"@id":"https:\/\/miradouronoticias.com\/site\/2024\/01\/28\/menos-de-8-das-cidades-brasileiras-tem-leis-de-antenas-adaptadas-a-5g\/"},"wordCount":553,"commentCount":0,"publisher":{"@id":"https:\/\/miradouronoticias.com\/site\/#organization"},"image":{"@id":"https:\/\/miradouronoticias.com\/site\/2024\/01\/28\/menos-de-8-das-cidades-brasileiras-tem-leis-de-antenas-adaptadas-a-5g\/#primaryimage"},"thumbnailUrl":"https:\/\/miradouronoticias.com\/site\/wp-content\/uploads\/2024\/01\/telefonia_5g_mcajr_abr_2907221145.webp","articleSection":["Destaque Principal"],"inLanguage":"pt-BR","potentialAction":[{"@type":"CommentAction","name":"Comment","target":["https:\/\/miradouronoticias.com\/site\/2024\/01\/28\/menos-de-8-das-cidades-brasileiras-tem-leis-de-antenas-adaptadas-a-5g\/#respond"]}]},{"@type":"WebPage","@id":"https:\/\/miradouronoticias.com\/site\/2024\/01\/28\/menos-de-8-das-cidades-brasileiras-tem-leis-de-antenas-adaptadas-a-5g\/","url":"https:\/\/miradouronoticias.com\/site\/2024\/01\/28\/menos-de-8-das-cidades-brasileiras-tem-leis-de-antenas-adaptadas-a-5g\/","name":"Menos de 8% das cidades brasileiras t\u00eam leis de antenas adaptadas a 5G - Miradouro Not\u00edcias","isPartOf":{"@id":"https:\/\/miradouronoticias.com\/site\/#website"},"primaryImageOfPage":{"@id":"https:\/\/miradouronoticias.com\/site\/2024\/01\/28\/menos-de-8-das-cidades-brasileiras-tem-leis-de-antenas-adaptadas-a-5g\/#primaryimage"},"image":{"@id":"https:\/\/miradouronoticias.com\/site\/2024\/01\/28\/menos-de-8-das-cidades-brasileiras-tem-leis-de-antenas-adaptadas-a-5g\/#primaryimage"},"thumbnailUrl":"https:\/\/miradouronoticias.com\/site\/wp-content\/uploads\/2024\/01\/telefonia_5g_mcajr_abr_2907221145.webp","datePublished":"2024-01-28T19:48:03+00:00","dateModified":"2024-01-28T20:20:54+00:00","breadcrumb":{"@id":"https:\/\/miradouronoticias.com\/site\/2024\/01\/28\/menos-de-8-das-cidades-brasileiras-tem-leis-de-antenas-adaptadas-a-5g\/#breadcrumb"},"inLanguage":"pt-BR","potentialAction":[{"@type":"ReadAction","target":["https:\/\/miradouronoticias.com\/site\/2024\/01\/28\/menos-de-8-das-cidades-brasileiras-tem-leis-de-antenas-adaptadas-a-5g\/"]}]},{"@type":"ImageObject","inLanguage":"pt-BR","@id":"https:\/\/miradouronoticias.com\/site\/2024\/01\/28\/menos-de-8-das-cidades-brasileiras-tem-leis-de-antenas-adaptadas-a-5g\/#primaryimage","url":"https:\/\/miradouronoticias.com\/site\/wp-content\/uploads\/2024\/01\/telefonia_5g_mcajr_abr_2907221145.webp","contentUrl":"https:\/\/miradouronoticias.com\/site\/wp-content\/uploads\/2024\/01\/telefonia_5g_mcajr_abr_2907221145.webp","width":390,"height":240},{"@type":"BreadcrumbList","@id":"https:\/\/miradouronoticias.com\/site\/2024\/01\/28\/menos-de-8-das-cidades-brasileiras-tem-leis-de-antenas-adaptadas-a-5g\/#breadcrumb","itemListElement":[{"@type":"ListItem","position":1,"name":"In\u00edcio","item":"https:\/\/miradouronoticias.com\/site\/"},{"@type":"ListItem","position":2,"name":"Menos de 8% das cidades brasileiras t\u00eam leis de antenas adaptadas a 5G"}]},{"@type":"WebSite","@id":"https:\/\/miradouronoticias.com\/site\/#website","url":"https:\/\/miradouronoticias.com\/site\/","name":"Miradouro Not\u00edcias","description":"Informa\u00e7\u00f5es da cidade e regi\u00e3o","publisher":{"@id":"https:\/\/miradouronoticias.com\/site\/#organization"},"potentialAction":[{"@type":"SearchAction","target":{"@type":"EntryPoint","urlTemplate":"https:\/\/miradouronoticias.com\/site\/?s={search_term_string}"},"query-input":{"@type":"PropertyValueSpecification","valueRequired":true,"valueName":"search_term_string"}}],"inLanguage":"pt-BR"},{"@type":"Organization","@id":"https:\/\/miradouronoticias.com\/site\/#organization","name":"Miradouro Not\u00edcias","url":"https:\/\/miradouronoticias.com\/site\/","logo":{"@type":"ImageObject","inLanguage":"pt-BR","@id":"https:\/\/miradouronoticias.com\/site\/#\/schema\/logo\/image\/","url":"https:\/\/miradouronoticias.com\/site\/wp-content\/uploads\/2022\/01\/logomarcamiradouronoticias.png","contentUrl":"https:\/\/miradouronoticias.com\/site\/wp-content\/uploads\/2022\/01\/logomarcamiradouronoticias.png","width":747,"height":263,"caption":"Miradouro Not\u00edcias"},"image":{"@id":"https:\/\/miradouronoticias.com\/site\/#\/schema\/logo\/image\/"}},{"@type":"Person","@id":"https:\/\/miradouronoticias.com\/site\/#\/schema\/person\/73440d8c82222950df86f3e1a16aad3b","name":"Cl\u00e1udia Olyver","sameAs":["http:\/\/www.miradouronoticias.com"],"url":"https:\/\/miradouronoticias.com\/site\/author\/claudia\/"}]}},"_links":{"self":[{"href":"https:\/\/miradouronoticias.com\/site\/wp-json\/wp\/v2\/posts\/21648","targetHints":{"allow":["GET"]}}],"collection":[{"href":"https:\/\/miradouronoticias.com\/site\/wp-json\/wp\/v2\/posts"}],"about":[{"href":"https:\/\/miradouronoticias.com\/site\/wp-json\/wp\/v2\/types\/post"}],"author":[{"embeddable":true,"href":"https:\/\/miradouronoticias.com\/site\/wp-json\/wp\/v2\/users\/4"}],"replies":[{"embeddable":true,"href":"https:\/\/miradouronoticias.com\/site\/wp-json\/wp\/v2\/comments?post=21648"}],"version-history":[{"count":2,"href":"https:\/\/miradouronoticias.com\/site\/wp-json\/wp\/v2\/posts\/21648\/revisions"}],"predecessor-version":[{"id":21651,"href":"https:\/\/miradouronoticias.com\/site\/wp-json\/wp\/v2\/posts\/21648\/revisions\/21651"}],"wp:featuredmedia":[{"embeddable":true,"href":"https:\/\/miradouronoticias.com\/site\/wp-json\/wp\/v2\/media\/21649"}],"wp:attachment":[{"href":"https:\/\/miradouronoticias.com\/site\/wp-json\/wp\/v2\/media?parent=21648"}],"wp:term":[{"taxonomy":"category","embeddable":true,"href":"https:\/\/miradouronoticias.com\/site\/wp-json\/wp\/v2\/categories?post=21648"},{"taxonomy":"post_tag","embeddable":true,"href":"https:\/\/miradouronoticias.com\/site\/wp-json\/wp\/v2\/tags?post=21648"}],"curies":[{"name":"wp","href":"https:\/\/api.w.org\/{rel}","templated":true}]}}