{"id":20760,"date":"2023-12-31T10:13:03","date_gmt":"2023-12-31T13:13:03","guid":{"rendered":"https:\/\/miradouronoticias.com\/site\/?p=20760"},"modified":"2023-12-31T10:13:03","modified_gmt":"2023-12-31T13:13:03","slug":"suspeito-e-preso-pela-pm-com-drogas-e-municoes-no-residencial-vermelho-ii","status":"publish","type":"post","link":"https:\/\/miradouronoticias.com\/site\/2023\/12\/31\/suspeito-e-preso-pela-pm-com-drogas-e-municoes-no-residencial-vermelho-ii\/","title":{"rendered":"Suspeito \u00e9 preso pela PM com drogas e muni\u00e7\u00f5es no residencial Vermelho II"},"content":{"rendered":"<p>Um homem foi preso na madrugada deste domingo (31), no residencial Vermelho II suspeito de vender drogas pelo local.<br \/>\nDe posse das informa\u00e7\u00f5es repassadas pela sala de opera\u00e7\u00f5es, os militares da Cia T\u00e1tico M\u00f3vel foram ao local e constataram dentro de uma resid\u00eancia 140 papelotes de coca\u00edna, muni\u00e7\u00f5es de v\u00e1rios calibres e aproximadamente 1 Kg de coca\u00edna esfarelado guardado em uma sacola, que ainda seria embalado para a venda.<br \/>\nO autor foi preso em flagrante e conduzido para a delegacia do bairro Safira, onde foi apresentado ao delegado de plant\u00e3o.<\/p>\n<p><iframe loading=\"lazy\" title=\"Suspeito \u00e9 preso pela PM com drogas e muni\u00e7\u00f5es no residencial Vermelho II\" width=\"640\" height=\"360\" src=\"https:\/\/www.youtube.com\/embed\/dBtBSl0t2wY?feature=oembed\" frameborder=\"0\" allow=\"accelerometer; autoplay; clipboard-write; encrypted-media; gyroscope; picture-in-picture; web-share\" referrerpolicy=\"strict-origin-when-cross-origin\" allowfullscreen><\/iframe><\/p>\n<p><img loading=\"lazy\" decoding=\"async\" class=\"alignnone size-medium wp-image-20761\" src=\"https:\/\/miradouronoticias.com\/site\/wp-content\/uploads\/2023\/12\/Foto-5-2-300x200.jpeg\" alt=\"\" width=\"300\" height=\"200\" srcset=\"https:\/\/miradouronoticias.com\/site\/wp-content\/uploads\/2023\/12\/Foto-5-2-300x200.jpeg 300w, https:\/\/miradouronoticias.com\/site\/wp-content\/uploads\/2023\/12\/Foto-5-2.jpeg 750w\" sizes=\"auto, (max-width: 300px) 100vw, 300px\" \/> <img loading=\"lazy\" decoding=\"async\" class=\"alignnone size-medium wp-image-20762\" src=\"https:\/\/miradouronoticias.com\/site\/wp-content\/uploads\/2023\/12\/Foto-2-12-300x200.jpeg\" alt=\"\" width=\"300\" height=\"200\" srcset=\"https:\/\/miradouronoticias.com\/site\/wp-content\/uploads\/2023\/12\/Foto-2-12-300x200.jpeg 300w, https:\/\/miradouronoticias.com\/site\/wp-content\/uploads\/2023\/12\/Foto-2-12.jpeg 750w\" sizes=\"auto, (max-width: 300px) 100vw, 300px\" \/> <img loading=\"lazy\" decoding=\"async\" class=\"alignnone size-medium wp-image-20763\" src=\"https:\/\/miradouronoticias.com\/site\/wp-content\/uploads\/2023\/12\/Foto-4-10-300x200.jpeg\" alt=\"\" width=\"300\" height=\"200\" srcset=\"https:\/\/miradouronoticias.com\/site\/wp-content\/uploads\/2023\/12\/Foto-4-10-300x200.jpeg 300w, https:\/\/miradouronoticias.com\/site\/wp-content\/uploads\/2023\/12\/Foto-4-10.jpeg 750w\" sizes=\"auto, (max-width: 300px) 100vw, 300px\" \/> <img loading=\"lazy\" decoding=\"async\" class=\"alignnone size-medium wp-image-20764\" src=\"https:\/\/miradouronoticias.com\/site\/wp-content\/uploads\/2023\/12\/Foto-3-11-300x200.jpeg\" alt=\"\" width=\"300\" height=\"200\" srcset=\"https:\/\/miradouronoticias.com\/site\/wp-content\/uploads\/2023\/12\/Foto-3-11-300x200.jpeg 300w, https:\/\/miradouronoticias.com\/site\/wp-content\/uploads\/2023\/12\/Foto-3-11.jpeg 750w\" sizes=\"auto, (max-width: 300px) 100vw, 300px\" \/> <img loading=\"lazy\" decoding=\"async\" class=\"alignnone size-medium wp-image-20765\" src=\"https:\/\/miradouronoticias.com\/site\/wp-content\/uploads\/2023\/12\/Foto-1-15-300x200.jpeg\" alt=\"\" width=\"300\" height=\"200\" srcset=\"https:\/\/miradouronoticias.com\/site\/wp-content\/uploads\/2023\/12\/Foto-1-15-300x200.jpeg 300w, https:\/\/miradouronoticias.com\/site\/wp-content\/uploads\/2023\/12\/Foto-1-15.jpeg 750w\" sizes=\"auto, (max-width: 300px) 100vw, 300px\" \/> <img loading=\"lazy\" decoding=\"async\" class=\"alignnone size-medium wp-image-20766\" src=\"https:\/\/miradouronoticias.com\/site\/wp-content\/uploads\/2023\/12\/Foto-6-2-300x200.jpeg\" alt=\"\" width=\"300\" height=\"200\" srcset=\"https:\/\/miradouronoticias.com\/site\/wp-content\/uploads\/2023\/12\/Foto-6-2-300x200.jpeg 300w, https:\/\/miradouronoticias.com\/site\/wp-content\/uploads\/2023\/12\/Foto-6-2.jpeg 750w\" sizes=\"auto, (max-width: 300px) 100vw, 300px\" \/><\/p>\n<h6><strong>Fonte: R\u00e1dio Muria\u00e9<\/strong><\/h6>\n<hr \/>\n<p><strong><span style=\"color: #ff0000;\">By: miradouronoticias.com.br<\/span><\/strong><\/p>\n","protected":false},"excerpt":{"rendered":"<p>Um homem foi preso na madrugada deste domingo (31), no residencial Vermelho II suspeito de vender drogas pelo local. De posse das informa\u00e7\u00f5es repassadas pela sala de opera\u00e7\u00f5es, os militares da Cia T\u00e1tico M\u00f3vel foram ao local e constataram dentro de uma resid\u00eancia 140 papelotes de coca\u00edna, muni\u00e7\u00f5es de v\u00e1rios calibres e aproximadamente 1 Kg [&hellip;]<\/p>\n","protected":false},"author":4,"featured_media":20761,"comment_status":"open","ping_status":"open","sticky":false,"template":"","format":"standard","meta":{"footnotes":""},"categories":[19,10,18],"tags":[],"class_list":["post-20760","post","type-post","status-publish","format-standard","has-post-thumbnail","hentry","category-cidade","category-destaque-2","category-policia"],"yoast_head":"<!-- This site is optimized with the Yoast SEO plugin v27.2 - https:\/\/yoast.com\/product\/yoast-seo-wordpress\/ -->\n<title>Suspeito \u00e9 preso pela PM com drogas e muni\u00e7\u00f5es no residencial Vermelho II - Miradouro Not\u00edcias<\/title>\n<meta name=\"robots\" content=\"index, follow, max-snippet:-1, max-image-preview:large, max-video-preview:-1\" \/>\n<link rel=\"canonical\" href=\"https:\/\/miradouronoticias.com\/site\/2023\/12\/31\/suspeito-e-preso-pela-pm-com-drogas-e-municoes-no-residencial-vermelho-ii\/\" \/>\n<meta property=\"og:locale\" content=\"pt_BR\" \/>\n<meta property=\"og:type\" content=\"article\" \/>\n<meta property=\"og:title\" content=\"Suspeito \u00e9 preso pela PM com drogas e muni\u00e7\u00f5es no residencial Vermelho II - Miradouro Not\u00edcias\" \/>\n<meta property=\"og:description\" content=\"Um homem foi preso na madrugada deste domingo (31), no residencial Vermelho II suspeito de vender drogas pelo local. De posse das informa\u00e7\u00f5es repassadas pela sala de opera\u00e7\u00f5es, os militares da Cia T\u00e1tico M\u00f3vel foram ao local e constataram dentro de uma resid\u00eancia 140 papelotes de coca\u00edna, muni\u00e7\u00f5es de v\u00e1rios calibres e aproximadamente 1 Kg [&hellip;]\" \/>\n<meta property=\"og:url\" content=\"https:\/\/miradouronoticias.com\/site\/2023\/12\/31\/suspeito-e-preso-pela-pm-com-drogas-e-municoes-no-residencial-vermelho-ii\/\" \/>\n<meta property=\"og:site_name\" content=\"Miradouro Not\u00edcias\" \/>\n<meta property=\"article:published_time\" content=\"2023-12-31T13:13:03+00:00\" \/>\n<meta property=\"og:image\" content=\"https:\/\/miradouronoticias.com\/site\/wp-content\/uploads\/2023\/12\/Foto-5-2.jpeg\" \/>\n\t<meta property=\"og:image:width\" content=\"750\" \/>\n\t<meta property=\"og:image:height\" content=\"500\" \/>\n\t<meta property=\"og:image:type\" content=\"image\/jpeg\" \/>\n<meta name=\"author\" content=\"Cl\u00e1udia Olyver\" \/>\n<meta name=\"twitter:card\" content=\"summary_large_image\" \/>\n<meta name=\"twitter:label1\" content=\"Escrito por\" \/>\n\t<meta name=\"twitter:data1\" content=\"Cl\u00e1udia Olyver\" \/>\n\t<meta name=\"twitter:label2\" content=\"Est. tempo de leitura\" \/>\n\t<meta name=\"twitter:data2\" content=\"1 minuto\" \/>\n<script type=\"application\/ld+json\" class=\"yoast-schema-graph\">{\"@context\":\"https:\/\/schema.org\",\"@graph\":[{\"@type\":\"Article\",\"@id\":\"https:\/\/miradouronoticias.com\/site\/2023\/12\/31\/suspeito-e-preso-pela-pm-com-drogas-e-municoes-no-residencial-vermelho-ii\/#article\",\"isPartOf\":{\"@id\":\"https:\/\/miradouronoticias.com\/site\/2023\/12\/31\/suspeito-e-preso-pela-pm-com-drogas-e-municoes-no-residencial-vermelho-ii\/\"},\"author\":{\"name\":\"Cl\u00e1udia Olyver\",\"@id\":\"https:\/\/miradouronoticias.com\/site\/#\/schema\/person\/73440d8c82222950df86f3e1a16aad3b\"},\"headline\":\"Suspeito \u00e9 preso pela PM com drogas e muni\u00e7\u00f5es no residencial Vermelho II\",\"datePublished\":\"2023-12-31T13:13:03+00:00\",\"mainEntityOfPage\":{\"@id\":\"https:\/\/miradouronoticias.com\/site\/2023\/12\/31\/suspeito-e-preso-pela-pm-com-drogas-e-municoes-no-residencial-vermelho-ii\/\"},\"wordCount\":126,\"commentCount\":0,\"publisher\":{\"@id\":\"https:\/\/miradouronoticias.com\/site\/#organization\"},\"image\":{\"@id\":\"https:\/\/miradouronoticias.com\/site\/2023\/12\/31\/suspeito-e-preso-pela-pm-com-drogas-e-municoes-no-residencial-vermelho-ii\/#primaryimage\"},\"thumbnailUrl\":\"https:\/\/miradouronoticias.com\/site\/wp-content\/uploads\/2023\/12\/Foto-5-2.jpeg\",\"articleSection\":[\"Cidade\",\"Destaque 2\",\"Pol\u00edcia\"],\"inLanguage\":\"pt-BR\",\"potentialAction\":[{\"@type\":\"CommentAction\",\"name\":\"Comment\",\"target\":[\"https:\/\/miradouronoticias.com\/site\/2023\/12\/31\/suspeito-e-preso-pela-pm-com-drogas-e-municoes-no-residencial-vermelho-ii\/#respond\"]}]},{\"@type\":\"WebPage\",\"@id\":\"https:\/\/miradouronoticias.com\/site\/2023\/12\/31\/suspeito-e-preso-pela-pm-com-drogas-e-municoes-no-residencial-vermelho-ii\/\",\"url\":\"https:\/\/miradouronoticias.com\/site\/2023\/12\/31\/suspeito-e-preso-pela-pm-com-drogas-e-municoes-no-residencial-vermelho-ii\/\",\"name\":\"Suspeito \u00e9 preso pela PM com drogas e muni\u00e7\u00f5es no residencial Vermelho II - Miradouro Not\u00edcias\",\"isPartOf\":{\"@id\":\"https:\/\/miradouronoticias.com\/site\/#website\"},\"primaryImageOfPage\":{\"@id\":\"https:\/\/miradouronoticias.com\/site\/2023\/12\/31\/suspeito-e-preso-pela-pm-com-drogas-e-municoes-no-residencial-vermelho-ii\/#primaryimage\"},\"image\":{\"@id\":\"https:\/\/miradouronoticias.com\/site\/2023\/12\/31\/suspeito-e-preso-pela-pm-com-drogas-e-municoes-no-residencial-vermelho-ii\/#primaryimage\"},\"thumbnailUrl\":\"https:\/\/miradouronoticias.com\/site\/wp-content\/uploads\/2023\/12\/Foto-5-2.jpeg\",\"datePublished\":\"2023-12-31T13:13:03+00:00\",\"breadcrumb\":{\"@id\":\"https:\/\/miradouronoticias.com\/site\/2023\/12\/31\/suspeito-e-preso-pela-pm-com-drogas-e-municoes-no-residencial-vermelho-ii\/#breadcrumb\"},\"inLanguage\":\"pt-BR\",\"potentialAction\":[{\"@type\":\"ReadAction\",\"target\":[\"https:\/\/miradouronoticias.com\/site\/2023\/12\/31\/suspeito-e-preso-pela-pm-com-drogas-e-municoes-no-residencial-vermelho-ii\/\"]}]},{\"@type\":\"ImageObject\",\"inLanguage\":\"pt-BR\",\"@id\":\"https:\/\/miradouronoticias.com\/site\/2023\/12\/31\/suspeito-e-preso-pela-pm-com-drogas-e-municoes-no-residencial-vermelho-ii\/#primaryimage\",\"url\":\"https:\/\/miradouronoticias.com\/site\/wp-content\/uploads\/2023\/12\/Foto-5-2.jpeg\",\"contentUrl\":\"https:\/\/miradouronoticias.com\/site\/wp-content\/uploads\/2023\/12\/Foto-5-2.jpeg\",\"width\":750,\"height\":500},{\"@type\":\"BreadcrumbList\",\"@id\":\"https:\/\/miradouronoticias.com\/site\/2023\/12\/31\/suspeito-e-preso-pela-pm-com-drogas-e-municoes-no-residencial-vermelho-ii\/#breadcrumb\",\"itemListElement\":[{\"@type\":\"ListItem\",\"position\":1,\"name\":\"In\u00edcio\",\"item\":\"https:\/\/miradouronoticias.com\/site\/\"},{\"@type\":\"ListItem\",\"position\":2,\"name\":\"Suspeito \u00e9 preso pela PM com drogas e muni\u00e7\u00f5es no residencial Vermelho II\"}]},{\"@type\":\"WebSite\",\"@id\":\"https:\/\/miradouronoticias.com\/site\/#website\",\"url\":\"https:\/\/miradouronoticias.com\/site\/\",\"name\":\"Miradouro Not\u00edcias\",\"description\":\"Informa\u00e7\u00f5es da cidade e regi\u00e3o\",\"publisher\":{\"@id\":\"https:\/\/miradouronoticias.com\/site\/#organization\"},\"potentialAction\":[{\"@type\":\"SearchAction\",\"target\":{\"@type\":\"EntryPoint\",\"urlTemplate\":\"https:\/\/miradouronoticias.com\/site\/?s={search_term_string}\"},\"query-input\":{\"@type\":\"PropertyValueSpecification\",\"valueRequired\":true,\"valueName\":\"search_term_string\"}}],\"inLanguage\":\"pt-BR\"},{\"@type\":\"Organization\",\"@id\":\"https:\/\/miradouronoticias.com\/site\/#organization\",\"name\":\"Miradouro Not\u00edcias\",\"url\":\"https:\/\/miradouronoticias.com\/site\/\",\"logo\":{\"@type\":\"ImageObject\",\"inLanguage\":\"pt-BR\",\"@id\":\"https:\/\/miradouronoticias.com\/site\/#\/schema\/logo\/image\/\",\"url\":\"https:\/\/miradouronoticias.com\/site\/wp-content\/uploads\/2022\/01\/logomarcamiradouronoticias.png\",\"contentUrl\":\"https:\/\/miradouronoticias.com\/site\/wp-content\/uploads\/2022\/01\/logomarcamiradouronoticias.png\",\"width\":747,\"height\":263,\"caption\":\"Miradouro Not\u00edcias\"},\"image\":{\"@id\":\"https:\/\/miradouronoticias.com\/site\/#\/schema\/logo\/image\/\"}},{\"@type\":\"Person\",\"@id\":\"https:\/\/miradouronoticias.com\/site\/#\/schema\/person\/73440d8c82222950df86f3e1a16aad3b\",\"name\":\"Cl\u00e1udia Olyver\",\"sameAs\":[\"http:\/\/www.miradouronoticias.com\"],\"url\":\"https:\/\/miradouronoticias.com\/site\/author\/claudia\/\"}]}<\/script>\n<!-- \/ Yoast SEO plugin. -->","yoast_head_json":{"title":"Suspeito \u00e9 preso pela PM com drogas e muni\u00e7\u00f5es no residencial Vermelho II - Miradouro Not\u00edcias","robots":{"index":"index","follow":"follow","max-snippet":"max-snippet:-1","max-image-preview":"max-image-preview:large","max-video-preview":"max-video-preview:-1"},"canonical":"https:\/\/miradouronoticias.com\/site\/2023\/12\/31\/suspeito-e-preso-pela-pm-com-drogas-e-municoes-no-residencial-vermelho-ii\/","og_locale":"pt_BR","og_type":"article","og_title":"Suspeito \u00e9 preso pela PM com drogas e muni\u00e7\u00f5es no residencial Vermelho II - Miradouro Not\u00edcias","og_description":"Um homem foi preso na madrugada deste domingo (31), no residencial Vermelho II suspeito de vender drogas pelo local. De posse das informa\u00e7\u00f5es repassadas pela sala de opera\u00e7\u00f5es, os militares da Cia T\u00e1tico M\u00f3vel foram ao local e constataram dentro de uma resid\u00eancia 140 papelotes de coca\u00edna, muni\u00e7\u00f5es de v\u00e1rios calibres e aproximadamente 1 Kg [&hellip;]","og_url":"https:\/\/miradouronoticias.com\/site\/2023\/12\/31\/suspeito-e-preso-pela-pm-com-drogas-e-municoes-no-residencial-vermelho-ii\/","og_site_name":"Miradouro Not\u00edcias","article_published_time":"2023-12-31T13:13:03+00:00","og_image":[{"width":750,"height":500,"url":"https:\/\/miradouronoticias.com\/site\/wp-content\/uploads\/2023\/12\/Foto-5-2.jpeg","type":"image\/jpeg"}],"author":"Cl\u00e1udia Olyver","twitter_card":"summary_large_image","twitter_misc":{"Escrito por":"Cl\u00e1udia Olyver","Est. tempo de leitura":"1 minuto"},"schema":{"@context":"https:\/\/schema.org","@graph":[{"@type":"Article","@id":"https:\/\/miradouronoticias.com\/site\/2023\/12\/31\/suspeito-e-preso-pela-pm-com-drogas-e-municoes-no-residencial-vermelho-ii\/#article","isPartOf":{"@id":"https:\/\/miradouronoticias.com\/site\/2023\/12\/31\/suspeito-e-preso-pela-pm-com-drogas-e-municoes-no-residencial-vermelho-ii\/"},"author":{"name":"Cl\u00e1udia Olyver","@id":"https:\/\/miradouronoticias.com\/site\/#\/schema\/person\/73440d8c82222950df86f3e1a16aad3b"},"headline":"Suspeito \u00e9 preso pela PM com drogas e muni\u00e7\u00f5es no residencial Vermelho II","datePublished":"2023-12-31T13:13:03+00:00","mainEntityOfPage":{"@id":"https:\/\/miradouronoticias.com\/site\/2023\/12\/31\/suspeito-e-preso-pela-pm-com-drogas-e-municoes-no-residencial-vermelho-ii\/"},"wordCount":126,"commentCount":0,"publisher":{"@id":"https:\/\/miradouronoticias.com\/site\/#organization"},"image":{"@id":"https:\/\/miradouronoticias.com\/site\/2023\/12\/31\/suspeito-e-preso-pela-pm-com-drogas-e-municoes-no-residencial-vermelho-ii\/#primaryimage"},"thumbnailUrl":"https:\/\/miradouronoticias.com\/site\/wp-content\/uploads\/2023\/12\/Foto-5-2.jpeg","articleSection":["Cidade","Destaque 2","Pol\u00edcia"],"inLanguage":"pt-BR","potentialAction":[{"@type":"CommentAction","name":"Comment","target":["https:\/\/miradouronoticias.com\/site\/2023\/12\/31\/suspeito-e-preso-pela-pm-com-drogas-e-municoes-no-residencial-vermelho-ii\/#respond"]}]},{"@type":"WebPage","@id":"https:\/\/miradouronoticias.com\/site\/2023\/12\/31\/suspeito-e-preso-pela-pm-com-drogas-e-municoes-no-residencial-vermelho-ii\/","url":"https:\/\/miradouronoticias.com\/site\/2023\/12\/31\/suspeito-e-preso-pela-pm-com-drogas-e-municoes-no-residencial-vermelho-ii\/","name":"Suspeito \u00e9 preso pela PM com drogas e muni\u00e7\u00f5es no residencial Vermelho II - Miradouro Not\u00edcias","isPartOf":{"@id":"https:\/\/miradouronoticias.com\/site\/#website"},"primaryImageOfPage":{"@id":"https:\/\/miradouronoticias.com\/site\/2023\/12\/31\/suspeito-e-preso-pela-pm-com-drogas-e-municoes-no-residencial-vermelho-ii\/#primaryimage"},"image":{"@id":"https:\/\/miradouronoticias.com\/site\/2023\/12\/31\/suspeito-e-preso-pela-pm-com-drogas-e-municoes-no-residencial-vermelho-ii\/#primaryimage"},"thumbnailUrl":"https:\/\/miradouronoticias.com\/site\/wp-content\/uploads\/2023\/12\/Foto-5-2.jpeg","datePublished":"2023-12-31T13:13:03+00:00","breadcrumb":{"@id":"https:\/\/miradouronoticias.com\/site\/2023\/12\/31\/suspeito-e-preso-pela-pm-com-drogas-e-municoes-no-residencial-vermelho-ii\/#breadcrumb"},"inLanguage":"pt-BR","potentialAction":[{"@type":"ReadAction","target":["https:\/\/miradouronoticias.com\/site\/2023\/12\/31\/suspeito-e-preso-pela-pm-com-drogas-e-municoes-no-residencial-vermelho-ii\/"]}]},{"@type":"ImageObject","inLanguage":"pt-BR","@id":"https:\/\/miradouronoticias.com\/site\/2023\/12\/31\/suspeito-e-preso-pela-pm-com-drogas-e-municoes-no-residencial-vermelho-ii\/#primaryimage","url":"https:\/\/miradouronoticias.com\/site\/wp-content\/uploads\/2023\/12\/Foto-5-2.jpeg","contentUrl":"https:\/\/miradouronoticias.com\/site\/wp-content\/uploads\/2023\/12\/Foto-5-2.jpeg","width":750,"height":500},{"@type":"BreadcrumbList","@id":"https:\/\/miradouronoticias.com\/site\/2023\/12\/31\/suspeito-e-preso-pela-pm-com-drogas-e-municoes-no-residencial-vermelho-ii\/#breadcrumb","itemListElement":[{"@type":"ListItem","position":1,"name":"In\u00edcio","item":"https:\/\/miradouronoticias.com\/site\/"},{"@type":"ListItem","position":2,"name":"Suspeito \u00e9 preso pela PM com drogas e muni\u00e7\u00f5es no residencial Vermelho II"}]},{"@type":"WebSite","@id":"https:\/\/miradouronoticias.com\/site\/#website","url":"https:\/\/miradouronoticias.com\/site\/","name":"Miradouro Not\u00edcias","description":"Informa\u00e7\u00f5es da cidade e regi\u00e3o","publisher":{"@id":"https:\/\/miradouronoticias.com\/site\/#organization"},"potentialAction":[{"@type":"SearchAction","target":{"@type":"EntryPoint","urlTemplate":"https:\/\/miradouronoticias.com\/site\/?s={search_term_string}"},"query-input":{"@type":"PropertyValueSpecification","valueRequired":true,"valueName":"search_term_string"}}],"inLanguage":"pt-BR"},{"@type":"Organization","@id":"https:\/\/miradouronoticias.com\/site\/#organization","name":"Miradouro Not\u00edcias","url":"https:\/\/miradouronoticias.com\/site\/","logo":{"@type":"ImageObject","inLanguage":"pt-BR","@id":"https:\/\/miradouronoticias.com\/site\/#\/schema\/logo\/image\/","url":"https:\/\/miradouronoticias.com\/site\/wp-content\/uploads\/2022\/01\/logomarcamiradouronoticias.png","contentUrl":"https:\/\/miradouronoticias.com\/site\/wp-content\/uploads\/2022\/01\/logomarcamiradouronoticias.png","width":747,"height":263,"caption":"Miradouro Not\u00edcias"},"image":{"@id":"https:\/\/miradouronoticias.com\/site\/#\/schema\/logo\/image\/"}},{"@type":"Person","@id":"https:\/\/miradouronoticias.com\/site\/#\/schema\/person\/73440d8c82222950df86f3e1a16aad3b","name":"Cl\u00e1udia Olyver","sameAs":["http:\/\/www.miradouronoticias.com"],"url":"https:\/\/miradouronoticias.com\/site\/author\/claudia\/"}]}},"_links":{"self":[{"href":"https:\/\/miradouronoticias.com\/site\/wp-json\/wp\/v2\/posts\/20760","targetHints":{"allow":["GET"]}}],"collection":[{"href":"https:\/\/miradouronoticias.com\/site\/wp-json\/wp\/v2\/posts"}],"about":[{"href":"https:\/\/miradouronoticias.com\/site\/wp-json\/wp\/v2\/types\/post"}],"author":[{"embeddable":true,"href":"https:\/\/miradouronoticias.com\/site\/wp-json\/wp\/v2\/users\/4"}],"replies":[{"embeddable":true,"href":"https:\/\/miradouronoticias.com\/site\/wp-json\/wp\/v2\/comments?post=20760"}],"version-history":[{"count":1,"href":"https:\/\/miradouronoticias.com\/site\/wp-json\/wp\/v2\/posts\/20760\/revisions"}],"predecessor-version":[{"id":20767,"href":"https:\/\/miradouronoticias.com\/site\/wp-json\/wp\/v2\/posts\/20760\/revisions\/20767"}],"wp:featuredmedia":[{"embeddable":true,"href":"https:\/\/miradouronoticias.com\/site\/wp-json\/wp\/v2\/media\/20761"}],"wp:attachment":[{"href":"https:\/\/miradouronoticias.com\/site\/wp-json\/wp\/v2\/media?parent=20760"}],"wp:term":[{"taxonomy":"category","embeddable":true,"href":"https:\/\/miradouronoticias.com\/site\/wp-json\/wp\/v2\/categories?post=20760"},{"taxonomy":"post_tag","embeddable":true,"href":"https:\/\/miradouronoticias.com\/site\/wp-json\/wp\/v2\/tags?post=20760"}],"curies":[{"name":"wp","href":"https:\/\/api.w.org\/{rel}","templated":true}]}}