{"id":20609,"date":"2023-12-25T20:39:05","date_gmt":"2023-12-25T23:39:05","guid":{"rendered":"https:\/\/miradouronoticias.com\/site\/?p=20609"},"modified":"2023-12-25T20:39:05","modified_gmt":"2023-12-25T23:39:05","slug":"acidente-na-br-267-veiculo-tomba-apos-saida-de-pista-em-leopoldina","status":"publish","type":"post","link":"https:\/\/miradouronoticias.com\/site\/2023\/12\/25\/acidente-na-br-267-veiculo-tomba-apos-saida-de-pista-em-leopoldina\/","title":{"rendered":"Acidente na BR 267: Ve\u00edculo tomba ap\u00f3s sa\u00edda de pista em Leopoldina"},"content":{"rendered":"<h3><strong>Ocorr\u00eancia envolveu um Ford Fiesta em acidente que mobilizou equipes de resgate e a PRF<\/strong><\/h3>\n<p>No final da tarde desse Domingo (24), um acidente na BR 267, pr\u00f3ximo ao munic\u00edpio de Leopoldina, envolveu um Ford Fiesta que era conduzido por um homem de 69 anos, \u00fanico ocupante do ve\u00edculo no momento do incidente.<\/p>\n<p>Segundo informa\u00e7\u00f5es, o ve\u00edculo se deslocava no sentido Juiz de Fora x Leopoldina quando, por raz\u00f5es ainda n\u00e3o esclarecidas, o condutor perdeu o controle do ve\u00edculo. O Ford Fiesta cruzou a faixa oposta, saindo da pista no sentido contr\u00e1rio e tombou. Durante o trajeto fora da rodovia, o carro colidiu contra v\u00e1rias \u00e1rvores at\u00e9 finalmente parar.<\/p>\n<p>Populares que presenciaram o ocorrido agiram para retirar o condutor do ve\u00edculo. As equipes da Pol\u00edcia Rodovi\u00e1ria Federal (PRF) chegaram ao local, constatando que o motorista, embora tenha sofrido ferimentos leves, estava l\u00facido, consciente, orientado e sem les\u00f5es graves vis\u00edveis.<\/p>\n<p>Ap\u00f3s a chegada da equipe do Servi\u00e7o de Atendimento M\u00f3vel de Urg\u00eancia (SAMU), o condutor foi encaminhado \u00e0 Casa de Caridade Leopoldinense para receber os cuidados m\u00e9dicos necess\u00e1rios. Quanto ao ve\u00edculo, foi removido ao p\u00e1tio conveniado.<\/p>\n<p>As autoridades continuam investigando as circunst\u00e2ncias exatas que levaram \u00e0 sa\u00edda de pista e ao tombamento do ve\u00edculo.<\/p>\n<p><img loading=\"lazy\" decoding=\"async\" class=\"alignnone size-medium wp-image-20612\" src=\"https:\/\/miradouronoticias.com\/site\/wp-content\/uploads\/2023\/12\/WhatsApp-Image-2023-12-24-at-17.19.54-1-300x200.jpeg\" alt=\"\" width=\"300\" height=\"200\" srcset=\"https:\/\/miradouronoticias.com\/site\/wp-content\/uploads\/2023\/12\/WhatsApp-Image-2023-12-24-at-17.19.54-1-300x200.jpeg 300w, https:\/\/miradouronoticias.com\/site\/wp-content\/uploads\/2023\/12\/WhatsApp-Image-2023-12-24-at-17.19.54-1.jpeg 750w\" sizes=\"auto, (max-width: 300px) 100vw, 300px\" \/> <img loading=\"lazy\" decoding=\"async\" class=\"alignnone size-medium wp-image-20613\" src=\"https:\/\/miradouronoticias.com\/site\/wp-content\/uploads\/2023\/12\/WhatsApp-Image-2023-12-24-at-17.19.54-300x200.jpeg\" alt=\"\" width=\"300\" height=\"200\" srcset=\"https:\/\/miradouronoticias.com\/site\/wp-content\/uploads\/2023\/12\/WhatsApp-Image-2023-12-24-at-17.19.54-300x200.jpeg 300w, https:\/\/miradouronoticias.com\/site\/wp-content\/uploads\/2023\/12\/WhatsApp-Image-2023-12-24-at-17.19.54.jpeg 750w\" sizes=\"auto, (max-width: 300px) 100vw, 300px\" \/><\/p>\n<h6><strong>Fonte: R\u00e1dio Muria\u00e9<\/strong><\/h6>\n<hr \/>\n<p><strong><span style=\"color: #ff0000;\">By: miradouronoticias.com.br<\/span><\/strong><\/p>\n","protected":false},"excerpt":{"rendered":"<p>Ocorr\u00eancia envolveu um Ford Fiesta em acidente que mobilizou equipes de resgate e a PRF No final da tarde desse Domingo (24), um acidente na BR 267, pr\u00f3ximo ao munic\u00edpio de Leopoldina, envolveu um Ford Fiesta que era conduzido por um homem de 69 anos, \u00fanico ocupante do ve\u00edculo no momento do incidente. Segundo informa\u00e7\u00f5es, [&hellip;]<\/p>\n","protected":false},"author":4,"featured_media":20612,"comment_status":"open","ping_status":"open","sticky":false,"template":"","format":"standard","meta":{"footnotes":""},"categories":[24,12],"tags":[],"class_list":["post-20609","post","type-post","status-publish","format-standard","has-post-thumbnail","hentry","category-acidente","category-destaque-4"],"yoast_head":"<!-- This site is optimized with the Yoast SEO plugin v27.2 - https:\/\/yoast.com\/product\/yoast-seo-wordpress\/ -->\n<title>Acidente na BR 267: Ve\u00edculo tomba ap\u00f3s sa\u00edda de pista em Leopoldina - Miradouro Not\u00edcias<\/title>\n<meta name=\"robots\" content=\"index, follow, max-snippet:-1, max-image-preview:large, max-video-preview:-1\" \/>\n<link rel=\"canonical\" href=\"https:\/\/miradouronoticias.com\/site\/2023\/12\/25\/acidente-na-br-267-veiculo-tomba-apos-saida-de-pista-em-leopoldina\/\" \/>\n<meta property=\"og:locale\" content=\"pt_BR\" \/>\n<meta property=\"og:type\" content=\"article\" \/>\n<meta property=\"og:title\" content=\"Acidente na BR 267: Ve\u00edculo tomba ap\u00f3s sa\u00edda de pista em Leopoldina - Miradouro Not\u00edcias\" \/>\n<meta property=\"og:description\" content=\"Ocorr\u00eancia envolveu um Ford Fiesta em acidente que mobilizou equipes de resgate e a PRF No final da tarde desse Domingo (24), um acidente na BR 267, pr\u00f3ximo ao munic\u00edpio de Leopoldina, envolveu um Ford Fiesta que era conduzido por um homem de 69 anos, \u00fanico ocupante do ve\u00edculo no momento do incidente. Segundo informa\u00e7\u00f5es, [&hellip;]\" \/>\n<meta property=\"og:url\" content=\"https:\/\/miradouronoticias.com\/site\/2023\/12\/25\/acidente-na-br-267-veiculo-tomba-apos-saida-de-pista-em-leopoldina\/\" \/>\n<meta property=\"og:site_name\" content=\"Miradouro Not\u00edcias\" \/>\n<meta property=\"article:published_time\" content=\"2023-12-25T23:39:05+00:00\" \/>\n<meta property=\"og:image\" content=\"https:\/\/miradouronoticias.com\/site\/wp-content\/uploads\/2023\/12\/WhatsApp-Image-2023-12-24-at-17.19.54-1.jpeg\" \/>\n\t<meta property=\"og:image:width\" content=\"750\" \/>\n\t<meta property=\"og:image:height\" content=\"500\" \/>\n\t<meta property=\"og:image:type\" content=\"image\/jpeg\" \/>\n<meta name=\"author\" content=\"Cl\u00e1udia Olyver\" \/>\n<meta name=\"twitter:card\" content=\"summary_large_image\" \/>\n<meta name=\"twitter:label1\" content=\"Escrito por\" \/>\n\t<meta name=\"twitter:data1\" content=\"Cl\u00e1udia Olyver\" \/>\n\t<meta name=\"twitter:label2\" content=\"Est. tempo de leitura\" \/>\n\t<meta name=\"twitter:data2\" content=\"1 minuto\" \/>\n<script type=\"application\/ld+json\" class=\"yoast-schema-graph\">{\"@context\":\"https:\/\/schema.org\",\"@graph\":[{\"@type\":\"Article\",\"@id\":\"https:\/\/miradouronoticias.com\/site\/2023\/12\/25\/acidente-na-br-267-veiculo-tomba-apos-saida-de-pista-em-leopoldina\/#article\",\"isPartOf\":{\"@id\":\"https:\/\/miradouronoticias.com\/site\/2023\/12\/25\/acidente-na-br-267-veiculo-tomba-apos-saida-de-pista-em-leopoldina\/\"},\"author\":{\"name\":\"Cl\u00e1udia Olyver\",\"@id\":\"https:\/\/miradouronoticias.com\/site\/#\/schema\/person\/73440d8c82222950df86f3e1a16aad3b\"},\"headline\":\"Acidente na BR 267: Ve\u00edculo tomba ap\u00f3s sa\u00edda de pista em Leopoldina\",\"datePublished\":\"2023-12-25T23:39:05+00:00\",\"mainEntityOfPage\":{\"@id\":\"https:\/\/miradouronoticias.com\/site\/2023\/12\/25\/acidente-na-br-267-veiculo-tomba-apos-saida-de-pista-em-leopoldina\/\"},\"wordCount\":248,\"commentCount\":0,\"publisher\":{\"@id\":\"https:\/\/miradouronoticias.com\/site\/#organization\"},\"image\":{\"@id\":\"https:\/\/miradouronoticias.com\/site\/2023\/12\/25\/acidente-na-br-267-veiculo-tomba-apos-saida-de-pista-em-leopoldina\/#primaryimage\"},\"thumbnailUrl\":\"https:\/\/miradouronoticias.com\/site\/wp-content\/uploads\/2023\/12\/WhatsApp-Image-2023-12-24-at-17.19.54-1.jpeg\",\"articleSection\":[\"Acidente\",\"Destaque 4\"],\"inLanguage\":\"pt-BR\",\"potentialAction\":[{\"@type\":\"CommentAction\",\"name\":\"Comment\",\"target\":[\"https:\/\/miradouronoticias.com\/site\/2023\/12\/25\/acidente-na-br-267-veiculo-tomba-apos-saida-de-pista-em-leopoldina\/#respond\"]}]},{\"@type\":\"WebPage\",\"@id\":\"https:\/\/miradouronoticias.com\/site\/2023\/12\/25\/acidente-na-br-267-veiculo-tomba-apos-saida-de-pista-em-leopoldina\/\",\"url\":\"https:\/\/miradouronoticias.com\/site\/2023\/12\/25\/acidente-na-br-267-veiculo-tomba-apos-saida-de-pista-em-leopoldina\/\",\"name\":\"Acidente na BR 267: Ve\u00edculo tomba ap\u00f3s sa\u00edda de pista em Leopoldina - Miradouro Not\u00edcias\",\"isPartOf\":{\"@id\":\"https:\/\/miradouronoticias.com\/site\/#website\"},\"primaryImageOfPage\":{\"@id\":\"https:\/\/miradouronoticias.com\/site\/2023\/12\/25\/acidente-na-br-267-veiculo-tomba-apos-saida-de-pista-em-leopoldina\/#primaryimage\"},\"image\":{\"@id\":\"https:\/\/miradouronoticias.com\/site\/2023\/12\/25\/acidente-na-br-267-veiculo-tomba-apos-saida-de-pista-em-leopoldina\/#primaryimage\"},\"thumbnailUrl\":\"https:\/\/miradouronoticias.com\/site\/wp-content\/uploads\/2023\/12\/WhatsApp-Image-2023-12-24-at-17.19.54-1.jpeg\",\"datePublished\":\"2023-12-25T23:39:05+00:00\",\"breadcrumb\":{\"@id\":\"https:\/\/miradouronoticias.com\/site\/2023\/12\/25\/acidente-na-br-267-veiculo-tomba-apos-saida-de-pista-em-leopoldina\/#breadcrumb\"},\"inLanguage\":\"pt-BR\",\"potentialAction\":[{\"@type\":\"ReadAction\",\"target\":[\"https:\/\/miradouronoticias.com\/site\/2023\/12\/25\/acidente-na-br-267-veiculo-tomba-apos-saida-de-pista-em-leopoldina\/\"]}]},{\"@type\":\"ImageObject\",\"inLanguage\":\"pt-BR\",\"@id\":\"https:\/\/miradouronoticias.com\/site\/2023\/12\/25\/acidente-na-br-267-veiculo-tomba-apos-saida-de-pista-em-leopoldina\/#primaryimage\",\"url\":\"https:\/\/miradouronoticias.com\/site\/wp-content\/uploads\/2023\/12\/WhatsApp-Image-2023-12-24-at-17.19.54-1.jpeg\",\"contentUrl\":\"https:\/\/miradouronoticias.com\/site\/wp-content\/uploads\/2023\/12\/WhatsApp-Image-2023-12-24-at-17.19.54-1.jpeg\",\"width\":750,\"height\":500},{\"@type\":\"BreadcrumbList\",\"@id\":\"https:\/\/miradouronoticias.com\/site\/2023\/12\/25\/acidente-na-br-267-veiculo-tomba-apos-saida-de-pista-em-leopoldina\/#breadcrumb\",\"itemListElement\":[{\"@type\":\"ListItem\",\"position\":1,\"name\":\"In\u00edcio\",\"item\":\"https:\/\/miradouronoticias.com\/site\/\"},{\"@type\":\"ListItem\",\"position\":2,\"name\":\"Acidente na BR 267: Ve\u00edculo tomba ap\u00f3s sa\u00edda de pista em Leopoldina\"}]},{\"@type\":\"WebSite\",\"@id\":\"https:\/\/miradouronoticias.com\/site\/#website\",\"url\":\"https:\/\/miradouronoticias.com\/site\/\",\"name\":\"Miradouro Not\u00edcias\",\"description\":\"Informa\u00e7\u00f5es da cidade e regi\u00e3o\",\"publisher\":{\"@id\":\"https:\/\/miradouronoticias.com\/site\/#organization\"},\"potentialAction\":[{\"@type\":\"SearchAction\",\"target\":{\"@type\":\"EntryPoint\",\"urlTemplate\":\"https:\/\/miradouronoticias.com\/site\/?s={search_term_string}\"},\"query-input\":{\"@type\":\"PropertyValueSpecification\",\"valueRequired\":true,\"valueName\":\"search_term_string\"}}],\"inLanguage\":\"pt-BR\"},{\"@type\":\"Organization\",\"@id\":\"https:\/\/miradouronoticias.com\/site\/#organization\",\"name\":\"Miradouro Not\u00edcias\",\"url\":\"https:\/\/miradouronoticias.com\/site\/\",\"logo\":{\"@type\":\"ImageObject\",\"inLanguage\":\"pt-BR\",\"@id\":\"https:\/\/miradouronoticias.com\/site\/#\/schema\/logo\/image\/\",\"url\":\"https:\/\/miradouronoticias.com\/site\/wp-content\/uploads\/2022\/01\/logomarcamiradouronoticias.png\",\"contentUrl\":\"https:\/\/miradouronoticias.com\/site\/wp-content\/uploads\/2022\/01\/logomarcamiradouronoticias.png\",\"width\":747,\"height\":263,\"caption\":\"Miradouro Not\u00edcias\"},\"image\":{\"@id\":\"https:\/\/miradouronoticias.com\/site\/#\/schema\/logo\/image\/\"}},{\"@type\":\"Person\",\"@id\":\"https:\/\/miradouronoticias.com\/site\/#\/schema\/person\/73440d8c82222950df86f3e1a16aad3b\",\"name\":\"Cl\u00e1udia Olyver\",\"sameAs\":[\"http:\/\/www.miradouronoticias.com\"],\"url\":\"https:\/\/miradouronoticias.com\/site\/author\/claudia\/\"}]}<\/script>\n<!-- \/ Yoast SEO plugin. -->","yoast_head_json":{"title":"Acidente na BR 267: Ve\u00edculo tomba ap\u00f3s sa\u00edda de pista em Leopoldina - Miradouro Not\u00edcias","robots":{"index":"index","follow":"follow","max-snippet":"max-snippet:-1","max-image-preview":"max-image-preview:large","max-video-preview":"max-video-preview:-1"},"canonical":"https:\/\/miradouronoticias.com\/site\/2023\/12\/25\/acidente-na-br-267-veiculo-tomba-apos-saida-de-pista-em-leopoldina\/","og_locale":"pt_BR","og_type":"article","og_title":"Acidente na BR 267: Ve\u00edculo tomba ap\u00f3s sa\u00edda de pista em Leopoldina - Miradouro Not\u00edcias","og_description":"Ocorr\u00eancia envolveu um Ford Fiesta em acidente que mobilizou equipes de resgate e a PRF No final da tarde desse Domingo (24), um acidente na BR 267, pr\u00f3ximo ao munic\u00edpio de Leopoldina, envolveu um Ford Fiesta que era conduzido por um homem de 69 anos, \u00fanico ocupante do ve\u00edculo no momento do incidente. Segundo informa\u00e7\u00f5es, [&hellip;]","og_url":"https:\/\/miradouronoticias.com\/site\/2023\/12\/25\/acidente-na-br-267-veiculo-tomba-apos-saida-de-pista-em-leopoldina\/","og_site_name":"Miradouro Not\u00edcias","article_published_time":"2023-12-25T23:39:05+00:00","og_image":[{"width":750,"height":500,"url":"https:\/\/miradouronoticias.com\/site\/wp-content\/uploads\/2023\/12\/WhatsApp-Image-2023-12-24-at-17.19.54-1.jpeg","type":"image\/jpeg"}],"author":"Cl\u00e1udia Olyver","twitter_card":"summary_large_image","twitter_misc":{"Escrito por":"Cl\u00e1udia Olyver","Est. tempo de leitura":"1 minuto"},"schema":{"@context":"https:\/\/schema.org","@graph":[{"@type":"Article","@id":"https:\/\/miradouronoticias.com\/site\/2023\/12\/25\/acidente-na-br-267-veiculo-tomba-apos-saida-de-pista-em-leopoldina\/#article","isPartOf":{"@id":"https:\/\/miradouronoticias.com\/site\/2023\/12\/25\/acidente-na-br-267-veiculo-tomba-apos-saida-de-pista-em-leopoldina\/"},"author":{"name":"Cl\u00e1udia Olyver","@id":"https:\/\/miradouronoticias.com\/site\/#\/schema\/person\/73440d8c82222950df86f3e1a16aad3b"},"headline":"Acidente na BR 267: Ve\u00edculo tomba ap\u00f3s sa\u00edda de pista em Leopoldina","datePublished":"2023-12-25T23:39:05+00:00","mainEntityOfPage":{"@id":"https:\/\/miradouronoticias.com\/site\/2023\/12\/25\/acidente-na-br-267-veiculo-tomba-apos-saida-de-pista-em-leopoldina\/"},"wordCount":248,"commentCount":0,"publisher":{"@id":"https:\/\/miradouronoticias.com\/site\/#organization"},"image":{"@id":"https:\/\/miradouronoticias.com\/site\/2023\/12\/25\/acidente-na-br-267-veiculo-tomba-apos-saida-de-pista-em-leopoldina\/#primaryimage"},"thumbnailUrl":"https:\/\/miradouronoticias.com\/site\/wp-content\/uploads\/2023\/12\/WhatsApp-Image-2023-12-24-at-17.19.54-1.jpeg","articleSection":["Acidente","Destaque 4"],"inLanguage":"pt-BR","potentialAction":[{"@type":"CommentAction","name":"Comment","target":["https:\/\/miradouronoticias.com\/site\/2023\/12\/25\/acidente-na-br-267-veiculo-tomba-apos-saida-de-pista-em-leopoldina\/#respond"]}]},{"@type":"WebPage","@id":"https:\/\/miradouronoticias.com\/site\/2023\/12\/25\/acidente-na-br-267-veiculo-tomba-apos-saida-de-pista-em-leopoldina\/","url":"https:\/\/miradouronoticias.com\/site\/2023\/12\/25\/acidente-na-br-267-veiculo-tomba-apos-saida-de-pista-em-leopoldina\/","name":"Acidente na BR 267: Ve\u00edculo tomba ap\u00f3s sa\u00edda de pista em Leopoldina - Miradouro Not\u00edcias","isPartOf":{"@id":"https:\/\/miradouronoticias.com\/site\/#website"},"primaryImageOfPage":{"@id":"https:\/\/miradouronoticias.com\/site\/2023\/12\/25\/acidente-na-br-267-veiculo-tomba-apos-saida-de-pista-em-leopoldina\/#primaryimage"},"image":{"@id":"https:\/\/miradouronoticias.com\/site\/2023\/12\/25\/acidente-na-br-267-veiculo-tomba-apos-saida-de-pista-em-leopoldina\/#primaryimage"},"thumbnailUrl":"https:\/\/miradouronoticias.com\/site\/wp-content\/uploads\/2023\/12\/WhatsApp-Image-2023-12-24-at-17.19.54-1.jpeg","datePublished":"2023-12-25T23:39:05+00:00","breadcrumb":{"@id":"https:\/\/miradouronoticias.com\/site\/2023\/12\/25\/acidente-na-br-267-veiculo-tomba-apos-saida-de-pista-em-leopoldina\/#breadcrumb"},"inLanguage":"pt-BR","potentialAction":[{"@type":"ReadAction","target":["https:\/\/miradouronoticias.com\/site\/2023\/12\/25\/acidente-na-br-267-veiculo-tomba-apos-saida-de-pista-em-leopoldina\/"]}]},{"@type":"ImageObject","inLanguage":"pt-BR","@id":"https:\/\/miradouronoticias.com\/site\/2023\/12\/25\/acidente-na-br-267-veiculo-tomba-apos-saida-de-pista-em-leopoldina\/#primaryimage","url":"https:\/\/miradouronoticias.com\/site\/wp-content\/uploads\/2023\/12\/WhatsApp-Image-2023-12-24-at-17.19.54-1.jpeg","contentUrl":"https:\/\/miradouronoticias.com\/site\/wp-content\/uploads\/2023\/12\/WhatsApp-Image-2023-12-24-at-17.19.54-1.jpeg","width":750,"height":500},{"@type":"BreadcrumbList","@id":"https:\/\/miradouronoticias.com\/site\/2023\/12\/25\/acidente-na-br-267-veiculo-tomba-apos-saida-de-pista-em-leopoldina\/#breadcrumb","itemListElement":[{"@type":"ListItem","position":1,"name":"In\u00edcio","item":"https:\/\/miradouronoticias.com\/site\/"},{"@type":"ListItem","position":2,"name":"Acidente na BR 267: Ve\u00edculo tomba ap\u00f3s sa\u00edda de pista em Leopoldina"}]},{"@type":"WebSite","@id":"https:\/\/miradouronoticias.com\/site\/#website","url":"https:\/\/miradouronoticias.com\/site\/","name":"Miradouro Not\u00edcias","description":"Informa\u00e7\u00f5es da cidade e regi\u00e3o","publisher":{"@id":"https:\/\/miradouronoticias.com\/site\/#organization"},"potentialAction":[{"@type":"SearchAction","target":{"@type":"EntryPoint","urlTemplate":"https:\/\/miradouronoticias.com\/site\/?s={search_term_string}"},"query-input":{"@type":"PropertyValueSpecification","valueRequired":true,"valueName":"search_term_string"}}],"inLanguage":"pt-BR"},{"@type":"Organization","@id":"https:\/\/miradouronoticias.com\/site\/#organization","name":"Miradouro Not\u00edcias","url":"https:\/\/miradouronoticias.com\/site\/","logo":{"@type":"ImageObject","inLanguage":"pt-BR","@id":"https:\/\/miradouronoticias.com\/site\/#\/schema\/logo\/image\/","url":"https:\/\/miradouronoticias.com\/site\/wp-content\/uploads\/2022\/01\/logomarcamiradouronoticias.png","contentUrl":"https:\/\/miradouronoticias.com\/site\/wp-content\/uploads\/2022\/01\/logomarcamiradouronoticias.png","width":747,"height":263,"caption":"Miradouro Not\u00edcias"},"image":{"@id":"https:\/\/miradouronoticias.com\/site\/#\/schema\/logo\/image\/"}},{"@type":"Person","@id":"https:\/\/miradouronoticias.com\/site\/#\/schema\/person\/73440d8c82222950df86f3e1a16aad3b","name":"Cl\u00e1udia Olyver","sameAs":["http:\/\/www.miradouronoticias.com"],"url":"https:\/\/miradouronoticias.com\/site\/author\/claudia\/"}]}},"_links":{"self":[{"href":"https:\/\/miradouronoticias.com\/site\/wp-json\/wp\/v2\/posts\/20609","targetHints":{"allow":["GET"]}}],"collection":[{"href":"https:\/\/miradouronoticias.com\/site\/wp-json\/wp\/v2\/posts"}],"about":[{"href":"https:\/\/miradouronoticias.com\/site\/wp-json\/wp\/v2\/types\/post"}],"author":[{"embeddable":true,"href":"https:\/\/miradouronoticias.com\/site\/wp-json\/wp\/v2\/users\/4"}],"replies":[{"embeddable":true,"href":"https:\/\/miradouronoticias.com\/site\/wp-json\/wp\/v2\/comments?post=20609"}],"version-history":[{"count":1,"href":"https:\/\/miradouronoticias.com\/site\/wp-json\/wp\/v2\/posts\/20609\/revisions"}],"predecessor-version":[{"id":20614,"href":"https:\/\/miradouronoticias.com\/site\/wp-json\/wp\/v2\/posts\/20609\/revisions\/20614"}],"wp:featuredmedia":[{"embeddable":true,"href":"https:\/\/miradouronoticias.com\/site\/wp-json\/wp\/v2\/media\/20612"}],"wp:attachment":[{"href":"https:\/\/miradouronoticias.com\/site\/wp-json\/wp\/v2\/media?parent=20609"}],"wp:term":[{"taxonomy":"category","embeddable":true,"href":"https:\/\/miradouronoticias.com\/site\/wp-json\/wp\/v2\/categories?post=20609"},{"taxonomy":"post_tag","embeddable":true,"href":"https:\/\/miradouronoticias.com\/site\/wp-json\/wp\/v2\/tags?post=20609"}],"curies":[{"name":"wp","href":"https:\/\/api.w.org\/{rel}","templated":true}]}}