{"id":20600,"date":"2023-12-25T07:48:56","date_gmt":"2023-12-25T10:48:56","guid":{"rendered":"https:\/\/miradouronoticias.com\/site\/?p=20600"},"modified":"2023-12-25T07:48:56","modified_gmt":"2023-12-25T10:48:56","slug":"somos-um-mesmo-povo-e-um-so-pais-diz-lula-em-pronunciamento","status":"publish","type":"post","link":"https:\/\/miradouronoticias.com\/site\/2023\/12\/25\/somos-um-mesmo-povo-e-um-so-pais-diz-lula-em-pronunciamento\/","title":{"rendered":"&#8220;Somos um mesmo povo e um s\u00f3 pa\u00eds&#8221;, diz Lula em pronunciamento"},"content":{"rendered":"<h3 class=\"col-10 offset-1 animated fadeInDown dealy-900 display-8 display-md-8 alt-font font-italic my-1 text-center\">Presidente defendeu restaurar a paz e a uni\u00e3o entre amigos e fam\u00edlias<\/h3>\n<div class=\"col-lg-12 mb-3\">\n<div class=\"row\">\n<div id=\"tts-container\" class=\"col-xl-7 offset-xl-1 col-lg-8 offset-lg-0 col-md-10 offset-md-1 mb-3\"><audio id=\"tts-player\" src=\"https:\/\/tts-app.ebc.com.br\/media\/tts\/214844.mp3\" controls=\"controls\" data-mce-fragment=\"1\"><\/audio><\/div>\n<\/div>\n<\/div>\n<div class=\"col-xl-7 offset-xl-1 col-lg-8 offset-lg-0 col-md-10 offset-md-1 mb-3\">\n<div class=\"post-item alt-font\">\n<div class=\"post-item-wrap\">\n<p>O presidente da Rep\u00fablica, Luiz In\u00e1cio Lula da Silva, destacou em pronunciamento de Natal na noite deste domingo (24) os feitos do primeiro ano de seu terceiro mandato e defendeu que a paz e a uni\u00e3o entre amigos e familiares seja restaurada. Lula afirmou que &#8220;o \u00f3dio de alguns contra a democracia deixou cicatrizes profundas e dividiu o pa\u00eds&#8221;.<img decoding=\"async\" src=\"https:\/\/agenciabrasil.ebc.com.br\/ebc.png?id=1574336&amp;o=node\" \/><img decoding=\"async\" src=\"https:\/\/agenciabrasil.ebc.com.br\/ebc.gif?id=1574336&amp;o=node\" \/><\/p>\n<p>&#8220;Ao final daquele triste 8 de janeiro, a democracia saiu vitoriosa e fortalecida. Fomos capazes de restaurar as vidra\u00e7as em tempo recorde, mas falta restaurar a paz e a uni\u00e3o entre amigos e familiares. Meu desejo neste fim de ano \u00e9 que o Brasil abrace o Brasil. Somos um mesmo povo e um s\u00f3 pa\u00eds&#8221;, disse.<\/p>\n<p>O presidente prometeu combate \u00e0s fake news, \u00e0 desinforma\u00e7\u00e3o e ao discurso de \u00f3dio, al\u00e9m da valoriza\u00e7\u00e3o do di\u00e1logo. &#8220;Que no ano que vem sigamos unidos, caminhando juntos rumo \u00e0 constru\u00e7\u00e3o de um pa\u00eds cada vez mais desenvolvido, mais fraterno e mais justo para todas as fam\u00edlias&#8221;.<\/p>\n<h2>Colheita generosa<\/h2>\n<p>Lula voltou a dizer que 2023 foi um ano de reconstruir e de plantar, e afirmou que foram criadas condi\u00e7\u00f5es para uma colheita generosa em 2024, destacando o retorno de pol\u00edticas sociais como o Bolsa Fam\u00edlia;\u00a0o crescimento do Produto Interno Bruto, acima do esperado por economistas;\u00a0e a gera\u00e7\u00e3o de 2 milh\u00f5es de empregos com carteira assinada.<\/p>\n<p>&#8220;O sal\u00e1rio m\u00ednimo voltou a subir acima da infla\u00e7\u00e3o e mais de 80% das categorias profissionais tamb\u00e9m tiveram aumento real. Aprovamos a igualdade salarial entre homens e mulheres. Trabalho igual, sal\u00e1rio igual&#8221;, lembrou.<\/p>\n<p>O presidente tamb\u00e9m exaltou a aprova\u00e7\u00e3o da reforma tribut\u00e1ria e a taxa\u00e7\u00e3o dos super ricos e descreveu que o novo sistema corrige uma injusti\u00e7a, fazendo quem ganha mais pagar mais imposto, e quem ganha menos pagar menos.<\/p>\n<h2>Nona economia mundial<\/h2>\n<p>A proje\u00e7\u00e3o internacional do Brasil no cen\u00e1rio internacional tamb\u00e9m foi ressaltada no pronunciamento de Natal. Segundo Lula, o pa\u00eds voltou a ser ouvido nos mais importantes f\u00f3runs internacionais, em temas como o combate \u00e0 fome, \u00e0 desigualdade, a busca pela paz e o enfrentamento da emerg\u00eancia clim\u00e1tica.<\/p>\n<p>Com o crescimento da economia, ele lembrou que o PIB brasileiro se tornou o nono maior do mundo, saindo da 12\u00aa posi\u00e7\u00e3o.<\/p>\n<p>No pronunciamento, o presidente tamb\u00e9m defendeu que seu governo consolidou o papel do Brasil como pot\u00eancia mundial na produ\u00e7\u00e3o de energia renov\u00e1vel e\u00a0promoveu redu\u00e7\u00e3o do desmatamento na Amaz\u00f4nia.<\/p>\n<p>&#8220;Em 2024, vamos trabalhar fortemente para superar, mais uma vez, todas as expectativas&#8221;, disse Lula, que afirmou que o Plano Safra 2023\/2-24 \u00e9 o maior da hist\u00f3ria, e que a Nova Pol\u00edtica Industrial e o novo PAC v\u00e3o gerar mais empregos e melhores sal\u00e1rios.<\/p>\n<p><img loading=\"lazy\" decoding=\"async\" class=\"alignnone size-medium wp-image-20602\" src=\"https:\/\/miradouronoticias.com\/site\/wp-content\/uploads\/2023\/12\/53417969517_47696e5c2f_o-1-300x179.jpg\" alt=\"\" width=\"300\" height=\"179\" srcset=\"https:\/\/miradouronoticias.com\/site\/wp-content\/uploads\/2023\/12\/53417969517_47696e5c2f_o-1-300x179.jpg 300w, https:\/\/miradouronoticias.com\/site\/wp-content\/uploads\/2023\/12\/53417969517_47696e5c2f_o-1-1024x613.jpg 1024w, https:\/\/miradouronoticias.com\/site\/wp-content\/uploads\/2023\/12\/53417969517_47696e5c2f_o-1-768x459.jpg 768w, https:\/\/miradouronoticias.com\/site\/wp-content\/uploads\/2023\/12\/53417969517_47696e5c2f_o-1.jpg 1170w\" sizes=\"auto, (max-width: 300px) 100vw, 300px\" \/><\/p>\n<\/div>\n<\/div>\n<\/div>\n<h6><strong>Ag\u00eancia Brasil<\/strong><\/h6>\n<hr \/>\n<p><strong><span style=\"color: #ff0000;\">By: miradouronoticias.com.br<\/span><\/strong><\/p>\n","protected":false},"excerpt":{"rendered":"<p>Presidente defendeu restaurar a paz e a uni\u00e3o entre amigos e fam\u00edlias O presidente da Rep\u00fablica, Luiz In\u00e1cio Lula da Silva, destacou em pronunciamento de Natal na noite deste domingo (24) os feitos do primeiro ano de seu terceiro mandato e defendeu que a paz e a uni\u00e3o entre amigos e familiares seja restaurada. Lula [&hellip;]<\/p>\n","protected":false},"author":4,"featured_media":20602,"comment_status":"open","ping_status":"open","sticky":false,"template":"","format":"standard","meta":{"footnotes":""},"categories":[10],"tags":[],"class_list":["post-20600","post","type-post","status-publish","format-standard","has-post-thumbnail","hentry","category-destaque-2"],"yoast_head":"<!-- This site is optimized with the Yoast SEO plugin v27.2 - https:\/\/yoast.com\/product\/yoast-seo-wordpress\/ -->\n<title>&quot;Somos um mesmo povo e um s\u00f3 pa\u00eds&quot;, diz Lula em pronunciamento - Miradouro Not\u00edcias<\/title>\n<meta name=\"robots\" content=\"index, follow, max-snippet:-1, max-image-preview:large, max-video-preview:-1\" \/>\n<link rel=\"canonical\" href=\"https:\/\/miradouronoticias.com\/site\/2023\/12\/25\/somos-um-mesmo-povo-e-um-so-pais-diz-lula-em-pronunciamento\/\" \/>\n<meta property=\"og:locale\" content=\"pt_BR\" \/>\n<meta property=\"og:type\" content=\"article\" \/>\n<meta property=\"og:title\" content=\"&quot;Somos um mesmo povo e um s\u00f3 pa\u00eds&quot;, diz Lula em pronunciamento - Miradouro Not\u00edcias\" \/>\n<meta property=\"og:description\" content=\"Presidente defendeu restaurar a paz e a uni\u00e3o entre amigos e fam\u00edlias O presidente da Rep\u00fablica, Luiz In\u00e1cio Lula da Silva, destacou em pronunciamento de Natal na noite deste domingo (24) os feitos do primeiro ano de seu terceiro mandato e defendeu que a paz e a uni\u00e3o entre amigos e familiares seja restaurada. Lula [&hellip;]\" \/>\n<meta property=\"og:url\" content=\"https:\/\/miradouronoticias.com\/site\/2023\/12\/25\/somos-um-mesmo-povo-e-um-so-pais-diz-lula-em-pronunciamento\/\" \/>\n<meta property=\"og:site_name\" content=\"Miradouro Not\u00edcias\" \/>\n<meta property=\"article:published_time\" content=\"2023-12-25T10:48:56+00:00\" \/>\n<meta property=\"og:image\" content=\"https:\/\/miradouronoticias.com\/site\/wp-content\/uploads\/2023\/12\/53417969517_47696e5c2f_o-1.jpg\" \/>\n\t<meta property=\"og:image:width\" content=\"1170\" \/>\n\t<meta property=\"og:image:height\" content=\"700\" \/>\n\t<meta property=\"og:image:type\" content=\"image\/jpeg\" \/>\n<meta name=\"author\" content=\"Cl\u00e1udia Olyver\" \/>\n<meta name=\"twitter:card\" content=\"summary_large_image\" \/>\n<meta name=\"twitter:label1\" content=\"Escrito por\" \/>\n\t<meta name=\"twitter:data1\" content=\"Cl\u00e1udia Olyver\" \/>\n\t<meta name=\"twitter:label2\" content=\"Est. tempo de leitura\" \/>\n\t<meta name=\"twitter:data2\" content=\"2 minutos\" \/>\n<script type=\"application\/ld+json\" class=\"yoast-schema-graph\">{\"@context\":\"https:\/\/schema.org\",\"@graph\":[{\"@type\":\"Article\",\"@id\":\"https:\/\/miradouronoticias.com\/site\/2023\/12\/25\/somos-um-mesmo-povo-e-um-so-pais-diz-lula-em-pronunciamento\/#article\",\"isPartOf\":{\"@id\":\"https:\/\/miradouronoticias.com\/site\/2023\/12\/25\/somos-um-mesmo-povo-e-um-so-pais-diz-lula-em-pronunciamento\/\"},\"author\":{\"name\":\"Cl\u00e1udia Olyver\",\"@id\":\"https:\/\/miradouronoticias.com\/site\/#\/schema\/person\/73440d8c82222950df86f3e1a16aad3b\"},\"headline\":\"&#8220;Somos um mesmo povo e um s\u00f3 pa\u00eds&#8221;, diz Lula em pronunciamento\",\"datePublished\":\"2023-12-25T10:48:56+00:00\",\"mainEntityOfPage\":{\"@id\":\"https:\/\/miradouronoticias.com\/site\/2023\/12\/25\/somos-um-mesmo-povo-e-um-so-pais-diz-lula-em-pronunciamento\/\"},\"wordCount\":504,\"commentCount\":0,\"publisher\":{\"@id\":\"https:\/\/miradouronoticias.com\/site\/#organization\"},\"image\":{\"@id\":\"https:\/\/miradouronoticias.com\/site\/2023\/12\/25\/somos-um-mesmo-povo-e-um-so-pais-diz-lula-em-pronunciamento\/#primaryimage\"},\"thumbnailUrl\":\"https:\/\/miradouronoticias.com\/site\/wp-content\/uploads\/2023\/12\/53417969517_47696e5c2f_o-1.jpg\",\"articleSection\":[\"Destaque 2\"],\"inLanguage\":\"pt-BR\",\"potentialAction\":[{\"@type\":\"CommentAction\",\"name\":\"Comment\",\"target\":[\"https:\/\/miradouronoticias.com\/site\/2023\/12\/25\/somos-um-mesmo-povo-e-um-so-pais-diz-lula-em-pronunciamento\/#respond\"]}]},{\"@type\":\"WebPage\",\"@id\":\"https:\/\/miradouronoticias.com\/site\/2023\/12\/25\/somos-um-mesmo-povo-e-um-so-pais-diz-lula-em-pronunciamento\/\",\"url\":\"https:\/\/miradouronoticias.com\/site\/2023\/12\/25\/somos-um-mesmo-povo-e-um-so-pais-diz-lula-em-pronunciamento\/\",\"name\":\"\\\"Somos um mesmo povo e um s\u00f3 pa\u00eds\\\", diz Lula em pronunciamento - Miradouro Not\u00edcias\",\"isPartOf\":{\"@id\":\"https:\/\/miradouronoticias.com\/site\/#website\"},\"primaryImageOfPage\":{\"@id\":\"https:\/\/miradouronoticias.com\/site\/2023\/12\/25\/somos-um-mesmo-povo-e-um-so-pais-diz-lula-em-pronunciamento\/#primaryimage\"},\"image\":{\"@id\":\"https:\/\/miradouronoticias.com\/site\/2023\/12\/25\/somos-um-mesmo-povo-e-um-so-pais-diz-lula-em-pronunciamento\/#primaryimage\"},\"thumbnailUrl\":\"https:\/\/miradouronoticias.com\/site\/wp-content\/uploads\/2023\/12\/53417969517_47696e5c2f_o-1.jpg\",\"datePublished\":\"2023-12-25T10:48:56+00:00\",\"breadcrumb\":{\"@id\":\"https:\/\/miradouronoticias.com\/site\/2023\/12\/25\/somos-um-mesmo-povo-e-um-so-pais-diz-lula-em-pronunciamento\/#breadcrumb\"},\"inLanguage\":\"pt-BR\",\"potentialAction\":[{\"@type\":\"ReadAction\",\"target\":[\"https:\/\/miradouronoticias.com\/site\/2023\/12\/25\/somos-um-mesmo-povo-e-um-so-pais-diz-lula-em-pronunciamento\/\"]}]},{\"@type\":\"ImageObject\",\"inLanguage\":\"pt-BR\",\"@id\":\"https:\/\/miradouronoticias.com\/site\/2023\/12\/25\/somos-um-mesmo-povo-e-um-so-pais-diz-lula-em-pronunciamento\/#primaryimage\",\"url\":\"https:\/\/miradouronoticias.com\/site\/wp-content\/uploads\/2023\/12\/53417969517_47696e5c2f_o-1.jpg\",\"contentUrl\":\"https:\/\/miradouronoticias.com\/site\/wp-content\/uploads\/2023\/12\/53417969517_47696e5c2f_o-1.jpg\",\"width\":1170,\"height\":700},{\"@type\":\"BreadcrumbList\",\"@id\":\"https:\/\/miradouronoticias.com\/site\/2023\/12\/25\/somos-um-mesmo-povo-e-um-so-pais-diz-lula-em-pronunciamento\/#breadcrumb\",\"itemListElement\":[{\"@type\":\"ListItem\",\"position\":1,\"name\":\"In\u00edcio\",\"item\":\"https:\/\/miradouronoticias.com\/site\/\"},{\"@type\":\"ListItem\",\"position\":2,\"name\":\"&#8220;Somos um mesmo povo e um s\u00f3 pa\u00eds&#8221;, diz Lula em pronunciamento\"}]},{\"@type\":\"WebSite\",\"@id\":\"https:\/\/miradouronoticias.com\/site\/#website\",\"url\":\"https:\/\/miradouronoticias.com\/site\/\",\"name\":\"Miradouro Not\u00edcias\",\"description\":\"Informa\u00e7\u00f5es da cidade e regi\u00e3o\",\"publisher\":{\"@id\":\"https:\/\/miradouronoticias.com\/site\/#organization\"},\"potentialAction\":[{\"@type\":\"SearchAction\",\"target\":{\"@type\":\"EntryPoint\",\"urlTemplate\":\"https:\/\/miradouronoticias.com\/site\/?s={search_term_string}\"},\"query-input\":{\"@type\":\"PropertyValueSpecification\",\"valueRequired\":true,\"valueName\":\"search_term_string\"}}],\"inLanguage\":\"pt-BR\"},{\"@type\":\"Organization\",\"@id\":\"https:\/\/miradouronoticias.com\/site\/#organization\",\"name\":\"Miradouro Not\u00edcias\",\"url\":\"https:\/\/miradouronoticias.com\/site\/\",\"logo\":{\"@type\":\"ImageObject\",\"inLanguage\":\"pt-BR\",\"@id\":\"https:\/\/miradouronoticias.com\/site\/#\/schema\/logo\/image\/\",\"url\":\"https:\/\/miradouronoticias.com\/site\/wp-content\/uploads\/2022\/01\/logomarcamiradouronoticias.png\",\"contentUrl\":\"https:\/\/miradouronoticias.com\/site\/wp-content\/uploads\/2022\/01\/logomarcamiradouronoticias.png\",\"width\":747,\"height\":263,\"caption\":\"Miradouro Not\u00edcias\"},\"image\":{\"@id\":\"https:\/\/miradouronoticias.com\/site\/#\/schema\/logo\/image\/\"}},{\"@type\":\"Person\",\"@id\":\"https:\/\/miradouronoticias.com\/site\/#\/schema\/person\/73440d8c82222950df86f3e1a16aad3b\",\"name\":\"Cl\u00e1udia Olyver\",\"sameAs\":[\"http:\/\/www.miradouronoticias.com\"],\"url\":\"https:\/\/miradouronoticias.com\/site\/author\/claudia\/\"}]}<\/script>\n<!-- \/ Yoast SEO plugin. -->","yoast_head_json":{"title":"\"Somos um mesmo povo e um s\u00f3 pa\u00eds\", diz Lula em pronunciamento - Miradouro Not\u00edcias","robots":{"index":"index","follow":"follow","max-snippet":"max-snippet:-1","max-image-preview":"max-image-preview:large","max-video-preview":"max-video-preview:-1"},"canonical":"https:\/\/miradouronoticias.com\/site\/2023\/12\/25\/somos-um-mesmo-povo-e-um-so-pais-diz-lula-em-pronunciamento\/","og_locale":"pt_BR","og_type":"article","og_title":"\"Somos um mesmo povo e um s\u00f3 pa\u00eds\", diz Lula em pronunciamento - Miradouro Not\u00edcias","og_description":"Presidente defendeu restaurar a paz e a uni\u00e3o entre amigos e fam\u00edlias O presidente da Rep\u00fablica, Luiz In\u00e1cio Lula da Silva, destacou em pronunciamento de Natal na noite deste domingo (24) os feitos do primeiro ano de seu terceiro mandato e defendeu que a paz e a uni\u00e3o entre amigos e familiares seja restaurada. Lula [&hellip;]","og_url":"https:\/\/miradouronoticias.com\/site\/2023\/12\/25\/somos-um-mesmo-povo-e-um-so-pais-diz-lula-em-pronunciamento\/","og_site_name":"Miradouro Not\u00edcias","article_published_time":"2023-12-25T10:48:56+00:00","og_image":[{"width":1170,"height":700,"url":"https:\/\/miradouronoticias.com\/site\/wp-content\/uploads\/2023\/12\/53417969517_47696e5c2f_o-1.jpg","type":"image\/jpeg"}],"author":"Cl\u00e1udia Olyver","twitter_card":"summary_large_image","twitter_misc":{"Escrito por":"Cl\u00e1udia Olyver","Est. tempo de leitura":"2 minutos"},"schema":{"@context":"https:\/\/schema.org","@graph":[{"@type":"Article","@id":"https:\/\/miradouronoticias.com\/site\/2023\/12\/25\/somos-um-mesmo-povo-e-um-so-pais-diz-lula-em-pronunciamento\/#article","isPartOf":{"@id":"https:\/\/miradouronoticias.com\/site\/2023\/12\/25\/somos-um-mesmo-povo-e-um-so-pais-diz-lula-em-pronunciamento\/"},"author":{"name":"Cl\u00e1udia Olyver","@id":"https:\/\/miradouronoticias.com\/site\/#\/schema\/person\/73440d8c82222950df86f3e1a16aad3b"},"headline":"&#8220;Somos um mesmo povo e um s\u00f3 pa\u00eds&#8221;, diz Lula em pronunciamento","datePublished":"2023-12-25T10:48:56+00:00","mainEntityOfPage":{"@id":"https:\/\/miradouronoticias.com\/site\/2023\/12\/25\/somos-um-mesmo-povo-e-um-so-pais-diz-lula-em-pronunciamento\/"},"wordCount":504,"commentCount":0,"publisher":{"@id":"https:\/\/miradouronoticias.com\/site\/#organization"},"image":{"@id":"https:\/\/miradouronoticias.com\/site\/2023\/12\/25\/somos-um-mesmo-povo-e-um-so-pais-diz-lula-em-pronunciamento\/#primaryimage"},"thumbnailUrl":"https:\/\/miradouronoticias.com\/site\/wp-content\/uploads\/2023\/12\/53417969517_47696e5c2f_o-1.jpg","articleSection":["Destaque 2"],"inLanguage":"pt-BR","potentialAction":[{"@type":"CommentAction","name":"Comment","target":["https:\/\/miradouronoticias.com\/site\/2023\/12\/25\/somos-um-mesmo-povo-e-um-so-pais-diz-lula-em-pronunciamento\/#respond"]}]},{"@type":"WebPage","@id":"https:\/\/miradouronoticias.com\/site\/2023\/12\/25\/somos-um-mesmo-povo-e-um-so-pais-diz-lula-em-pronunciamento\/","url":"https:\/\/miradouronoticias.com\/site\/2023\/12\/25\/somos-um-mesmo-povo-e-um-so-pais-diz-lula-em-pronunciamento\/","name":"\"Somos um mesmo povo e um s\u00f3 pa\u00eds\", diz Lula em pronunciamento - Miradouro Not\u00edcias","isPartOf":{"@id":"https:\/\/miradouronoticias.com\/site\/#website"},"primaryImageOfPage":{"@id":"https:\/\/miradouronoticias.com\/site\/2023\/12\/25\/somos-um-mesmo-povo-e-um-so-pais-diz-lula-em-pronunciamento\/#primaryimage"},"image":{"@id":"https:\/\/miradouronoticias.com\/site\/2023\/12\/25\/somos-um-mesmo-povo-e-um-so-pais-diz-lula-em-pronunciamento\/#primaryimage"},"thumbnailUrl":"https:\/\/miradouronoticias.com\/site\/wp-content\/uploads\/2023\/12\/53417969517_47696e5c2f_o-1.jpg","datePublished":"2023-12-25T10:48:56+00:00","breadcrumb":{"@id":"https:\/\/miradouronoticias.com\/site\/2023\/12\/25\/somos-um-mesmo-povo-e-um-so-pais-diz-lula-em-pronunciamento\/#breadcrumb"},"inLanguage":"pt-BR","potentialAction":[{"@type":"ReadAction","target":["https:\/\/miradouronoticias.com\/site\/2023\/12\/25\/somos-um-mesmo-povo-e-um-so-pais-diz-lula-em-pronunciamento\/"]}]},{"@type":"ImageObject","inLanguage":"pt-BR","@id":"https:\/\/miradouronoticias.com\/site\/2023\/12\/25\/somos-um-mesmo-povo-e-um-so-pais-diz-lula-em-pronunciamento\/#primaryimage","url":"https:\/\/miradouronoticias.com\/site\/wp-content\/uploads\/2023\/12\/53417969517_47696e5c2f_o-1.jpg","contentUrl":"https:\/\/miradouronoticias.com\/site\/wp-content\/uploads\/2023\/12\/53417969517_47696e5c2f_o-1.jpg","width":1170,"height":700},{"@type":"BreadcrumbList","@id":"https:\/\/miradouronoticias.com\/site\/2023\/12\/25\/somos-um-mesmo-povo-e-um-so-pais-diz-lula-em-pronunciamento\/#breadcrumb","itemListElement":[{"@type":"ListItem","position":1,"name":"In\u00edcio","item":"https:\/\/miradouronoticias.com\/site\/"},{"@type":"ListItem","position":2,"name":"&#8220;Somos um mesmo povo e um s\u00f3 pa\u00eds&#8221;, diz Lula em pronunciamento"}]},{"@type":"WebSite","@id":"https:\/\/miradouronoticias.com\/site\/#website","url":"https:\/\/miradouronoticias.com\/site\/","name":"Miradouro Not\u00edcias","description":"Informa\u00e7\u00f5es da cidade e regi\u00e3o","publisher":{"@id":"https:\/\/miradouronoticias.com\/site\/#organization"},"potentialAction":[{"@type":"SearchAction","target":{"@type":"EntryPoint","urlTemplate":"https:\/\/miradouronoticias.com\/site\/?s={search_term_string}"},"query-input":{"@type":"PropertyValueSpecification","valueRequired":true,"valueName":"search_term_string"}}],"inLanguage":"pt-BR"},{"@type":"Organization","@id":"https:\/\/miradouronoticias.com\/site\/#organization","name":"Miradouro Not\u00edcias","url":"https:\/\/miradouronoticias.com\/site\/","logo":{"@type":"ImageObject","inLanguage":"pt-BR","@id":"https:\/\/miradouronoticias.com\/site\/#\/schema\/logo\/image\/","url":"https:\/\/miradouronoticias.com\/site\/wp-content\/uploads\/2022\/01\/logomarcamiradouronoticias.png","contentUrl":"https:\/\/miradouronoticias.com\/site\/wp-content\/uploads\/2022\/01\/logomarcamiradouronoticias.png","width":747,"height":263,"caption":"Miradouro Not\u00edcias"},"image":{"@id":"https:\/\/miradouronoticias.com\/site\/#\/schema\/logo\/image\/"}},{"@type":"Person","@id":"https:\/\/miradouronoticias.com\/site\/#\/schema\/person\/73440d8c82222950df86f3e1a16aad3b","name":"Cl\u00e1udia Olyver","sameAs":["http:\/\/www.miradouronoticias.com"],"url":"https:\/\/miradouronoticias.com\/site\/author\/claudia\/"}]}},"_links":{"self":[{"href":"https:\/\/miradouronoticias.com\/site\/wp-json\/wp\/v2\/posts\/20600","targetHints":{"allow":["GET"]}}],"collection":[{"href":"https:\/\/miradouronoticias.com\/site\/wp-json\/wp\/v2\/posts"}],"about":[{"href":"https:\/\/miradouronoticias.com\/site\/wp-json\/wp\/v2\/types\/post"}],"author":[{"embeddable":true,"href":"https:\/\/miradouronoticias.com\/site\/wp-json\/wp\/v2\/users\/4"}],"replies":[{"embeddable":true,"href":"https:\/\/miradouronoticias.com\/site\/wp-json\/wp\/v2\/comments?post=20600"}],"version-history":[{"count":1,"href":"https:\/\/miradouronoticias.com\/site\/wp-json\/wp\/v2\/posts\/20600\/revisions"}],"predecessor-version":[{"id":20603,"href":"https:\/\/miradouronoticias.com\/site\/wp-json\/wp\/v2\/posts\/20600\/revisions\/20603"}],"wp:featuredmedia":[{"embeddable":true,"href":"https:\/\/miradouronoticias.com\/site\/wp-json\/wp\/v2\/media\/20602"}],"wp:attachment":[{"href":"https:\/\/miradouronoticias.com\/site\/wp-json\/wp\/v2\/media?parent=20600"}],"wp:term":[{"taxonomy":"category","embeddable":true,"href":"https:\/\/miradouronoticias.com\/site\/wp-json\/wp\/v2\/categories?post=20600"},{"taxonomy":"post_tag","embeddable":true,"href":"https:\/\/miradouronoticias.com\/site\/wp-json\/wp\/v2\/tags?post=20600"}],"curies":[{"name":"wp","href":"https:\/\/api.w.org\/{rel}","templated":true}]}}