{"id":2025,"date":"2022-01-30T22:11:08","date_gmt":"2022-01-31T01:11:08","guid":{"rendered":"https:\/\/miradouronoticias.com\/site\/?p=2025"},"modified":"2022-01-30T22:11:08","modified_gmt":"2022-01-31T01:11:08","slug":"arsenal-avaliado-em-r-18-milhao-com-26-fuzis-e-outras-armas-e-apreendido-no-grajau-rio","status":"publish","type":"post","link":"https:\/\/miradouronoticias.com\/site\/2022\/01\/30\/arsenal-avaliado-em-r-18-milhao-com-26-fuzis-e-outras-armas-e-apreendido-no-grajau-rio\/","title":{"rendered":"Arsenal avaliado em R$ 1,8 milh\u00e3o, com 26 fuzis e outras armas, \u00e9 apreendido no Graja\u00fa, Rio"},"content":{"rendered":"<h2 class=\"globo-amp-article-subtitle\">Opera\u00e7\u00e3o do Minist\u00e9rio P\u00fablico do RJ e da Pol\u00edcia Civil apreendeu arsenal na casa de homem com certificado de colecionador. Investiga\u00e7\u00e3o apontou que ele revendia o armamento para traficantes da maior fac\u00e7\u00e3o criminosa do RJ.<\/h2>\n<div class=\"bs-video-block content-media\">\n<div class=\"content-media__container\"><iframe class=\"i-amphtml-fill-content\" src=\"https:\/\/s.videos.globo.com\/p3\/amp\/index.html?videosIDs=10240533&amp;adUnit=tvg_G1%2FSua_Regiao%3ESudeste%3ERio_de_Janeiro&amp;adCustomData=tvg_pgStr%3Dg1%2Frj%2Frio+de+janeiro%26ext-bsafety%3Dcrime%26advertiser%3Dheineken%2Cunilever%2Capple%2CCEF%2Cbbrasil%2Ccolgate&amp;adCmsId=11413&amp;adAccountId=95377733&amp;ga_productUA=UA-296593-3&amp;ga_extras=%7B%22dimension1%22%3A%22amp%22%7D&amp;domain=g1.globo.com&amp;ambient=amp&amp;origin_url=https%3A%2F%2Fg1.globo.com%2Frj%2Frio-de-janeiro%2Fnoticia%2F2022%2F01%2F25%2Fpolicia-civil-apreende-fuzis-na-zona-norte-do-rio.ghtml#amp=1\" name=\"amp_iframe0\" frameborder=\"0\" sandbox=\"allow-scripts allow-same-origin allow-popups allow-popups-to-escape-sandbox allow-top-navigation\" data-mce-fragment=\"1\"><\/iframe><\/p>\n<p class=\"content-media__description\"><strong>Arsenal avaliado em R$ 1,8 milh\u00e3o, com 26 fuzis e outras armas, \u00e9 apreendido no Graja\u00fa, Rio<\/strong><\/p>\n<\/div>\n<\/div>\n<div class=\"globo-amp-ad-container\">\n<div class=\"globo-amp-ad\"><\/div>\n<\/div>\n<p>Uma opera\u00e7\u00e3o conjunta da Pol\u00edcia Civil e do Minist\u00e9rio P\u00fablico do\u00a0<a href=\"https:\/\/g1.globo.com\/rj\/rio-de-janeiro\/cidade\/rio-de-janeiro\/\" target=\"_top\" rel=\"noopener\">Rio de Janeiro<\/a>\u00a0(MPRJ) apreendeu\u00a0<strong>26 fuzis<\/strong>\u00a0em uma casa no Graja\u00fa, Zona Norte do Rio, na tarde desta ter\u00e7a-feira (25).\u00a0<strong>Veja o v\u00eddeo acima.<\/strong><\/p>\n<p>Segundo o MP, a casa pertence a\u00a0<strong>Vitor Furtado Rebollal Lopes<\/strong>, conhecido como Bala 40. No local os agentes encontraram fuzis AR15 e 556, tr\u00eas carabinas, 21 pistolas, dois rev\u00f3lveres, uma espingarda calibre 12, um rifle e um mosquet\u00e3o, fora caixas de muni\u00e7\u00f5es para fuzil.<\/p>\n<p>Todo o material\u00a0<span class=\"highlight\">\u00e9 avaliado em R$ 1,8 milh\u00e3o.<\/span><\/p>\n<p>&nbsp;<\/p>\n<div class=\"content-intertitle\">\n<h2>Colecionador<\/h2>\n<\/div>\n<p>&nbsp;<\/p>\n<div class=\"bs-video-block content-media\">\n<div class=\"content-media__container\"><img decoding=\"async\" class=\"i-amphtml-fill-content i-amphtml-replaced-content\" src=\"https:\/\/s02-video-glbimg-com.cdn.ampproject.org\/ii\/AW\/s\/s02.video.glbimg.com\/640x360\/10239993.jpg\" \/><iframe class=\"i-amphtml-fill-content\" src=\"https:\/\/s.videos.globo.com\/p3\/amp\/index.html?videosIDs=10239993&amp;adUnit=tvg_G1%2FSua_Regiao%3ESudeste%3ERio_de_Janeiro&amp;adCustomData=tvg_pgStr%3Dg1%2Frj%2Frio+de+janeiro%26ext-bsafety%3Dcrime%26advertiser%3Dheineken%2Cunilever%2Capple%2CCEF%2Cbbrasil%2Ccolgate&amp;adCmsId=11413&amp;adAccountId=95377733&amp;ga_productUA=UA-296593-3&amp;ga_extras=%7B%22dimension1%22%3A%22amp%22%7D&amp;domain=g1.globo.com&amp;ambient=amp&amp;origin_url=https%3A%2F%2Fg1.globo.com%2Frj%2Frio-de-janeiro%2Fnoticia%2F2022%2F01%2F25%2Fpolicia-civil-apreende-fuzis-na-zona-norte-do-rio.ghtml#amp=1\" name=\"amp_iframe1\" frameborder=\"0\" sandbox=\"allow-scripts allow-same-origin allow-popups allow-popups-to-escape-sandbox allow-top-navigation\" data-mce-fragment=\"1\"><\/iframe><\/p>\n<p class=\"content-media__description\"><strong>Pol\u00edcia Civil apreende 26 fuzis na Zona Norte do Rio<\/strong><\/p>\n<\/div>\n<\/div>\n<p>Os investigadores apontam que\u00a0<strong>Vitor fazia uso do certificado de colecionador de armas\u00a0<\/strong>para comprar o material em lojas legalizadas e, depois, revender para bandidos, principalmente\u00a0<span class=\"highlight\">traficantes da fac\u00e7\u00e3o criminosa Comando Vermelho.<\/span><\/p>\n<p>A a\u00e7\u00e3o desta ter\u00e7a tinha como objetivo cumprir\u00a0<strong>20 mandados de pris\u00e3o e de busca e apreens\u00e3o<\/strong>\u00a0contra um grupo criminoso denunciado por associa\u00e7\u00e3o para o tr\u00e1fico de drogas.<\/p>\n<p><strong>Balan\u00e7o do que foi apreendido:<\/strong><\/p>\n<p>&nbsp;<\/p>\n<ul class=\"content-unordered-list\">\n<li>26 fuzis<\/li>\n<li>03 carabinas<\/li>\n<li>21 pistolas<\/li>\n<li>02 rev\u00f3lveres<\/li>\n<li>01 espingarda calibre 12<\/li>\n<li>01 rifle 22<\/li>\n<li>01 mosquet\u00e3o<\/li>\n<\/ul>\n<p>&nbsp;<\/p>\n<p>Participaram da opera\u00e7\u00e3o a Delegacia de Repress\u00e3o a Entorpecente (DRE) e o Grupo de Atua\u00e7\u00e3o Especial de Combate ao Crime Organizado (Gaeco) do MP, que tamb\u00e9m contaram com o apoio da Delegacia Especializada em Armas e Muni\u00e7\u00f5es (Desarme).<\/p>\n<p>&nbsp;<\/p>\n<div class=\"content-intertitle\">\n<h2>Os passos da investiga\u00e7\u00e3o<\/h2>\n<\/div>\n<p>&nbsp;<\/p>\n<p>A casa de Vitor Furtado, onde as armas foram apreendidas, fica ao lado de uma creche no Graja\u00fa. Segundo as investiga\u00e7\u00f5es, os fuzis apreendidos seriam entregues ao Comando Vermelho.<\/p>\n<p>&nbsp;<\/p>\n<blockquote class=\"content-blockquote theme-border-color-primary-before\"><p>&#8220;Essa a\u00e7\u00e3o \u00e9 fruto de um trabalho de investiga\u00e7\u00e3o em conjunto com o Gaeco, desde 2018. Desde ent\u00e3o, algumas pris\u00f5es j\u00e1 foram feitas. A opera\u00e7\u00e3o de hoje \u00e9 um grande golpe na fac\u00e7\u00e3o Comando Vermelho. Os respons\u00e1veis por todo esse armamento j\u00e1 foram presos&#8221;, afirmou o delegado e diretor do Departamento Geral de Pol\u00edcia Especializada, Felipe Curi.<\/p><\/blockquote>\n<p>&nbsp;<\/p>\n<div class=\"content-media\" data-block-type=\"backstage-photo\">\n<figure class=\"content-media__container\">\n<figure><img decoding=\"async\" class=\"i-amphtml-fill-content i-amphtml-replaced-content\" src=\"https:\/\/s2-glbimg-com.cdn.ampproject.org\/ii\/AW\/s\/s2.glbimg.com\/qUeuNmjTiHQ_GKkeSAtbvlQ9NxE=\/0x0:1920x1080\/600x0\/smart\/filters:gifv():strip_icc()\/i.s3.glbimg.com\/v1\/AUTH_59edd422c0c84a879bd37670ae4f538a\/internal_photos\/bs\/2022\/c\/M\/z7BKkWQsA5Vp7vdYd2oA\/rj2-coletiva-armas-frame-15122.jpeg\" alt=\"Delegado Felipe Curi (centro) explicando in\u00edcio da investiga\u00e7\u00e3o  \u2014 Foto: Reprodu\u00e7\u00e3o\/TV Globo\" \/><\/figure><figcaption class=\"content-media__description\"><strong>Delegado Felipe Curi (centro) explicando in\u00edcio da investiga\u00e7\u00e3o \u2014 Foto: Reprodu\u00e7\u00e3o\/TV Globo<\/strong><\/figcaption><\/figure>\n<\/div>\n<p>Curi acrescentou que o armamento tinha como destino as m\u00e3os de criminosos da fac\u00e7\u00e3o, e chegava a eles por meio de traficantes internacionais de armas. O material foi levado para a Cidade da Pol\u00edcia, onde a pol\u00edcia e o MP deram uma entrevista coletiva sobre a investiga\u00e7\u00e3o.<\/p>\n<p>Segundo o tamb\u00e9m delegado Pedro Brasil, a investiga\u00e7\u00e3o em 2018 come\u00e7ou com informa\u00e7\u00f5es de pessoas que atuavam dentro de comunidades e foi crescendo.<\/p>\n<p>&#8220;Uma investiga\u00e7\u00e3o muito dif\u00edcil de ser feita, mas a gente foi conseguindo avan\u00e7ar e ir desbaratando os autores. A gente conseguiu entender a forma de atuar dessa organiza\u00e7\u00e3o criminosa. Come\u00e7ou com uma investiga\u00e7\u00e3o pequena, com poucos alvos. Come\u00e7ou na comunidade do Salgueiro, de S\u00e3o Gon\u00e7alo, e o leque foi se abrindo&#8221;, disse.<\/p>\n<div class=\"globo-amp-ad-container\">\n<div class=\"globo-amp-ad\"><\/div>\n<\/div>\n<p>Tamb\u00e9m de acordo com o delegado, a pol\u00edcia descobriu que havia uma comunica\u00e7\u00e3o entre favelas e\u00a0<strong>fornecedores de armas atendiam a v\u00e1rias delas<\/strong>. Os agentes conseguiram identificar os membros do grupo e o trabalho de tr\u00eas anos resultou na apreens\u00e3o desses 26 fuzis, nesta ter\u00e7a.<\/p>\n<p>O MP acrescentou que, ao entrar no Salgueiro, em 2018, agentes Delegacia de Combate \u00e0s Drogas (DCOD) apreenderam drogas, aparelhos celulares e outros objetos.<\/p>\n<p>O material passou por per\u00edcia e, por meio de intercepta\u00e7\u00f5es telef\u00f4nicas, os investigadores conseguiram identificar os integrantes de alguns n\u00facleos de atua\u00e7\u00e3o do Comando Vermelho, al\u00e9m de entender as fun\u00e7\u00f5es na hierarquia do tr\u00e1fico.<\/p>\n<p>De acordo com o MPRJ, &#8220;todos os 20 denunciados t\u00eam papel relevante de comando, gerenciamento ou de execu\u00e7\u00e3o das atividades essenciais para o tr\u00e1fico em favelas no Rio e na Regi\u00e3o Metropolitana do estado.<\/p>\n<p>A den\u00fancia do Gaeco foi recebida pela Justi\u00e7a e os mandados de pris\u00e3o e busca e apreens\u00e3o foram expedidos pelo Ju\u00edzo da 1\u00aa Vara Criminal de S\u00e3o Gon\u00e7alo.<\/p>\n<p>&nbsp;<\/p>\n<div class=\"content-intertitle\">\n<h2>Bala 40 preso em Goi\u00e1s<\/h2>\n<\/div>\n<p>&nbsp;<\/p>\n<p>Segundo o MP, Vitor Furtado, o Bala 40, foi preso na segunda-feira (24) em Goi\u00e1s. Com ele, os investigadores dizem ter apreendido dentro de um utilit\u00e1rio outro arsenal:\u00a0<strong>10 mil muni\u00e7\u00f5es de calibre 5,56 e 1 mil muni\u00e7\u00f5es de calibre .308, todas para fuzis e carabinas.<\/strong><\/p>\n<div class=\"globo-amp-ad-container\">\n<div class=\"globo-amp-ad\"><\/div>\n<\/div>\n<p>&nbsp;<\/p>\n<blockquote class=\"content-blockquote theme-border-color-primary-before\"><p>&#8220;Chamou aten\u00e7\u00e3o o fato de que o Vitor se utiliza da possibilidade que a legisla\u00e7\u00e3o faculta, de que colecionadores de armas possam comprar uma quantidade muito grande de armamentos para, com o aux\u00edlio da sua companheira e de outros elementos, traficar armas para o tr\u00e1fico de drogas em comunidades do Estado [do Rio]&#8221;, afirmou promotor de Justi\u00e7a Romulo Santos, do Gaeco.<\/p><\/blockquote>\n<p>&nbsp;<\/p>\n<p>Na den\u00fancia do MP que deu in\u00edcio a opera\u00e7\u00e3o, os promotores do Gaeco relatam que os criminosos se associaram para vender drogas em tr\u00eas pontos principais da Regi\u00e3o Metropolitana do Rio:<\/p>\n<p>&nbsp;<\/p>\n<ul class=\"content-unordered-list\">\n<li>Em S\u00e3o Gon\u00e7alo: Complexo do Salgueiro, complexo da Almerinda e Morro da Vi\u00fava e no bairro Jardim Catarina;<\/li>\n<li>Em Niter\u00f3i: Morro do Prevent\u00f3rio;<\/li>\n<li>E no\u00a0<a href=\"https:\/\/g1.globo.com\/rj\/rio-de-janeiro\/cidade\/rio-de-janeiro\/\" target=\"_top\" rel=\"noopener\">Rio de Janeiro<\/a>: Jacarezinho, Rato Molhado, Morro do Engenho, Manguinhos, Complexo do Lins, Parque Uni\u00e3o e Fallet-Fogueteiro.<\/li>\n<\/ul>\n<figure id=\"attachment_2026\" aria-describedby=\"caption-attachment-2026\" style=\"width: 169px\" class=\"wp-caption alignnone\"><img loading=\"lazy\" decoding=\"async\" class=\"size-medium wp-image-2026\" src=\"https:\/\/miradouronoticias.com\/site\/wp-content\/uploads\/2022\/01\/whatsapp-image-2022-01-25-at-14.44.40-169x300.jpeg\" alt=\"\" width=\"169\" height=\"300\" srcset=\"https:\/\/miradouronoticias.com\/site\/wp-content\/uploads\/2022\/01\/whatsapp-image-2022-01-25-at-14.44.40-169x300.jpeg 169w, https:\/\/miradouronoticias.com\/site\/wp-content\/uploads\/2022\/01\/whatsapp-image-2022-01-25-at-14.44.40-576x1024.jpeg 576w, https:\/\/miradouronoticias.com\/site\/wp-content\/uploads\/2022\/01\/whatsapp-image-2022-01-25-at-14.44.40.jpeg 600w\" sizes=\"auto, (max-width: 169px) 100vw, 169px\" \/><figcaption id=\"caption-attachment-2026\" class=\"wp-caption-text\"><strong>Opera\u00e7\u00e3o da Pol\u00edcia Civil do Rio apreendeu 27 fuzis \u2014 Foto: Reprodu\u00e7\u00e3o<\/strong><\/figcaption><\/figure>\n<div class=\"content-intertitle\">\n<h2>Castro comemorou apreens\u00e3o<\/h2>\n<\/div>\n<p>&nbsp;<\/p>\n<p>Em suas redes sociais, o governador do Rio, Cl\u00e1udio Castro (PL), comemorou a apreens\u00e3o.<\/p>\n<p>&#8220;Acabo de receber um telefonema do secret\u00e1rio Allan Turnowski informando que a Pol\u00edcia Civil encontrou um arsenal com 27 fuzis dentro de uma casa no Graja\u00fa. Parab\u00e9ns Pol\u00edcia Civil por impedir que essas armas de guerra chegassem \u00e0s m\u00e3os de criminosos. Investiga\u00e7\u00e3o, intelig\u00eancia e a\u00e7\u00e3o!&#8221;, escreveu Castro.<\/p>\n<p>&nbsp;<\/p>\n<p><em><strong>Fonte: G1\/ Por Felipe Freire, Henrique Coelho e Nicol\u00e1s Satriano, g1 Rio<\/strong><\/em><\/p>\n<hr \/>\n<p><span style=\"color: #ff0000;\"><strong>By: miradouronot\u00edcias.com.br<\/strong><\/span><\/p>\n","protected":false},"excerpt":{"rendered":"<p>Opera\u00e7\u00e3o do Minist\u00e9rio P\u00fablico do RJ e da Pol\u00edcia Civil apreendeu arsenal na casa de homem com certificado de colecionador. Investiga\u00e7\u00e3o apontou que ele revendia o armamento para traficantes da maior fac\u00e7\u00e3o criminosa do RJ. Arsenal avaliado em R$ 1,8 milh\u00e3o, com 26 fuzis e outras armas, \u00e9 apreendido no Graja\u00fa, Rio Uma opera\u00e7\u00e3o conjunta [&hellip;]<\/p>\n","protected":false},"author":4,"featured_media":2026,"comment_status":"open","ping_status":"open","sticky":false,"template":"","format":"standard","meta":{"footnotes":""},"categories":[11,18],"tags":[],"class_list":["post-2025","post","type-post","status-publish","format-standard","has-post-thumbnail","hentry","category-destaque-3","category-policia"],"yoast_head":"<!-- This site is optimized with the Yoast SEO plugin v27.2 - https:\/\/yoast.com\/product\/yoast-seo-wordpress\/ -->\n<title>Arsenal avaliado em R$ 1,8 milh\u00e3o, com 26 fuzis e outras armas, \u00e9 apreendido no Graja\u00fa, Rio - Miradouro Not\u00edcias<\/title>\n<meta name=\"robots\" content=\"index, follow, max-snippet:-1, max-image-preview:large, max-video-preview:-1\" \/>\n<link rel=\"canonical\" href=\"https:\/\/miradouronoticias.com\/site\/2022\/01\/30\/arsenal-avaliado-em-r-18-milhao-com-26-fuzis-e-outras-armas-e-apreendido-no-grajau-rio\/\" \/>\n<meta property=\"og:locale\" content=\"pt_BR\" \/>\n<meta property=\"og:type\" content=\"article\" \/>\n<meta property=\"og:title\" content=\"Arsenal avaliado em R$ 1,8 milh\u00e3o, com 26 fuzis e outras armas, \u00e9 apreendido no Graja\u00fa, Rio - Miradouro Not\u00edcias\" \/>\n<meta property=\"og:description\" content=\"Opera\u00e7\u00e3o do Minist\u00e9rio P\u00fablico do RJ e da Pol\u00edcia Civil apreendeu arsenal na casa de homem com certificado de colecionador. Investiga\u00e7\u00e3o apontou que ele revendia o armamento para traficantes da maior fac\u00e7\u00e3o criminosa do RJ. Arsenal avaliado em R$ 1,8 milh\u00e3o, com 26 fuzis e outras armas, \u00e9 apreendido no Graja\u00fa, Rio Uma opera\u00e7\u00e3o conjunta [&hellip;]\" \/>\n<meta property=\"og:url\" content=\"https:\/\/miradouronoticias.com\/site\/2022\/01\/30\/arsenal-avaliado-em-r-18-milhao-com-26-fuzis-e-outras-armas-e-apreendido-no-grajau-rio\/\" \/>\n<meta property=\"og:site_name\" content=\"Miradouro Not\u00edcias\" \/>\n<meta property=\"article:published_time\" content=\"2022-01-31T01:11:08+00:00\" \/>\n<meta property=\"og:image\" content=\"https:\/\/miradouronoticias.com\/site\/wp-content\/uploads\/2022\/01\/whatsapp-image-2022-01-25-at-14.44.40.jpeg\" \/>\n\t<meta property=\"og:image:width\" content=\"600\" \/>\n\t<meta property=\"og:image:height\" content=\"1067\" \/>\n\t<meta property=\"og:image:type\" content=\"image\/jpeg\" \/>\n<meta name=\"author\" content=\"Cl\u00e1udia Olyver\" \/>\n<meta name=\"twitter:card\" content=\"summary_large_image\" \/>\n<meta name=\"twitter:label1\" content=\"Escrito por\" \/>\n\t<meta name=\"twitter:data1\" content=\"Cl\u00e1udia Olyver\" \/>\n\t<meta name=\"twitter:label2\" content=\"Est. tempo de leitura\" \/>\n\t<meta name=\"twitter:data2\" content=\"6 minutos\" \/>\n<script type=\"application\/ld+json\" class=\"yoast-schema-graph\">{\"@context\":\"https:\/\/schema.org\",\"@graph\":[{\"@type\":\"Article\",\"@id\":\"https:\/\/miradouronoticias.com\/site\/2022\/01\/30\/arsenal-avaliado-em-r-18-milhao-com-26-fuzis-e-outras-armas-e-apreendido-no-grajau-rio\/#article\",\"isPartOf\":{\"@id\":\"https:\/\/miradouronoticias.com\/site\/2022\/01\/30\/arsenal-avaliado-em-r-18-milhao-com-26-fuzis-e-outras-armas-e-apreendido-no-grajau-rio\/\"},\"author\":{\"name\":\"Cl\u00e1udia Olyver\",\"@id\":\"https:\/\/miradouronoticias.com\/site\/#\/schema\/person\/73440d8c82222950df86f3e1a16aad3b\"},\"headline\":\"Arsenal avaliado em R$ 1,8 milh\u00e3o, com 26 fuzis e outras armas, \u00e9 apreendido no Graja\u00fa, Rio\",\"datePublished\":\"2022-01-31T01:11:08+00:00\",\"mainEntityOfPage\":{\"@id\":\"https:\/\/miradouronoticias.com\/site\/2022\/01\/30\/arsenal-avaliado-em-r-18-milhao-com-26-fuzis-e-outras-armas-e-apreendido-no-grajau-rio\/\"},\"wordCount\":1065,\"commentCount\":0,\"publisher\":{\"@id\":\"https:\/\/miradouronoticias.com\/site\/#organization\"},\"image\":{\"@id\":\"https:\/\/miradouronoticias.com\/site\/2022\/01\/30\/arsenal-avaliado-em-r-18-milhao-com-26-fuzis-e-outras-armas-e-apreendido-no-grajau-rio\/#primaryimage\"},\"thumbnailUrl\":\"https:\/\/miradouronoticias.com\/site\/wp-content\/uploads\/2022\/01\/whatsapp-image-2022-01-25-at-14.44.40.jpeg\",\"articleSection\":[\"Destaque 3\",\"Pol\u00edcia\"],\"inLanguage\":\"pt-BR\",\"potentialAction\":[{\"@type\":\"CommentAction\",\"name\":\"Comment\",\"target\":[\"https:\/\/miradouronoticias.com\/site\/2022\/01\/30\/arsenal-avaliado-em-r-18-milhao-com-26-fuzis-e-outras-armas-e-apreendido-no-grajau-rio\/#respond\"]}]},{\"@type\":\"WebPage\",\"@id\":\"https:\/\/miradouronoticias.com\/site\/2022\/01\/30\/arsenal-avaliado-em-r-18-milhao-com-26-fuzis-e-outras-armas-e-apreendido-no-grajau-rio\/\",\"url\":\"https:\/\/miradouronoticias.com\/site\/2022\/01\/30\/arsenal-avaliado-em-r-18-milhao-com-26-fuzis-e-outras-armas-e-apreendido-no-grajau-rio\/\",\"name\":\"Arsenal avaliado em R$ 1,8 milh\u00e3o, com 26 fuzis e outras armas, \u00e9 apreendido no Graja\u00fa, Rio - Miradouro Not\u00edcias\",\"isPartOf\":{\"@id\":\"https:\/\/miradouronoticias.com\/site\/#website\"},\"primaryImageOfPage\":{\"@id\":\"https:\/\/miradouronoticias.com\/site\/2022\/01\/30\/arsenal-avaliado-em-r-18-milhao-com-26-fuzis-e-outras-armas-e-apreendido-no-grajau-rio\/#primaryimage\"},\"image\":{\"@id\":\"https:\/\/miradouronoticias.com\/site\/2022\/01\/30\/arsenal-avaliado-em-r-18-milhao-com-26-fuzis-e-outras-armas-e-apreendido-no-grajau-rio\/#primaryimage\"},\"thumbnailUrl\":\"https:\/\/miradouronoticias.com\/site\/wp-content\/uploads\/2022\/01\/whatsapp-image-2022-01-25-at-14.44.40.jpeg\",\"datePublished\":\"2022-01-31T01:11:08+00:00\",\"breadcrumb\":{\"@id\":\"https:\/\/miradouronoticias.com\/site\/2022\/01\/30\/arsenal-avaliado-em-r-18-milhao-com-26-fuzis-e-outras-armas-e-apreendido-no-grajau-rio\/#breadcrumb\"},\"inLanguage\":\"pt-BR\",\"potentialAction\":[{\"@type\":\"ReadAction\",\"target\":[\"https:\/\/miradouronoticias.com\/site\/2022\/01\/30\/arsenal-avaliado-em-r-18-milhao-com-26-fuzis-e-outras-armas-e-apreendido-no-grajau-rio\/\"]}]},{\"@type\":\"ImageObject\",\"inLanguage\":\"pt-BR\",\"@id\":\"https:\/\/miradouronoticias.com\/site\/2022\/01\/30\/arsenal-avaliado-em-r-18-milhao-com-26-fuzis-e-outras-armas-e-apreendido-no-grajau-rio\/#primaryimage\",\"url\":\"https:\/\/miradouronoticias.com\/site\/wp-content\/uploads\/2022\/01\/whatsapp-image-2022-01-25-at-14.44.40.jpeg\",\"contentUrl\":\"https:\/\/miradouronoticias.com\/site\/wp-content\/uploads\/2022\/01\/whatsapp-image-2022-01-25-at-14.44.40.jpeg\",\"width\":600,\"height\":1067,\"caption\":\"Opera\u00e7\u00e3o da Pol\u00edcia Civil do Rio apreendeu 27 fuzis \u2014 Foto: Reprodu\u00e7\u00e3o\"},{\"@type\":\"BreadcrumbList\",\"@id\":\"https:\/\/miradouronoticias.com\/site\/2022\/01\/30\/arsenal-avaliado-em-r-18-milhao-com-26-fuzis-e-outras-armas-e-apreendido-no-grajau-rio\/#breadcrumb\",\"itemListElement\":[{\"@type\":\"ListItem\",\"position\":1,\"name\":\"In\u00edcio\",\"item\":\"https:\/\/miradouronoticias.com\/site\/\"},{\"@type\":\"ListItem\",\"position\":2,\"name\":\"Arsenal avaliado em R$ 1,8 milh\u00e3o, com 26 fuzis e outras armas, \u00e9 apreendido no Graja\u00fa, Rio\"}]},{\"@type\":\"WebSite\",\"@id\":\"https:\/\/miradouronoticias.com\/site\/#website\",\"url\":\"https:\/\/miradouronoticias.com\/site\/\",\"name\":\"Miradouro Not\u00edcias\",\"description\":\"Informa\u00e7\u00f5es da cidade e regi\u00e3o\",\"publisher\":{\"@id\":\"https:\/\/miradouronoticias.com\/site\/#organization\"},\"potentialAction\":[{\"@type\":\"SearchAction\",\"target\":{\"@type\":\"EntryPoint\",\"urlTemplate\":\"https:\/\/miradouronoticias.com\/site\/?s={search_term_string}\"},\"query-input\":{\"@type\":\"PropertyValueSpecification\",\"valueRequired\":true,\"valueName\":\"search_term_string\"}}],\"inLanguage\":\"pt-BR\"},{\"@type\":\"Organization\",\"@id\":\"https:\/\/miradouronoticias.com\/site\/#organization\",\"name\":\"Miradouro Not\u00edcias\",\"url\":\"https:\/\/miradouronoticias.com\/site\/\",\"logo\":{\"@type\":\"ImageObject\",\"inLanguage\":\"pt-BR\",\"@id\":\"https:\/\/miradouronoticias.com\/site\/#\/schema\/logo\/image\/\",\"url\":\"https:\/\/miradouronoticias.com\/site\/wp-content\/uploads\/2022\/01\/logomarcamiradouronoticias.png\",\"contentUrl\":\"https:\/\/miradouronoticias.com\/site\/wp-content\/uploads\/2022\/01\/logomarcamiradouronoticias.png\",\"width\":747,\"height\":263,\"caption\":\"Miradouro Not\u00edcias\"},\"image\":{\"@id\":\"https:\/\/miradouronoticias.com\/site\/#\/schema\/logo\/image\/\"}},{\"@type\":\"Person\",\"@id\":\"https:\/\/miradouronoticias.com\/site\/#\/schema\/person\/73440d8c82222950df86f3e1a16aad3b\",\"name\":\"Cl\u00e1udia Olyver\",\"sameAs\":[\"http:\/\/www.miradouronoticias.com\"],\"url\":\"https:\/\/miradouronoticias.com\/site\/author\/claudia\/\"}]}<\/script>\n<!-- \/ Yoast SEO plugin. -->","yoast_head_json":{"title":"Arsenal avaliado em R$ 1,8 milh\u00e3o, com 26 fuzis e outras armas, \u00e9 apreendido no Graja\u00fa, Rio - Miradouro Not\u00edcias","robots":{"index":"index","follow":"follow","max-snippet":"max-snippet:-1","max-image-preview":"max-image-preview:large","max-video-preview":"max-video-preview:-1"},"canonical":"https:\/\/miradouronoticias.com\/site\/2022\/01\/30\/arsenal-avaliado-em-r-18-milhao-com-26-fuzis-e-outras-armas-e-apreendido-no-grajau-rio\/","og_locale":"pt_BR","og_type":"article","og_title":"Arsenal avaliado em R$ 1,8 milh\u00e3o, com 26 fuzis e outras armas, \u00e9 apreendido no Graja\u00fa, Rio - Miradouro Not\u00edcias","og_description":"Opera\u00e7\u00e3o do Minist\u00e9rio P\u00fablico do RJ e da Pol\u00edcia Civil apreendeu arsenal na casa de homem com certificado de colecionador. Investiga\u00e7\u00e3o apontou que ele revendia o armamento para traficantes da maior fac\u00e7\u00e3o criminosa do RJ. Arsenal avaliado em R$ 1,8 milh\u00e3o, com 26 fuzis e outras armas, \u00e9 apreendido no Graja\u00fa, Rio Uma opera\u00e7\u00e3o conjunta [&hellip;]","og_url":"https:\/\/miradouronoticias.com\/site\/2022\/01\/30\/arsenal-avaliado-em-r-18-milhao-com-26-fuzis-e-outras-armas-e-apreendido-no-grajau-rio\/","og_site_name":"Miradouro Not\u00edcias","article_published_time":"2022-01-31T01:11:08+00:00","og_image":[{"width":600,"height":1067,"url":"https:\/\/miradouronoticias.com\/site\/wp-content\/uploads\/2022\/01\/whatsapp-image-2022-01-25-at-14.44.40.jpeg","type":"image\/jpeg"}],"author":"Cl\u00e1udia Olyver","twitter_card":"summary_large_image","twitter_misc":{"Escrito por":"Cl\u00e1udia Olyver","Est. tempo de leitura":"6 minutos"},"schema":{"@context":"https:\/\/schema.org","@graph":[{"@type":"Article","@id":"https:\/\/miradouronoticias.com\/site\/2022\/01\/30\/arsenal-avaliado-em-r-18-milhao-com-26-fuzis-e-outras-armas-e-apreendido-no-grajau-rio\/#article","isPartOf":{"@id":"https:\/\/miradouronoticias.com\/site\/2022\/01\/30\/arsenal-avaliado-em-r-18-milhao-com-26-fuzis-e-outras-armas-e-apreendido-no-grajau-rio\/"},"author":{"name":"Cl\u00e1udia Olyver","@id":"https:\/\/miradouronoticias.com\/site\/#\/schema\/person\/73440d8c82222950df86f3e1a16aad3b"},"headline":"Arsenal avaliado em R$ 1,8 milh\u00e3o, com 26 fuzis e outras armas, \u00e9 apreendido no Graja\u00fa, Rio","datePublished":"2022-01-31T01:11:08+00:00","mainEntityOfPage":{"@id":"https:\/\/miradouronoticias.com\/site\/2022\/01\/30\/arsenal-avaliado-em-r-18-milhao-com-26-fuzis-e-outras-armas-e-apreendido-no-grajau-rio\/"},"wordCount":1065,"commentCount":0,"publisher":{"@id":"https:\/\/miradouronoticias.com\/site\/#organization"},"image":{"@id":"https:\/\/miradouronoticias.com\/site\/2022\/01\/30\/arsenal-avaliado-em-r-18-milhao-com-26-fuzis-e-outras-armas-e-apreendido-no-grajau-rio\/#primaryimage"},"thumbnailUrl":"https:\/\/miradouronoticias.com\/site\/wp-content\/uploads\/2022\/01\/whatsapp-image-2022-01-25-at-14.44.40.jpeg","articleSection":["Destaque 3","Pol\u00edcia"],"inLanguage":"pt-BR","potentialAction":[{"@type":"CommentAction","name":"Comment","target":["https:\/\/miradouronoticias.com\/site\/2022\/01\/30\/arsenal-avaliado-em-r-18-milhao-com-26-fuzis-e-outras-armas-e-apreendido-no-grajau-rio\/#respond"]}]},{"@type":"WebPage","@id":"https:\/\/miradouronoticias.com\/site\/2022\/01\/30\/arsenal-avaliado-em-r-18-milhao-com-26-fuzis-e-outras-armas-e-apreendido-no-grajau-rio\/","url":"https:\/\/miradouronoticias.com\/site\/2022\/01\/30\/arsenal-avaliado-em-r-18-milhao-com-26-fuzis-e-outras-armas-e-apreendido-no-grajau-rio\/","name":"Arsenal avaliado em R$ 1,8 milh\u00e3o, com 26 fuzis e outras armas, \u00e9 apreendido no Graja\u00fa, Rio - Miradouro Not\u00edcias","isPartOf":{"@id":"https:\/\/miradouronoticias.com\/site\/#website"},"primaryImageOfPage":{"@id":"https:\/\/miradouronoticias.com\/site\/2022\/01\/30\/arsenal-avaliado-em-r-18-milhao-com-26-fuzis-e-outras-armas-e-apreendido-no-grajau-rio\/#primaryimage"},"image":{"@id":"https:\/\/miradouronoticias.com\/site\/2022\/01\/30\/arsenal-avaliado-em-r-18-milhao-com-26-fuzis-e-outras-armas-e-apreendido-no-grajau-rio\/#primaryimage"},"thumbnailUrl":"https:\/\/miradouronoticias.com\/site\/wp-content\/uploads\/2022\/01\/whatsapp-image-2022-01-25-at-14.44.40.jpeg","datePublished":"2022-01-31T01:11:08+00:00","breadcrumb":{"@id":"https:\/\/miradouronoticias.com\/site\/2022\/01\/30\/arsenal-avaliado-em-r-18-milhao-com-26-fuzis-e-outras-armas-e-apreendido-no-grajau-rio\/#breadcrumb"},"inLanguage":"pt-BR","potentialAction":[{"@type":"ReadAction","target":["https:\/\/miradouronoticias.com\/site\/2022\/01\/30\/arsenal-avaliado-em-r-18-milhao-com-26-fuzis-e-outras-armas-e-apreendido-no-grajau-rio\/"]}]},{"@type":"ImageObject","inLanguage":"pt-BR","@id":"https:\/\/miradouronoticias.com\/site\/2022\/01\/30\/arsenal-avaliado-em-r-18-milhao-com-26-fuzis-e-outras-armas-e-apreendido-no-grajau-rio\/#primaryimage","url":"https:\/\/miradouronoticias.com\/site\/wp-content\/uploads\/2022\/01\/whatsapp-image-2022-01-25-at-14.44.40.jpeg","contentUrl":"https:\/\/miradouronoticias.com\/site\/wp-content\/uploads\/2022\/01\/whatsapp-image-2022-01-25-at-14.44.40.jpeg","width":600,"height":1067,"caption":"Opera\u00e7\u00e3o da Pol\u00edcia Civil do Rio apreendeu 27 fuzis \u2014 Foto: Reprodu\u00e7\u00e3o"},{"@type":"BreadcrumbList","@id":"https:\/\/miradouronoticias.com\/site\/2022\/01\/30\/arsenal-avaliado-em-r-18-milhao-com-26-fuzis-e-outras-armas-e-apreendido-no-grajau-rio\/#breadcrumb","itemListElement":[{"@type":"ListItem","position":1,"name":"In\u00edcio","item":"https:\/\/miradouronoticias.com\/site\/"},{"@type":"ListItem","position":2,"name":"Arsenal avaliado em R$ 1,8 milh\u00e3o, com 26 fuzis e outras armas, \u00e9 apreendido no Graja\u00fa, Rio"}]},{"@type":"WebSite","@id":"https:\/\/miradouronoticias.com\/site\/#website","url":"https:\/\/miradouronoticias.com\/site\/","name":"Miradouro Not\u00edcias","description":"Informa\u00e7\u00f5es da cidade e regi\u00e3o","publisher":{"@id":"https:\/\/miradouronoticias.com\/site\/#organization"},"potentialAction":[{"@type":"SearchAction","target":{"@type":"EntryPoint","urlTemplate":"https:\/\/miradouronoticias.com\/site\/?s={search_term_string}"},"query-input":{"@type":"PropertyValueSpecification","valueRequired":true,"valueName":"search_term_string"}}],"inLanguage":"pt-BR"},{"@type":"Organization","@id":"https:\/\/miradouronoticias.com\/site\/#organization","name":"Miradouro Not\u00edcias","url":"https:\/\/miradouronoticias.com\/site\/","logo":{"@type":"ImageObject","inLanguage":"pt-BR","@id":"https:\/\/miradouronoticias.com\/site\/#\/schema\/logo\/image\/","url":"https:\/\/miradouronoticias.com\/site\/wp-content\/uploads\/2022\/01\/logomarcamiradouronoticias.png","contentUrl":"https:\/\/miradouronoticias.com\/site\/wp-content\/uploads\/2022\/01\/logomarcamiradouronoticias.png","width":747,"height":263,"caption":"Miradouro Not\u00edcias"},"image":{"@id":"https:\/\/miradouronoticias.com\/site\/#\/schema\/logo\/image\/"}},{"@type":"Person","@id":"https:\/\/miradouronoticias.com\/site\/#\/schema\/person\/73440d8c82222950df86f3e1a16aad3b","name":"Cl\u00e1udia Olyver","sameAs":["http:\/\/www.miradouronoticias.com"],"url":"https:\/\/miradouronoticias.com\/site\/author\/claudia\/"}]}},"_links":{"self":[{"href":"https:\/\/miradouronoticias.com\/site\/wp-json\/wp\/v2\/posts\/2025","targetHints":{"allow":["GET"]}}],"collection":[{"href":"https:\/\/miradouronoticias.com\/site\/wp-json\/wp\/v2\/posts"}],"about":[{"href":"https:\/\/miradouronoticias.com\/site\/wp-json\/wp\/v2\/types\/post"}],"author":[{"embeddable":true,"href":"https:\/\/miradouronoticias.com\/site\/wp-json\/wp\/v2\/users\/4"}],"replies":[{"embeddable":true,"href":"https:\/\/miradouronoticias.com\/site\/wp-json\/wp\/v2\/comments?post=2025"}],"version-history":[{"count":2,"href":"https:\/\/miradouronoticias.com\/site\/wp-json\/wp\/v2\/posts\/2025\/revisions"}],"predecessor-version":[{"id":2028,"href":"https:\/\/miradouronoticias.com\/site\/wp-json\/wp\/v2\/posts\/2025\/revisions\/2028"}],"wp:featuredmedia":[{"embeddable":true,"href":"https:\/\/miradouronoticias.com\/site\/wp-json\/wp\/v2\/media\/2026"}],"wp:attachment":[{"href":"https:\/\/miradouronoticias.com\/site\/wp-json\/wp\/v2\/media?parent=2025"}],"wp:term":[{"taxonomy":"category","embeddable":true,"href":"https:\/\/miradouronoticias.com\/site\/wp-json\/wp\/v2\/categories?post=2025"},{"taxonomy":"post_tag","embeddable":true,"href":"https:\/\/miradouronoticias.com\/site\/wp-json\/wp\/v2\/tags?post=2025"}],"curies":[{"name":"wp","href":"https:\/\/api.w.org\/{rel}","templated":true}]}}