{"id":18620,"date":"2023-10-17T10:57:06","date_gmt":"2023-10-17T13:57:06","guid":{"rendered":"https:\/\/miradouronoticias.com\/site\/?p=18620"},"modified":"2023-10-17T10:57:06","modified_gmt":"2023-10-17T13:57:06","slug":"tse-retoma-julgamento-de-bolsonaro-por-abuso-de-poder-nas-eleicoes","status":"publish","type":"post","link":"https:\/\/miradouronoticias.com\/site\/2023\/10\/17\/tse-retoma-julgamento-de-bolsonaro-por-abuso-de-poder-nas-eleicoes\/","title":{"rendered":"TSE retoma julgamento de Bolsonaro por abuso de poder nas elei\u00e7\u00f5es"},"content":{"rendered":"<h3 class=\"col-10 offset-1 animated fadeInDown dealy-900 display-8 display-md-8 alt-font font-italic my-1 text-center\">A\u00e7\u00e3o questiona live de cunho eleitoral realizada no Alvorada<\/h3>\n<div class=\"col-lg-12 mb-3\">\n<div class=\"row\">\n<div id=\"tts-container\" class=\"col-xl-7 offset-xl-1 col-lg-8 offset-lg-0 col-md-10 offset-md-1 mb-3\"><audio id=\"tts-player\" src=\"https:\/\/tts-app.ebc.com.br\/media\/tts\/211384.mp3\" controls=\"controls\" data-mce-fragment=\"1\"><\/audio><\/div>\n<\/div>\n<\/div>\n<div class=\"col-xl-7 offset-xl-1 col-lg-8 offset-lg-0 col-md-10 offset-md-1 mb-3\">\n<div class=\"post-item alt-font\">\n<div class=\"post-item-wrap\">\n<p>O Tribunal Superior Eleitoral (TSE) retoma nesta ter\u00e7a-feira (17) o julgamento de tr\u00eas a\u00e7\u00f5es nas quais o ex-presidente Jair Bolsonaro \u00e9 acusado de abuso de poder pol\u00edtico durante a campanha eleitoral de 2022.<img decoding=\"async\" src=\"https:\/\/agenciabrasil.ebc.com.br\/ebc.png?id=1561135&amp;o=node\" \/><img decoding=\"async\" src=\"https:\/\/agenciabrasil.ebc.com.br\/ebc.gif?id=1561135&amp;o=node\" \/><\/p>\n<p>A an\u00e1lise do caso come\u00e7ou na semana passada, mas foi interrompida ap\u00f3s a manifesta\u00e7\u00e3o da defesa de Bolsonaro e do Minist\u00e9rio P\u00fablico Eleitoral (MPE), que defendeu o arquivamento das a\u00e7\u00f5es contra o ex-presidente.<\/p>\n<p>Em caso de condena\u00e7\u00e3o, Bolsonaro pode ficar ineleg\u00edvel por oito anos pela segunda vez. Contudo, o prazo de oito anos continua valendo em fun\u00e7\u00e3o da primeira condena\u00e7\u00e3o e n\u00e3o ser\u00e1 contado duas vezes.<\/p>\n<p>Em junho, Bolsonaro foi\u00a0<a href=\"https:\/\/agenciabrasil.ebc.com.br\/justica\/noticia\/2023-08\/tse-publica-decisao-que-tornou-bolsonaro-inelegivel-por-oito-anos\" target=\"_blank\" rel=\"noopener\">condenado pela corte eleitoral \u00e0 inelegibilidade por oito anos<\/a>\u00a0por abuso de poder pol\u00edtico e uso indevido dos meios de comunica\u00e7\u00e3o. Bolsonaro protagonizou uma reuni\u00e3o com embaixadores, em julho do ano passado, no Pal\u00e1cio da Alvorada, onde atacou o sistema eletr\u00f4nico de vota\u00e7\u00e3o. O general Braga Netto foi absolvido no julgamento por n\u00e3o ter participado do encontro, mas tamb\u00e9m \u00e9 alvo do novo julgamento.<\/p>\n<h2>Processos<\/h2>\n<p>No primeiro processo, o PDT alega que o ent\u00e3o presidente fez uma transmiss\u00e3o ao vivo pelas redes sociais (<em>live<\/em>) no dia 21 de setembro de 2022, dentro da biblioteca do Pal\u00e1cio da Alvorada, para apresentar propostas eleitorais e pedir votos a candidatos apoiados por ele.<\/p>\n<p>O segundo processo trata de outra transmiss\u00e3o realizada em 18 de agosto do ano passado. Segundo o PDT, Bolsonaro pediu votos para sua candidatura e para aliados pol\u00edticos que tamb\u00e9m disputavam as elei\u00e7\u00f5es, chegando a mostrar os &#8220;santinhos&#8221; das campanhas.<\/p>\n<p>Na terceira a\u00e7\u00e3o, as coliga\u00e7\u00f5es do PT e do PSOL questionaram a realiza\u00e7\u00e3o de uma reuni\u00e3o de Bolsonaro com governadores e cantores sertanejos, entre os dias 3 e 6 de outubro, para anunciar apoio pol\u00edtico para a disputa do segundo turno.<\/p>\n<h2>Defesa<\/h2>\n<p>No primeiro dia de julgamento, o advogado Tarc\u00edsio Vieira de Carvalho, representante de Bolsonaro, questionou a legalidade do julgamento conjunto das tr\u00eas a\u00e7\u00f5es e afirmou que a medida prejudica a defesa.<\/p>\n<p>Sobre a realiza\u00e7\u00e3o das lives, o advogado afirmou que n\u00e3o foi usada a estrutura estatal. Segundo o defensor, as transmiss\u00f5es foram feitas por meio das redes privadas de Bolsonaro.<\/p>\n<p>\u201cEssa reuni\u00e3o ocorreu na parte externa do pal\u00e1cio. Nas imagens, n\u00e3o aparece nenhum s\u00edmbolo da Rep\u00fablica, n\u00e3o h\u00e1 simbolismo nenhum. N\u00e3o aparece bandeira, bras\u00e3o. N\u00e3o houve ganhos eleitorais\u201d, afirmou.<\/p>\n<figure id=\"attachment_18621\" aria-describedby=\"caption-attachment-18621\" style=\"width: 300px\" class=\"wp-caption alignnone\"><img loading=\"lazy\" decoding=\"async\" class=\"size-medium wp-image-18621\" src=\"https:\/\/miradouronoticias.com\/site\/wp-content\/uploads\/2023\/10\/fachada_do_tse0402130395-300x179.jpg\" alt=\"\" width=\"300\" height=\"179\" srcset=\"https:\/\/miradouronoticias.com\/site\/wp-content\/uploads\/2023\/10\/fachada_do_tse0402130395-300x179.jpg 300w, https:\/\/miradouronoticias.com\/site\/wp-content\/uploads\/2023\/10\/fachada_do_tse0402130395-1024x613.jpg 1024w, https:\/\/miradouronoticias.com\/site\/wp-content\/uploads\/2023\/10\/fachada_do_tse0402130395-768x459.jpg 768w, https:\/\/miradouronoticias.com\/site\/wp-content\/uploads\/2023\/10\/fachada_do_tse0402130395.jpg 1170w\" sizes=\"auto, (max-width: 300px) 100vw, 300px\" \/><figcaption id=\"caption-attachment-18621\" class=\"wp-caption-text\">Sede do TSE<\/figcaption><\/figure>\n<\/div>\n<\/div>\n<\/div>\n<h6><strong>Ag\u00eancia Brasil<\/strong><\/h6>\n<hr \/>\n<p><strong><span style=\"color: #ff0000;\">By: miradouronoticias.com.br<\/span><\/strong><\/p>\n","protected":false},"excerpt":{"rendered":"<p>A\u00e7\u00e3o questiona live de cunho eleitoral realizada no Alvorada O Tribunal Superior Eleitoral (TSE) retoma nesta ter\u00e7a-feira (17) o julgamento de tr\u00eas a\u00e7\u00f5es nas quais o ex-presidente Jair Bolsonaro \u00e9 acusado de abuso de poder pol\u00edtico durante a campanha eleitoral de 2022. A an\u00e1lise do caso come\u00e7ou na semana passada, mas foi interrompida ap\u00f3s a [&hellip;]<\/p>\n","protected":false},"author":4,"featured_media":18621,"comment_status":"open","ping_status":"open","sticky":false,"template":"","format":"standard","meta":{"footnotes":""},"categories":[12,44],"tags":[],"class_list":["post-18620","post","type-post","status-publish","format-standard","has-post-thumbnail","hentry","category-destaque-4","category-eleicoes-2022"],"yoast_head":"<!-- This site is optimized with the Yoast SEO plugin v27.2 - https:\/\/yoast.com\/product\/yoast-seo-wordpress\/ -->\n<title>TSE retoma julgamento de Bolsonaro por abuso de poder nas elei\u00e7\u00f5es - Miradouro Not\u00edcias<\/title>\n<meta name=\"robots\" content=\"index, follow, max-snippet:-1, max-image-preview:large, max-video-preview:-1\" \/>\n<link rel=\"canonical\" href=\"https:\/\/miradouronoticias.com\/site\/2023\/10\/17\/tse-retoma-julgamento-de-bolsonaro-por-abuso-de-poder-nas-eleicoes\/\" \/>\n<meta property=\"og:locale\" content=\"pt_BR\" \/>\n<meta property=\"og:type\" content=\"article\" \/>\n<meta property=\"og:title\" content=\"TSE retoma julgamento de Bolsonaro por abuso de poder nas elei\u00e7\u00f5es - Miradouro Not\u00edcias\" \/>\n<meta property=\"og:description\" content=\"A\u00e7\u00e3o questiona live de cunho eleitoral realizada no Alvorada O Tribunal Superior Eleitoral (TSE) retoma nesta ter\u00e7a-feira (17) o julgamento de tr\u00eas a\u00e7\u00f5es nas quais o ex-presidente Jair Bolsonaro \u00e9 acusado de abuso de poder pol\u00edtico durante a campanha eleitoral de 2022. A an\u00e1lise do caso come\u00e7ou na semana passada, mas foi interrompida ap\u00f3s a [&hellip;]\" \/>\n<meta property=\"og:url\" content=\"https:\/\/miradouronoticias.com\/site\/2023\/10\/17\/tse-retoma-julgamento-de-bolsonaro-por-abuso-de-poder-nas-eleicoes\/\" \/>\n<meta property=\"og:site_name\" content=\"Miradouro Not\u00edcias\" \/>\n<meta property=\"article:published_time\" content=\"2023-10-17T13:57:06+00:00\" \/>\n<meta property=\"og:image\" content=\"https:\/\/miradouronoticias.com\/site\/wp-content\/uploads\/2023\/10\/fachada_do_tse0402130395.jpg\" \/>\n\t<meta property=\"og:image:width\" content=\"1170\" \/>\n\t<meta property=\"og:image:height\" content=\"700\" \/>\n\t<meta property=\"og:image:type\" content=\"image\/jpeg\" \/>\n<meta name=\"author\" content=\"Cl\u00e1udia Olyver\" \/>\n<meta name=\"twitter:card\" content=\"summary_large_image\" \/>\n<meta name=\"twitter:label1\" content=\"Escrito por\" \/>\n\t<meta name=\"twitter:data1\" content=\"Cl\u00e1udia Olyver\" \/>\n\t<meta name=\"twitter:label2\" content=\"Est. tempo de leitura\" \/>\n\t<meta name=\"twitter:data2\" content=\"2 minutos\" \/>\n<script type=\"application\/ld+json\" class=\"yoast-schema-graph\">{\"@context\":\"https:\/\/schema.org\",\"@graph\":[{\"@type\":\"Article\",\"@id\":\"https:\/\/miradouronoticias.com\/site\/2023\/10\/17\/tse-retoma-julgamento-de-bolsonaro-por-abuso-de-poder-nas-eleicoes\/#article\",\"isPartOf\":{\"@id\":\"https:\/\/miradouronoticias.com\/site\/2023\/10\/17\/tse-retoma-julgamento-de-bolsonaro-por-abuso-de-poder-nas-eleicoes\/\"},\"author\":{\"name\":\"Cl\u00e1udia Olyver\",\"@id\":\"https:\/\/miradouronoticias.com\/site\/#\/schema\/person\/73440d8c82222950df86f3e1a16aad3b\"},\"headline\":\"TSE retoma julgamento de Bolsonaro por abuso de poder nas elei\u00e7\u00f5es\",\"datePublished\":\"2023-10-17T13:57:06+00:00\",\"mainEntityOfPage\":{\"@id\":\"https:\/\/miradouronoticias.com\/site\/2023\/10\/17\/tse-retoma-julgamento-de-bolsonaro-por-abuso-de-poder-nas-eleicoes\/\"},\"wordCount\":464,\"commentCount\":0,\"publisher\":{\"@id\":\"https:\/\/miradouronoticias.com\/site\/#organization\"},\"image\":{\"@id\":\"https:\/\/miradouronoticias.com\/site\/2023\/10\/17\/tse-retoma-julgamento-de-bolsonaro-por-abuso-de-poder-nas-eleicoes\/#primaryimage\"},\"thumbnailUrl\":\"https:\/\/miradouronoticias.com\/site\/wp-content\/uploads\/2023\/10\/fachada_do_tse0402130395.jpg\",\"articleSection\":[\"Destaque 4\",\"Elei\u00e7\u00f5es 2022\"],\"inLanguage\":\"pt-BR\",\"potentialAction\":[{\"@type\":\"CommentAction\",\"name\":\"Comment\",\"target\":[\"https:\/\/miradouronoticias.com\/site\/2023\/10\/17\/tse-retoma-julgamento-de-bolsonaro-por-abuso-de-poder-nas-eleicoes\/#respond\"]}]},{\"@type\":\"WebPage\",\"@id\":\"https:\/\/miradouronoticias.com\/site\/2023\/10\/17\/tse-retoma-julgamento-de-bolsonaro-por-abuso-de-poder-nas-eleicoes\/\",\"url\":\"https:\/\/miradouronoticias.com\/site\/2023\/10\/17\/tse-retoma-julgamento-de-bolsonaro-por-abuso-de-poder-nas-eleicoes\/\",\"name\":\"TSE retoma julgamento de Bolsonaro por abuso de poder nas elei\u00e7\u00f5es - Miradouro Not\u00edcias\",\"isPartOf\":{\"@id\":\"https:\/\/miradouronoticias.com\/site\/#website\"},\"primaryImageOfPage\":{\"@id\":\"https:\/\/miradouronoticias.com\/site\/2023\/10\/17\/tse-retoma-julgamento-de-bolsonaro-por-abuso-de-poder-nas-eleicoes\/#primaryimage\"},\"image\":{\"@id\":\"https:\/\/miradouronoticias.com\/site\/2023\/10\/17\/tse-retoma-julgamento-de-bolsonaro-por-abuso-de-poder-nas-eleicoes\/#primaryimage\"},\"thumbnailUrl\":\"https:\/\/miradouronoticias.com\/site\/wp-content\/uploads\/2023\/10\/fachada_do_tse0402130395.jpg\",\"datePublished\":\"2023-10-17T13:57:06+00:00\",\"breadcrumb\":{\"@id\":\"https:\/\/miradouronoticias.com\/site\/2023\/10\/17\/tse-retoma-julgamento-de-bolsonaro-por-abuso-de-poder-nas-eleicoes\/#breadcrumb\"},\"inLanguage\":\"pt-BR\",\"potentialAction\":[{\"@type\":\"ReadAction\",\"target\":[\"https:\/\/miradouronoticias.com\/site\/2023\/10\/17\/tse-retoma-julgamento-de-bolsonaro-por-abuso-de-poder-nas-eleicoes\/\"]}]},{\"@type\":\"ImageObject\",\"inLanguage\":\"pt-BR\",\"@id\":\"https:\/\/miradouronoticias.com\/site\/2023\/10\/17\/tse-retoma-julgamento-de-bolsonaro-por-abuso-de-poder-nas-eleicoes\/#primaryimage\",\"url\":\"https:\/\/miradouronoticias.com\/site\/wp-content\/uploads\/2023\/10\/fachada_do_tse0402130395.jpg\",\"contentUrl\":\"https:\/\/miradouronoticias.com\/site\/wp-content\/uploads\/2023\/10\/fachada_do_tse0402130395.jpg\",\"width\":1170,\"height\":700,\"caption\":\"Sede do TSE\"},{\"@type\":\"BreadcrumbList\",\"@id\":\"https:\/\/miradouronoticias.com\/site\/2023\/10\/17\/tse-retoma-julgamento-de-bolsonaro-por-abuso-de-poder-nas-eleicoes\/#breadcrumb\",\"itemListElement\":[{\"@type\":\"ListItem\",\"position\":1,\"name\":\"In\u00edcio\",\"item\":\"https:\/\/miradouronoticias.com\/site\/\"},{\"@type\":\"ListItem\",\"position\":2,\"name\":\"TSE retoma julgamento de Bolsonaro por abuso de poder nas elei\u00e7\u00f5es\"}]},{\"@type\":\"WebSite\",\"@id\":\"https:\/\/miradouronoticias.com\/site\/#website\",\"url\":\"https:\/\/miradouronoticias.com\/site\/\",\"name\":\"Miradouro Not\u00edcias\",\"description\":\"Informa\u00e7\u00f5es da cidade e regi\u00e3o\",\"publisher\":{\"@id\":\"https:\/\/miradouronoticias.com\/site\/#organization\"},\"potentialAction\":[{\"@type\":\"SearchAction\",\"target\":{\"@type\":\"EntryPoint\",\"urlTemplate\":\"https:\/\/miradouronoticias.com\/site\/?s={search_term_string}\"},\"query-input\":{\"@type\":\"PropertyValueSpecification\",\"valueRequired\":true,\"valueName\":\"search_term_string\"}}],\"inLanguage\":\"pt-BR\"},{\"@type\":\"Organization\",\"@id\":\"https:\/\/miradouronoticias.com\/site\/#organization\",\"name\":\"Miradouro Not\u00edcias\",\"url\":\"https:\/\/miradouronoticias.com\/site\/\",\"logo\":{\"@type\":\"ImageObject\",\"inLanguage\":\"pt-BR\",\"@id\":\"https:\/\/miradouronoticias.com\/site\/#\/schema\/logo\/image\/\",\"url\":\"https:\/\/miradouronoticias.com\/site\/wp-content\/uploads\/2022\/01\/logomarcamiradouronoticias.png\",\"contentUrl\":\"https:\/\/miradouronoticias.com\/site\/wp-content\/uploads\/2022\/01\/logomarcamiradouronoticias.png\",\"width\":747,\"height\":263,\"caption\":\"Miradouro Not\u00edcias\"},\"image\":{\"@id\":\"https:\/\/miradouronoticias.com\/site\/#\/schema\/logo\/image\/\"}},{\"@type\":\"Person\",\"@id\":\"https:\/\/miradouronoticias.com\/site\/#\/schema\/person\/73440d8c82222950df86f3e1a16aad3b\",\"name\":\"Cl\u00e1udia Olyver\",\"sameAs\":[\"http:\/\/www.miradouronoticias.com\"],\"url\":\"https:\/\/miradouronoticias.com\/site\/author\/claudia\/\"}]}<\/script>\n<!-- \/ Yoast SEO plugin. -->","yoast_head_json":{"title":"TSE retoma julgamento de Bolsonaro por abuso de poder nas elei\u00e7\u00f5es - Miradouro Not\u00edcias","robots":{"index":"index","follow":"follow","max-snippet":"max-snippet:-1","max-image-preview":"max-image-preview:large","max-video-preview":"max-video-preview:-1"},"canonical":"https:\/\/miradouronoticias.com\/site\/2023\/10\/17\/tse-retoma-julgamento-de-bolsonaro-por-abuso-de-poder-nas-eleicoes\/","og_locale":"pt_BR","og_type":"article","og_title":"TSE retoma julgamento de Bolsonaro por abuso de poder nas elei\u00e7\u00f5es - Miradouro Not\u00edcias","og_description":"A\u00e7\u00e3o questiona live de cunho eleitoral realizada no Alvorada O Tribunal Superior Eleitoral (TSE) retoma nesta ter\u00e7a-feira (17) o julgamento de tr\u00eas a\u00e7\u00f5es nas quais o ex-presidente Jair Bolsonaro \u00e9 acusado de abuso de poder pol\u00edtico durante a campanha eleitoral de 2022. A an\u00e1lise do caso come\u00e7ou na semana passada, mas foi interrompida ap\u00f3s a [&hellip;]","og_url":"https:\/\/miradouronoticias.com\/site\/2023\/10\/17\/tse-retoma-julgamento-de-bolsonaro-por-abuso-de-poder-nas-eleicoes\/","og_site_name":"Miradouro Not\u00edcias","article_published_time":"2023-10-17T13:57:06+00:00","og_image":[{"width":1170,"height":700,"url":"https:\/\/miradouronoticias.com\/site\/wp-content\/uploads\/2023\/10\/fachada_do_tse0402130395.jpg","type":"image\/jpeg"}],"author":"Cl\u00e1udia Olyver","twitter_card":"summary_large_image","twitter_misc":{"Escrito por":"Cl\u00e1udia Olyver","Est. tempo de leitura":"2 minutos"},"schema":{"@context":"https:\/\/schema.org","@graph":[{"@type":"Article","@id":"https:\/\/miradouronoticias.com\/site\/2023\/10\/17\/tse-retoma-julgamento-de-bolsonaro-por-abuso-de-poder-nas-eleicoes\/#article","isPartOf":{"@id":"https:\/\/miradouronoticias.com\/site\/2023\/10\/17\/tse-retoma-julgamento-de-bolsonaro-por-abuso-de-poder-nas-eleicoes\/"},"author":{"name":"Cl\u00e1udia Olyver","@id":"https:\/\/miradouronoticias.com\/site\/#\/schema\/person\/73440d8c82222950df86f3e1a16aad3b"},"headline":"TSE retoma julgamento de Bolsonaro por abuso de poder nas elei\u00e7\u00f5es","datePublished":"2023-10-17T13:57:06+00:00","mainEntityOfPage":{"@id":"https:\/\/miradouronoticias.com\/site\/2023\/10\/17\/tse-retoma-julgamento-de-bolsonaro-por-abuso-de-poder-nas-eleicoes\/"},"wordCount":464,"commentCount":0,"publisher":{"@id":"https:\/\/miradouronoticias.com\/site\/#organization"},"image":{"@id":"https:\/\/miradouronoticias.com\/site\/2023\/10\/17\/tse-retoma-julgamento-de-bolsonaro-por-abuso-de-poder-nas-eleicoes\/#primaryimage"},"thumbnailUrl":"https:\/\/miradouronoticias.com\/site\/wp-content\/uploads\/2023\/10\/fachada_do_tse0402130395.jpg","articleSection":["Destaque 4","Elei\u00e7\u00f5es 2022"],"inLanguage":"pt-BR","potentialAction":[{"@type":"CommentAction","name":"Comment","target":["https:\/\/miradouronoticias.com\/site\/2023\/10\/17\/tse-retoma-julgamento-de-bolsonaro-por-abuso-de-poder-nas-eleicoes\/#respond"]}]},{"@type":"WebPage","@id":"https:\/\/miradouronoticias.com\/site\/2023\/10\/17\/tse-retoma-julgamento-de-bolsonaro-por-abuso-de-poder-nas-eleicoes\/","url":"https:\/\/miradouronoticias.com\/site\/2023\/10\/17\/tse-retoma-julgamento-de-bolsonaro-por-abuso-de-poder-nas-eleicoes\/","name":"TSE retoma julgamento de Bolsonaro por abuso de poder nas elei\u00e7\u00f5es - Miradouro Not\u00edcias","isPartOf":{"@id":"https:\/\/miradouronoticias.com\/site\/#website"},"primaryImageOfPage":{"@id":"https:\/\/miradouronoticias.com\/site\/2023\/10\/17\/tse-retoma-julgamento-de-bolsonaro-por-abuso-de-poder-nas-eleicoes\/#primaryimage"},"image":{"@id":"https:\/\/miradouronoticias.com\/site\/2023\/10\/17\/tse-retoma-julgamento-de-bolsonaro-por-abuso-de-poder-nas-eleicoes\/#primaryimage"},"thumbnailUrl":"https:\/\/miradouronoticias.com\/site\/wp-content\/uploads\/2023\/10\/fachada_do_tse0402130395.jpg","datePublished":"2023-10-17T13:57:06+00:00","breadcrumb":{"@id":"https:\/\/miradouronoticias.com\/site\/2023\/10\/17\/tse-retoma-julgamento-de-bolsonaro-por-abuso-de-poder-nas-eleicoes\/#breadcrumb"},"inLanguage":"pt-BR","potentialAction":[{"@type":"ReadAction","target":["https:\/\/miradouronoticias.com\/site\/2023\/10\/17\/tse-retoma-julgamento-de-bolsonaro-por-abuso-de-poder-nas-eleicoes\/"]}]},{"@type":"ImageObject","inLanguage":"pt-BR","@id":"https:\/\/miradouronoticias.com\/site\/2023\/10\/17\/tse-retoma-julgamento-de-bolsonaro-por-abuso-de-poder-nas-eleicoes\/#primaryimage","url":"https:\/\/miradouronoticias.com\/site\/wp-content\/uploads\/2023\/10\/fachada_do_tse0402130395.jpg","contentUrl":"https:\/\/miradouronoticias.com\/site\/wp-content\/uploads\/2023\/10\/fachada_do_tse0402130395.jpg","width":1170,"height":700,"caption":"Sede do TSE"},{"@type":"BreadcrumbList","@id":"https:\/\/miradouronoticias.com\/site\/2023\/10\/17\/tse-retoma-julgamento-de-bolsonaro-por-abuso-de-poder-nas-eleicoes\/#breadcrumb","itemListElement":[{"@type":"ListItem","position":1,"name":"In\u00edcio","item":"https:\/\/miradouronoticias.com\/site\/"},{"@type":"ListItem","position":2,"name":"TSE retoma julgamento de Bolsonaro por abuso de poder nas elei\u00e7\u00f5es"}]},{"@type":"WebSite","@id":"https:\/\/miradouronoticias.com\/site\/#website","url":"https:\/\/miradouronoticias.com\/site\/","name":"Miradouro Not\u00edcias","description":"Informa\u00e7\u00f5es da cidade e regi\u00e3o","publisher":{"@id":"https:\/\/miradouronoticias.com\/site\/#organization"},"potentialAction":[{"@type":"SearchAction","target":{"@type":"EntryPoint","urlTemplate":"https:\/\/miradouronoticias.com\/site\/?s={search_term_string}"},"query-input":{"@type":"PropertyValueSpecification","valueRequired":true,"valueName":"search_term_string"}}],"inLanguage":"pt-BR"},{"@type":"Organization","@id":"https:\/\/miradouronoticias.com\/site\/#organization","name":"Miradouro Not\u00edcias","url":"https:\/\/miradouronoticias.com\/site\/","logo":{"@type":"ImageObject","inLanguage":"pt-BR","@id":"https:\/\/miradouronoticias.com\/site\/#\/schema\/logo\/image\/","url":"https:\/\/miradouronoticias.com\/site\/wp-content\/uploads\/2022\/01\/logomarcamiradouronoticias.png","contentUrl":"https:\/\/miradouronoticias.com\/site\/wp-content\/uploads\/2022\/01\/logomarcamiradouronoticias.png","width":747,"height":263,"caption":"Miradouro Not\u00edcias"},"image":{"@id":"https:\/\/miradouronoticias.com\/site\/#\/schema\/logo\/image\/"}},{"@type":"Person","@id":"https:\/\/miradouronoticias.com\/site\/#\/schema\/person\/73440d8c82222950df86f3e1a16aad3b","name":"Cl\u00e1udia Olyver","sameAs":["http:\/\/www.miradouronoticias.com"],"url":"https:\/\/miradouronoticias.com\/site\/author\/claudia\/"}]}},"_links":{"self":[{"href":"https:\/\/miradouronoticias.com\/site\/wp-json\/wp\/v2\/posts\/18620","targetHints":{"allow":["GET"]}}],"collection":[{"href":"https:\/\/miradouronoticias.com\/site\/wp-json\/wp\/v2\/posts"}],"about":[{"href":"https:\/\/miradouronoticias.com\/site\/wp-json\/wp\/v2\/types\/post"}],"author":[{"embeddable":true,"href":"https:\/\/miradouronoticias.com\/site\/wp-json\/wp\/v2\/users\/4"}],"replies":[{"embeddable":true,"href":"https:\/\/miradouronoticias.com\/site\/wp-json\/wp\/v2\/comments?post=18620"}],"version-history":[{"count":1,"href":"https:\/\/miradouronoticias.com\/site\/wp-json\/wp\/v2\/posts\/18620\/revisions"}],"predecessor-version":[{"id":18622,"href":"https:\/\/miradouronoticias.com\/site\/wp-json\/wp\/v2\/posts\/18620\/revisions\/18622"}],"wp:featuredmedia":[{"embeddable":true,"href":"https:\/\/miradouronoticias.com\/site\/wp-json\/wp\/v2\/media\/18621"}],"wp:attachment":[{"href":"https:\/\/miradouronoticias.com\/site\/wp-json\/wp\/v2\/media?parent=18620"}],"wp:term":[{"taxonomy":"category","embeddable":true,"href":"https:\/\/miradouronoticias.com\/site\/wp-json\/wp\/v2\/categories?post=18620"},{"taxonomy":"post_tag","embeddable":true,"href":"https:\/\/miradouronoticias.com\/site\/wp-json\/wp\/v2\/tags?post=18620"}],"curies":[{"name":"wp","href":"https:\/\/api.w.org\/{rel}","templated":true}]}}