{"id":18559,"date":"2023-10-14T22:05:46","date_gmt":"2023-10-15T01:05:46","guid":{"rendered":"https:\/\/miradouronoticias.com\/site\/?p=18559"},"modified":"2023-10-14T22:05:46","modified_gmt":"2023-10-15T01:05:46","slug":"manhuacu-mulher-e-socorrida-com-ferimentos-graves-em-acidente-na-262","status":"publish","type":"post","link":"https:\/\/miradouronoticias.com\/site\/2023\/10\/14\/manhuacu-mulher-e-socorrida-com-ferimentos-graves-em-acidente-na-262\/","title":{"rendered":"MANHUA\u00c7U:  Mulher \u00e9 socorrida com ferimentos graves em acidente na 262"},"content":{"rendered":"<p>Uma mulher foi socorrida com ferimentos graves pelo Corpo de Bombeiros, na manh\u00e3 deste s\u00e1bado (14\/10), ap\u00f3s se envolver num acidente no KM 18 da BR 262, entre Reduto e Martins Soares.<\/p>\n<p>O registro da ocorr\u00eancia foi realizado pela Pol\u00edcia Rodovi\u00e1ria Federal e, de acordo com as primeiras informa\u00e7\u00f5es, a condutora do autom\u00f3vel seguia sentindo a Manhua\u00e7u, perdeu o controle na curva e colidiu com a carreta, que ia sentido ao Esp\u00edrito Santo.<\/p>\n<p>Ap\u00f3s a colis\u00e3o, o autom\u00f3vel capotou e parou de rodas para cima no meio pista.<\/p>\n<p>Equipes do SAMU e Corpo de Bombeiros foram acionadas para socorro \u00e0 motorista que ficou presa \u00e0s ferragens.<\/p>\n<p>&#8220;Ap\u00f3s a retirarmos de dentro do ve\u00edculo, foi encaminhada para a urg\u00eancia e emerg\u00eancia do Hospital C\u00e9sar Leite, em Manhua\u00e7u, com suspeita de traumatismo craniano grave e m\u00faltiplas fraturas&#8221;, disse Cabo Lucas, do Corpo de Bombeiros de Manhua\u00e7u.<\/p>\n<p><img loading=\"lazy\" decoding=\"async\" class=\"alignnone size-medium wp-image-18560\" src=\"https:\/\/miradouronoticias.com\/site\/wp-content\/uploads\/2023\/10\/1697331323380-300x139.jpg\" alt=\"\" width=\"300\" height=\"139\" srcset=\"https:\/\/miradouronoticias.com\/site\/wp-content\/uploads\/2023\/10\/1697331323380-300x139.jpg 300w, https:\/\/miradouronoticias.com\/site\/wp-content\/uploads\/2023\/10\/1697331323380-1024x473.jpg 1024w, https:\/\/miradouronoticias.com\/site\/wp-content\/uploads\/2023\/10\/1697331323380-768x355.jpg 768w, https:\/\/miradouronoticias.com\/site\/wp-content\/uploads\/2023\/10\/1697331323380.jpg 1080w\" sizes=\"auto, (max-width: 300px) 100vw, 300px\" \/> <img loading=\"lazy\" decoding=\"async\" class=\"alignnone size-medium wp-image-18561\" src=\"https:\/\/miradouronoticias.com\/site\/wp-content\/uploads\/2023\/10\/1697331348302-300x244.jpg\" alt=\"\" width=\"300\" height=\"244\" srcset=\"https:\/\/miradouronoticias.com\/site\/wp-content\/uploads\/2023\/10\/1697331348302-300x244.jpg 300w, https:\/\/miradouronoticias.com\/site\/wp-content\/uploads\/2023\/10\/1697331348302-1024x833.jpg 1024w, https:\/\/miradouronoticias.com\/site\/wp-content\/uploads\/2023\/10\/1697331348302-768x625.jpg 768w, https:\/\/miradouronoticias.com\/site\/wp-content\/uploads\/2023\/10\/1697331348302.jpg 1080w\" sizes=\"auto, (max-width: 300px) 100vw, 300px\" \/> <img loading=\"lazy\" decoding=\"async\" class=\"alignnone size-medium wp-image-18562\" src=\"https:\/\/miradouronoticias.com\/site\/wp-content\/uploads\/2023\/10\/1697331360861-300x139.jpg\" alt=\"\" width=\"300\" height=\"139\" srcset=\"https:\/\/miradouronoticias.com\/site\/wp-content\/uploads\/2023\/10\/1697331360861-300x139.jpg 300w, https:\/\/miradouronoticias.com\/site\/wp-content\/uploads\/2023\/10\/1697331360861-1024x473.jpg 1024w, https:\/\/miradouronoticias.com\/site\/wp-content\/uploads\/2023\/10\/1697331360861-768x355.jpg 768w, https:\/\/miradouronoticias.com\/site\/wp-content\/uploads\/2023\/10\/1697331360861.jpg 1080w\" sizes=\"auto, (max-width: 300px) 100vw, 300px\" \/><\/p>\n<h6><strong>Informa\u00e7\u00f5es: <\/strong><strong>Portal Capara\u00f3\u00a0<\/strong><\/h6>\n<hr \/>\n<p><strong><span style=\"color: #ff0000;\">By: miradouronoticias.com.br<\/span><\/strong><\/p>\n","protected":false},"excerpt":{"rendered":"<p>Uma mulher foi socorrida com ferimentos graves pelo Corpo de Bombeiros, na manh\u00e3 deste s\u00e1bado (14\/10), ap\u00f3s se envolver num acidente no KM 18 da BR 262, entre Reduto e Martins Soares. O registro da ocorr\u00eancia foi realizado pela Pol\u00edcia Rodovi\u00e1ria Federal e, de acordo com as primeiras informa\u00e7\u00f5es, a condutora do autom\u00f3vel seguia sentindo [&hellip;]<\/p>\n","protected":false},"author":4,"featured_media":18560,"comment_status":"open","ping_status":"open","sticky":false,"template":"","format":"standard","meta":{"footnotes":""},"categories":[24,12],"tags":[],"class_list":["post-18559","post","type-post","status-publish","format-standard","has-post-thumbnail","hentry","category-acidente","category-destaque-4"],"yoast_head":"<!-- This site is optimized with the Yoast SEO plugin v27.2 - https:\/\/yoast.com\/product\/yoast-seo-wordpress\/ -->\n<title>MANHUA\u00c7U: Mulher \u00e9 socorrida com ferimentos graves em acidente na 262 - Miradouro Not\u00edcias<\/title>\n<meta name=\"robots\" content=\"index, follow, max-snippet:-1, max-image-preview:large, max-video-preview:-1\" \/>\n<link rel=\"canonical\" href=\"https:\/\/miradouronoticias.com\/site\/2023\/10\/14\/manhuacu-mulher-e-socorrida-com-ferimentos-graves-em-acidente-na-262\/\" \/>\n<meta property=\"og:locale\" content=\"pt_BR\" \/>\n<meta property=\"og:type\" content=\"article\" \/>\n<meta property=\"og:title\" content=\"MANHUA\u00c7U: Mulher \u00e9 socorrida com ferimentos graves em acidente na 262 - Miradouro Not\u00edcias\" \/>\n<meta property=\"og:description\" content=\"Uma mulher foi socorrida com ferimentos graves pelo Corpo de Bombeiros, na manh\u00e3 deste s\u00e1bado (14\/10), ap\u00f3s se envolver num acidente no KM 18 da BR 262, entre Reduto e Martins Soares. O registro da ocorr\u00eancia foi realizado pela Pol\u00edcia Rodovi\u00e1ria Federal e, de acordo com as primeiras informa\u00e7\u00f5es, a condutora do autom\u00f3vel seguia sentindo [&hellip;]\" \/>\n<meta property=\"og:url\" content=\"https:\/\/miradouronoticias.com\/site\/2023\/10\/14\/manhuacu-mulher-e-socorrida-com-ferimentos-graves-em-acidente-na-262\/\" \/>\n<meta property=\"og:site_name\" content=\"Miradouro Not\u00edcias\" \/>\n<meta property=\"article:published_time\" content=\"2023-10-15T01:05:46+00:00\" \/>\n<meta property=\"og:image\" content=\"https:\/\/miradouronoticias.com\/site\/wp-content\/uploads\/2023\/10\/1697331323380.jpg\" \/>\n\t<meta property=\"og:image:width\" content=\"1080\" \/>\n\t<meta property=\"og:image:height\" content=\"499\" \/>\n\t<meta property=\"og:image:type\" content=\"image\/jpeg\" \/>\n<meta name=\"author\" content=\"Cl\u00e1udia Olyver\" \/>\n<meta name=\"twitter:card\" content=\"summary_large_image\" \/>\n<meta name=\"twitter:label1\" content=\"Escrito por\" \/>\n\t<meta name=\"twitter:data1\" content=\"Cl\u00e1udia Olyver\" \/>\n\t<meta name=\"twitter:label2\" content=\"Est. tempo de leitura\" \/>\n\t<meta name=\"twitter:data2\" content=\"1 minuto\" \/>\n<script type=\"application\/ld+json\" class=\"yoast-schema-graph\">{\"@context\":\"https:\/\/schema.org\",\"@graph\":[{\"@type\":\"Article\",\"@id\":\"https:\/\/miradouronoticias.com\/site\/2023\/10\/14\/manhuacu-mulher-e-socorrida-com-ferimentos-graves-em-acidente-na-262\/#article\",\"isPartOf\":{\"@id\":\"https:\/\/miradouronoticias.com\/site\/2023\/10\/14\/manhuacu-mulher-e-socorrida-com-ferimentos-graves-em-acidente-na-262\/\"},\"author\":{\"name\":\"Cl\u00e1udia Olyver\",\"@id\":\"https:\/\/miradouronoticias.com\/site\/#\/schema\/person\/73440d8c82222950df86f3e1a16aad3b\"},\"headline\":\"MANHUA\u00c7U: Mulher \u00e9 socorrida com ferimentos graves em acidente na 262\",\"datePublished\":\"2023-10-15T01:05:46+00:00\",\"mainEntityOfPage\":{\"@id\":\"https:\/\/miradouronoticias.com\/site\/2023\/10\/14\/manhuacu-mulher-e-socorrida-com-ferimentos-graves-em-acidente-na-262\/\"},\"wordCount\":178,\"commentCount\":0,\"publisher\":{\"@id\":\"https:\/\/miradouronoticias.com\/site\/#organization\"},\"image\":{\"@id\":\"https:\/\/miradouronoticias.com\/site\/2023\/10\/14\/manhuacu-mulher-e-socorrida-com-ferimentos-graves-em-acidente-na-262\/#primaryimage\"},\"thumbnailUrl\":\"https:\/\/miradouronoticias.com\/site\/wp-content\/uploads\/2023\/10\/1697331323380.jpg\",\"articleSection\":[\"Acidente\",\"Destaque 4\"],\"inLanguage\":\"pt-BR\",\"potentialAction\":[{\"@type\":\"CommentAction\",\"name\":\"Comment\",\"target\":[\"https:\/\/miradouronoticias.com\/site\/2023\/10\/14\/manhuacu-mulher-e-socorrida-com-ferimentos-graves-em-acidente-na-262\/#respond\"]}]},{\"@type\":\"WebPage\",\"@id\":\"https:\/\/miradouronoticias.com\/site\/2023\/10\/14\/manhuacu-mulher-e-socorrida-com-ferimentos-graves-em-acidente-na-262\/\",\"url\":\"https:\/\/miradouronoticias.com\/site\/2023\/10\/14\/manhuacu-mulher-e-socorrida-com-ferimentos-graves-em-acidente-na-262\/\",\"name\":\"MANHUA\u00c7U: Mulher \u00e9 socorrida com ferimentos graves em acidente na 262 - Miradouro Not\u00edcias\",\"isPartOf\":{\"@id\":\"https:\/\/miradouronoticias.com\/site\/#website\"},\"primaryImageOfPage\":{\"@id\":\"https:\/\/miradouronoticias.com\/site\/2023\/10\/14\/manhuacu-mulher-e-socorrida-com-ferimentos-graves-em-acidente-na-262\/#primaryimage\"},\"image\":{\"@id\":\"https:\/\/miradouronoticias.com\/site\/2023\/10\/14\/manhuacu-mulher-e-socorrida-com-ferimentos-graves-em-acidente-na-262\/#primaryimage\"},\"thumbnailUrl\":\"https:\/\/miradouronoticias.com\/site\/wp-content\/uploads\/2023\/10\/1697331323380.jpg\",\"datePublished\":\"2023-10-15T01:05:46+00:00\",\"breadcrumb\":{\"@id\":\"https:\/\/miradouronoticias.com\/site\/2023\/10\/14\/manhuacu-mulher-e-socorrida-com-ferimentos-graves-em-acidente-na-262\/#breadcrumb\"},\"inLanguage\":\"pt-BR\",\"potentialAction\":[{\"@type\":\"ReadAction\",\"target\":[\"https:\/\/miradouronoticias.com\/site\/2023\/10\/14\/manhuacu-mulher-e-socorrida-com-ferimentos-graves-em-acidente-na-262\/\"]}]},{\"@type\":\"ImageObject\",\"inLanguage\":\"pt-BR\",\"@id\":\"https:\/\/miradouronoticias.com\/site\/2023\/10\/14\/manhuacu-mulher-e-socorrida-com-ferimentos-graves-em-acidente-na-262\/#primaryimage\",\"url\":\"https:\/\/miradouronoticias.com\/site\/wp-content\/uploads\/2023\/10\/1697331323380.jpg\",\"contentUrl\":\"https:\/\/miradouronoticias.com\/site\/wp-content\/uploads\/2023\/10\/1697331323380.jpg\",\"width\":1080,\"height\":499},{\"@type\":\"BreadcrumbList\",\"@id\":\"https:\/\/miradouronoticias.com\/site\/2023\/10\/14\/manhuacu-mulher-e-socorrida-com-ferimentos-graves-em-acidente-na-262\/#breadcrumb\",\"itemListElement\":[{\"@type\":\"ListItem\",\"position\":1,\"name\":\"In\u00edcio\",\"item\":\"https:\/\/miradouronoticias.com\/site\/\"},{\"@type\":\"ListItem\",\"position\":2,\"name\":\"MANHUA\u00c7U: Mulher \u00e9 socorrida com ferimentos graves em acidente na 262\"}]},{\"@type\":\"WebSite\",\"@id\":\"https:\/\/miradouronoticias.com\/site\/#website\",\"url\":\"https:\/\/miradouronoticias.com\/site\/\",\"name\":\"Miradouro Not\u00edcias\",\"description\":\"Informa\u00e7\u00f5es da cidade e regi\u00e3o\",\"publisher\":{\"@id\":\"https:\/\/miradouronoticias.com\/site\/#organization\"},\"potentialAction\":[{\"@type\":\"SearchAction\",\"target\":{\"@type\":\"EntryPoint\",\"urlTemplate\":\"https:\/\/miradouronoticias.com\/site\/?s={search_term_string}\"},\"query-input\":{\"@type\":\"PropertyValueSpecification\",\"valueRequired\":true,\"valueName\":\"search_term_string\"}}],\"inLanguage\":\"pt-BR\"},{\"@type\":\"Organization\",\"@id\":\"https:\/\/miradouronoticias.com\/site\/#organization\",\"name\":\"Miradouro Not\u00edcias\",\"url\":\"https:\/\/miradouronoticias.com\/site\/\",\"logo\":{\"@type\":\"ImageObject\",\"inLanguage\":\"pt-BR\",\"@id\":\"https:\/\/miradouronoticias.com\/site\/#\/schema\/logo\/image\/\",\"url\":\"https:\/\/miradouronoticias.com\/site\/wp-content\/uploads\/2022\/01\/logomarcamiradouronoticias.png\",\"contentUrl\":\"https:\/\/miradouronoticias.com\/site\/wp-content\/uploads\/2022\/01\/logomarcamiradouronoticias.png\",\"width\":747,\"height\":263,\"caption\":\"Miradouro Not\u00edcias\"},\"image\":{\"@id\":\"https:\/\/miradouronoticias.com\/site\/#\/schema\/logo\/image\/\"}},{\"@type\":\"Person\",\"@id\":\"https:\/\/miradouronoticias.com\/site\/#\/schema\/person\/73440d8c82222950df86f3e1a16aad3b\",\"name\":\"Cl\u00e1udia Olyver\",\"sameAs\":[\"http:\/\/www.miradouronoticias.com\"],\"url\":\"https:\/\/miradouronoticias.com\/site\/author\/claudia\/\"}]}<\/script>\n<!-- \/ Yoast SEO plugin. -->","yoast_head_json":{"title":"MANHUA\u00c7U: Mulher \u00e9 socorrida com ferimentos graves em acidente na 262 - Miradouro Not\u00edcias","robots":{"index":"index","follow":"follow","max-snippet":"max-snippet:-1","max-image-preview":"max-image-preview:large","max-video-preview":"max-video-preview:-1"},"canonical":"https:\/\/miradouronoticias.com\/site\/2023\/10\/14\/manhuacu-mulher-e-socorrida-com-ferimentos-graves-em-acidente-na-262\/","og_locale":"pt_BR","og_type":"article","og_title":"MANHUA\u00c7U: Mulher \u00e9 socorrida com ferimentos graves em acidente na 262 - Miradouro Not\u00edcias","og_description":"Uma mulher foi socorrida com ferimentos graves pelo Corpo de Bombeiros, na manh\u00e3 deste s\u00e1bado (14\/10), ap\u00f3s se envolver num acidente no KM 18 da BR 262, entre Reduto e Martins Soares. O registro da ocorr\u00eancia foi realizado pela Pol\u00edcia Rodovi\u00e1ria Federal e, de acordo com as primeiras informa\u00e7\u00f5es, a condutora do autom\u00f3vel seguia sentindo [&hellip;]","og_url":"https:\/\/miradouronoticias.com\/site\/2023\/10\/14\/manhuacu-mulher-e-socorrida-com-ferimentos-graves-em-acidente-na-262\/","og_site_name":"Miradouro Not\u00edcias","article_published_time":"2023-10-15T01:05:46+00:00","og_image":[{"width":1080,"height":499,"url":"https:\/\/miradouronoticias.com\/site\/wp-content\/uploads\/2023\/10\/1697331323380.jpg","type":"image\/jpeg"}],"author":"Cl\u00e1udia Olyver","twitter_card":"summary_large_image","twitter_misc":{"Escrito por":"Cl\u00e1udia Olyver","Est. tempo de leitura":"1 minuto"},"schema":{"@context":"https:\/\/schema.org","@graph":[{"@type":"Article","@id":"https:\/\/miradouronoticias.com\/site\/2023\/10\/14\/manhuacu-mulher-e-socorrida-com-ferimentos-graves-em-acidente-na-262\/#article","isPartOf":{"@id":"https:\/\/miradouronoticias.com\/site\/2023\/10\/14\/manhuacu-mulher-e-socorrida-com-ferimentos-graves-em-acidente-na-262\/"},"author":{"name":"Cl\u00e1udia Olyver","@id":"https:\/\/miradouronoticias.com\/site\/#\/schema\/person\/73440d8c82222950df86f3e1a16aad3b"},"headline":"MANHUA\u00c7U: Mulher \u00e9 socorrida com ferimentos graves em acidente na 262","datePublished":"2023-10-15T01:05:46+00:00","mainEntityOfPage":{"@id":"https:\/\/miradouronoticias.com\/site\/2023\/10\/14\/manhuacu-mulher-e-socorrida-com-ferimentos-graves-em-acidente-na-262\/"},"wordCount":178,"commentCount":0,"publisher":{"@id":"https:\/\/miradouronoticias.com\/site\/#organization"},"image":{"@id":"https:\/\/miradouronoticias.com\/site\/2023\/10\/14\/manhuacu-mulher-e-socorrida-com-ferimentos-graves-em-acidente-na-262\/#primaryimage"},"thumbnailUrl":"https:\/\/miradouronoticias.com\/site\/wp-content\/uploads\/2023\/10\/1697331323380.jpg","articleSection":["Acidente","Destaque 4"],"inLanguage":"pt-BR","potentialAction":[{"@type":"CommentAction","name":"Comment","target":["https:\/\/miradouronoticias.com\/site\/2023\/10\/14\/manhuacu-mulher-e-socorrida-com-ferimentos-graves-em-acidente-na-262\/#respond"]}]},{"@type":"WebPage","@id":"https:\/\/miradouronoticias.com\/site\/2023\/10\/14\/manhuacu-mulher-e-socorrida-com-ferimentos-graves-em-acidente-na-262\/","url":"https:\/\/miradouronoticias.com\/site\/2023\/10\/14\/manhuacu-mulher-e-socorrida-com-ferimentos-graves-em-acidente-na-262\/","name":"MANHUA\u00c7U: Mulher \u00e9 socorrida com ferimentos graves em acidente na 262 - Miradouro Not\u00edcias","isPartOf":{"@id":"https:\/\/miradouronoticias.com\/site\/#website"},"primaryImageOfPage":{"@id":"https:\/\/miradouronoticias.com\/site\/2023\/10\/14\/manhuacu-mulher-e-socorrida-com-ferimentos-graves-em-acidente-na-262\/#primaryimage"},"image":{"@id":"https:\/\/miradouronoticias.com\/site\/2023\/10\/14\/manhuacu-mulher-e-socorrida-com-ferimentos-graves-em-acidente-na-262\/#primaryimage"},"thumbnailUrl":"https:\/\/miradouronoticias.com\/site\/wp-content\/uploads\/2023\/10\/1697331323380.jpg","datePublished":"2023-10-15T01:05:46+00:00","breadcrumb":{"@id":"https:\/\/miradouronoticias.com\/site\/2023\/10\/14\/manhuacu-mulher-e-socorrida-com-ferimentos-graves-em-acidente-na-262\/#breadcrumb"},"inLanguage":"pt-BR","potentialAction":[{"@type":"ReadAction","target":["https:\/\/miradouronoticias.com\/site\/2023\/10\/14\/manhuacu-mulher-e-socorrida-com-ferimentos-graves-em-acidente-na-262\/"]}]},{"@type":"ImageObject","inLanguage":"pt-BR","@id":"https:\/\/miradouronoticias.com\/site\/2023\/10\/14\/manhuacu-mulher-e-socorrida-com-ferimentos-graves-em-acidente-na-262\/#primaryimage","url":"https:\/\/miradouronoticias.com\/site\/wp-content\/uploads\/2023\/10\/1697331323380.jpg","contentUrl":"https:\/\/miradouronoticias.com\/site\/wp-content\/uploads\/2023\/10\/1697331323380.jpg","width":1080,"height":499},{"@type":"BreadcrumbList","@id":"https:\/\/miradouronoticias.com\/site\/2023\/10\/14\/manhuacu-mulher-e-socorrida-com-ferimentos-graves-em-acidente-na-262\/#breadcrumb","itemListElement":[{"@type":"ListItem","position":1,"name":"In\u00edcio","item":"https:\/\/miradouronoticias.com\/site\/"},{"@type":"ListItem","position":2,"name":"MANHUA\u00c7U: Mulher \u00e9 socorrida com ferimentos graves em acidente na 262"}]},{"@type":"WebSite","@id":"https:\/\/miradouronoticias.com\/site\/#website","url":"https:\/\/miradouronoticias.com\/site\/","name":"Miradouro Not\u00edcias","description":"Informa\u00e7\u00f5es da cidade e regi\u00e3o","publisher":{"@id":"https:\/\/miradouronoticias.com\/site\/#organization"},"potentialAction":[{"@type":"SearchAction","target":{"@type":"EntryPoint","urlTemplate":"https:\/\/miradouronoticias.com\/site\/?s={search_term_string}"},"query-input":{"@type":"PropertyValueSpecification","valueRequired":true,"valueName":"search_term_string"}}],"inLanguage":"pt-BR"},{"@type":"Organization","@id":"https:\/\/miradouronoticias.com\/site\/#organization","name":"Miradouro Not\u00edcias","url":"https:\/\/miradouronoticias.com\/site\/","logo":{"@type":"ImageObject","inLanguage":"pt-BR","@id":"https:\/\/miradouronoticias.com\/site\/#\/schema\/logo\/image\/","url":"https:\/\/miradouronoticias.com\/site\/wp-content\/uploads\/2022\/01\/logomarcamiradouronoticias.png","contentUrl":"https:\/\/miradouronoticias.com\/site\/wp-content\/uploads\/2022\/01\/logomarcamiradouronoticias.png","width":747,"height":263,"caption":"Miradouro Not\u00edcias"},"image":{"@id":"https:\/\/miradouronoticias.com\/site\/#\/schema\/logo\/image\/"}},{"@type":"Person","@id":"https:\/\/miradouronoticias.com\/site\/#\/schema\/person\/73440d8c82222950df86f3e1a16aad3b","name":"Cl\u00e1udia Olyver","sameAs":["http:\/\/www.miradouronoticias.com"],"url":"https:\/\/miradouronoticias.com\/site\/author\/claudia\/"}]}},"_links":{"self":[{"href":"https:\/\/miradouronoticias.com\/site\/wp-json\/wp\/v2\/posts\/18559","targetHints":{"allow":["GET"]}}],"collection":[{"href":"https:\/\/miradouronoticias.com\/site\/wp-json\/wp\/v2\/posts"}],"about":[{"href":"https:\/\/miradouronoticias.com\/site\/wp-json\/wp\/v2\/types\/post"}],"author":[{"embeddable":true,"href":"https:\/\/miradouronoticias.com\/site\/wp-json\/wp\/v2\/users\/4"}],"replies":[{"embeddable":true,"href":"https:\/\/miradouronoticias.com\/site\/wp-json\/wp\/v2\/comments?post=18559"}],"version-history":[{"count":1,"href":"https:\/\/miradouronoticias.com\/site\/wp-json\/wp\/v2\/posts\/18559\/revisions"}],"predecessor-version":[{"id":18563,"href":"https:\/\/miradouronoticias.com\/site\/wp-json\/wp\/v2\/posts\/18559\/revisions\/18563"}],"wp:featuredmedia":[{"embeddable":true,"href":"https:\/\/miradouronoticias.com\/site\/wp-json\/wp\/v2\/media\/18560"}],"wp:attachment":[{"href":"https:\/\/miradouronoticias.com\/site\/wp-json\/wp\/v2\/media?parent=18559"}],"wp:term":[{"taxonomy":"category","embeddable":true,"href":"https:\/\/miradouronoticias.com\/site\/wp-json\/wp\/v2\/categories?post=18559"},{"taxonomy":"post_tag","embeddable":true,"href":"https:\/\/miradouronoticias.com\/site\/wp-json\/wp\/v2\/tags?post=18559"}],"curies":[{"name":"wp","href":"https:\/\/api.w.org\/{rel}","templated":true}]}}