{"id":18025,"date":"2023-09-23T13:38:56","date_gmt":"2023-09-23T16:38:56","guid":{"rendered":"https:\/\/miradouronoticias.com\/site\/?p=18025"},"modified":"2023-09-23T13:39:01","modified_gmt":"2023-09-23T16:39:01","slug":"colsiao-entre-carro-de-passeio-e-carreta-deixa-um-morto-e-uma-idosa-ferida-na-br-116-em-miradouro","status":"publish","type":"post","link":"https:\/\/miradouronoticias.com\/site\/2023\/09\/23\/colsiao-entre-carro-de-passeio-e-carreta-deixa-um-morto-e-uma-idosa-ferida-na-br-116-em-miradouro\/","title":{"rendered":"Colsi\u00e3o entre carro de passeio e carreta deixa um morto e uma idosa ferida na BR-116 em Miradouro"},"content":{"rendered":"<p>Um idoso de 75 anos identificado como J\u00falio Dias Fel\u00edcio, morreu na noite desta sexta-feira (22), na BR-116 na cidade de Miradouro.<br \/>\nA mulher de 83 anos que estava no banco do carona, foi socorrida consciente para o hospital S\u00e3o Paulo.<br \/>\nO condutor da carreta que saiu de Recife com destino a cidade de Extrema, relatou que seguia na sua m\u00e3o de dire\u00e7\u00e3o, momento que o ve\u00edculo Corsa invadiu a contra m\u00e3o de dire\u00e7\u00e3o, n\u00e3o foi poss\u00edvel evitar a colis\u00e3o frontal.<br \/>\nCom impacto da batida, o Corsa rodou na pista e a carreta s\u00f3 parou ap\u00f3s bater em um barranco.<br \/>\nO caminhoneiro apresentava ferimentos na m\u00e3o esquerda e foi atendido pela equipe do Samu no local.<br \/>\nFuncion\u00e1rios da EcoRioMinas estiveram no local e sinalizaram o tr\u00e2nsito, j\u00e1 a Pol\u00edcia Rodovi\u00e1ria Federal ficou a cargo do registro da ocorr\u00eancia.<br \/>\nMilitares do Corpo de Bombeiros tentaram a todo custo reanimar a v\u00edtima, mas nada puderam fazer.<br \/>\nAp\u00f3s os trabalhos da periciais o cad\u00e1ver foi encaminhado para o Instituto M\u00e9dico Legal.<br \/>\nO motorista da carreta foi submetido ao teste do baf\u00f4metro e nada de \u00e1lcool foi constatado.<\/p>\n<div class=\"rll-youtube-player\" data-src=\"https:\/\/www.youtube.com\/embed\/VmDoOAc46SU\" data-id=\"VmDoOAc46SU\" data-query=\"si=yYq9IAkoiD0Pvays&amp;controls=0\">\n<div data-id=\"VmDoOAc46SU\" data-query=\"si=yYq9IAkoiD0Pvays&amp;controls=0\" data-src=\"https:\/\/www.youtube.com\/embed\/VmDoOAc46SU\"><img loading=\"lazy\" decoding=\"async\" src=\"https:\/\/i.ytimg.com\/vi\/VmDoOAc46SU\/hqdefault.jpg\" alt=\"\" width=\"480\" height=\"360\" \/><span id=\"alttext-container\"><img id=\"alttext-image\" width=\"16\" height=\"16\" align=\"left\" \/><span id=\"alttext\"><\/span><\/span><button class=\"play\" aria-label=\"play Youtube video\"><\/button><\/div>\n<\/div>\n<figure id=\"attachment_18027\" aria-describedby=\"caption-attachment-18027\" style=\"width: 300px\" class=\"wp-caption alignnone\"><img loading=\"lazy\" decoding=\"async\" class=\"size-medium wp-image-18027\" src=\"https:\/\/miradouronoticias.com\/site\/wp-content\/uploads\/2023\/09\/Foto-1-com-rosto-1-1-300x200.jpeg\" alt=\"\" width=\"300\" height=\"200\" srcset=\"https:\/\/miradouronoticias.com\/site\/wp-content\/uploads\/2023\/09\/Foto-1-com-rosto-1-1-300x200.jpeg 300w, https:\/\/miradouronoticias.com\/site\/wp-content\/uploads\/2023\/09\/Foto-1-com-rosto-1-1.jpeg 750w\" sizes=\"auto, (max-width: 300px) 100vw, 300px\" \/><figcaption id=\"caption-attachment-18027\" class=\"wp-caption-text\">O condutor do carro de passeio foi identificado como Julio Dias Felicio de 75 anos<\/figcaption><\/figure>\n<p><img loading=\"lazy\" decoding=\"async\" class=\"alignnone size-medium wp-image-18028\" src=\"https:\/\/miradouronoticias.com\/site\/wp-content\/uploads\/2023\/09\/Foto-9-2-300x200.jpeg\" alt=\"\" width=\"300\" height=\"200\" srcset=\"https:\/\/miradouronoticias.com\/site\/wp-content\/uploads\/2023\/09\/Foto-9-2-300x200.jpeg 300w, https:\/\/miradouronoticias.com\/site\/wp-content\/uploads\/2023\/09\/Foto-9-2.jpeg 750w\" sizes=\"auto, (max-width: 300px) 100vw, 300px\" \/> <img loading=\"lazy\" decoding=\"async\" class=\"alignnone size-medium wp-image-18029\" src=\"https:\/\/miradouronoticias.com\/site\/wp-content\/uploads\/2023\/09\/Foto-6-4-300x200.jpeg\" alt=\"\" width=\"300\" height=\"200\" srcset=\"https:\/\/miradouronoticias.com\/site\/wp-content\/uploads\/2023\/09\/Foto-6-4-300x200.jpeg 300w, https:\/\/miradouronoticias.com\/site\/wp-content\/uploads\/2023\/09\/Foto-6-4.jpeg 750w\" sizes=\"auto, (max-width: 300px) 100vw, 300px\" \/><img loading=\"lazy\" decoding=\"async\" class=\"alignnone size-medium wp-image-18030\" src=\"https:\/\/miradouronoticias.com\/site\/wp-content\/uploads\/2023\/09\/Foto-7-4-300x200.jpeg\" alt=\"\" width=\"300\" height=\"200\" srcset=\"https:\/\/miradouronoticias.com\/site\/wp-content\/uploads\/2023\/09\/Foto-7-4-300x200.jpeg 300w, https:\/\/miradouronoticias.com\/site\/wp-content\/uploads\/2023\/09\/Foto-7-4.jpeg 750w\" sizes=\"auto, (max-width: 300px) 100vw, 300px\" \/><img loading=\"lazy\" decoding=\"async\" class=\"alignnone size-medium wp-image-18031\" src=\"https:\/\/miradouronoticias.com\/site\/wp-content\/uploads\/2023\/09\/Foto-3-6-300x200.jpeg\" alt=\"\" width=\"300\" height=\"200\" srcset=\"https:\/\/miradouronoticias.com\/site\/wp-content\/uploads\/2023\/09\/Foto-3-6-300x200.jpeg 300w, https:\/\/miradouronoticias.com\/site\/wp-content\/uploads\/2023\/09\/Foto-3-6.jpeg 750w\" sizes=\"auto, (max-width: 300px) 100vw, 300px\" \/><img loading=\"lazy\" decoding=\"async\" class=\"alignnone size-medium wp-image-18032\" src=\"https:\/\/miradouronoticias.com\/site\/wp-content\/uploads\/2023\/09\/Foto-2-6-300x200.jpeg\" alt=\"\" width=\"300\" height=\"200\" srcset=\"https:\/\/miradouronoticias.com\/site\/wp-content\/uploads\/2023\/09\/Foto-2-6-300x200.jpeg 300w, https:\/\/miradouronoticias.com\/site\/wp-content\/uploads\/2023\/09\/Foto-2-6.jpeg 750w\" sizes=\"auto, (max-width: 300px) 100vw, 300px\" \/> <img loading=\"lazy\" decoding=\"async\" class=\"alignnone size-medium wp-image-18033\" src=\"https:\/\/miradouronoticias.com\/site\/wp-content\/uploads\/2023\/09\/Foto-10-2-300x200.jpeg\" alt=\"\" width=\"300\" height=\"200\" srcset=\"https:\/\/miradouronoticias.com\/site\/wp-content\/uploads\/2023\/09\/Foto-10-2-300x200.jpeg 300w, https:\/\/miradouronoticias.com\/site\/wp-content\/uploads\/2023\/09\/Foto-10-2.jpeg 750w\" sizes=\"auto, (max-width: 300px) 100vw, 300px\" \/><\/p>\n<p>&nbsp;<\/p>\n<h6><strong>Fonte: R\u00e1dio Muria\u00e9<\/strong><\/h6>\n<hr \/>\n<p><strong><span style=\"color: #ff0000;\">By: miradouronoticias.com.br<\/span><\/strong><\/p>\n","protected":false},"excerpt":{"rendered":"<p>Um idoso de 75 anos identificado como J\u00falio Dias Fel\u00edcio, morreu na noite desta sexta-feira (22), na BR-116 na cidade de Miradouro. A mulher de 83 anos que estava no banco do carona, foi socorrida consciente para o hospital S\u00e3o Paulo. O condutor da carreta que saiu de Recife com destino a cidade de Extrema, [&hellip;]<\/p>\n","protected":false},"author":4,"featured_media":18027,"comment_status":"open","ping_status":"open","sticky":false,"template":"","format":"standard","meta":{"footnotes":""},"categories":[24],"tags":[],"class_list":["post-18025","post","type-post","status-publish","format-standard","has-post-thumbnail","hentry","category-acidente"],"yoast_head":"<!-- This site is optimized with the Yoast SEO plugin v27.2 - https:\/\/yoast.com\/product\/yoast-seo-wordpress\/ -->\n<title>Colsi\u00e3o entre carro de passeio e carreta deixa um morto e uma idosa ferida na BR-116 em Miradouro - Miradouro Not\u00edcias<\/title>\n<meta name=\"robots\" content=\"index, follow, max-snippet:-1, max-image-preview:large, max-video-preview:-1\" \/>\n<link rel=\"canonical\" href=\"https:\/\/miradouronoticias.com\/site\/2023\/09\/23\/colsiao-entre-carro-de-passeio-e-carreta-deixa-um-morto-e-uma-idosa-ferida-na-br-116-em-miradouro\/\" \/>\n<meta property=\"og:locale\" content=\"pt_BR\" \/>\n<meta property=\"og:type\" content=\"article\" \/>\n<meta property=\"og:title\" content=\"Colsi\u00e3o entre carro de passeio e carreta deixa um morto e uma idosa ferida na BR-116 em Miradouro - Miradouro Not\u00edcias\" \/>\n<meta property=\"og:description\" content=\"Um idoso de 75 anos identificado como J\u00falio Dias Fel\u00edcio, morreu na noite desta sexta-feira (22), na BR-116 na cidade de Miradouro. A mulher de 83 anos que estava no banco do carona, foi socorrida consciente para o hospital S\u00e3o Paulo. O condutor da carreta que saiu de Recife com destino a cidade de Extrema, [&hellip;]\" \/>\n<meta property=\"og:url\" content=\"https:\/\/miradouronoticias.com\/site\/2023\/09\/23\/colsiao-entre-carro-de-passeio-e-carreta-deixa-um-morto-e-uma-idosa-ferida-na-br-116-em-miradouro\/\" \/>\n<meta property=\"og:site_name\" content=\"Miradouro Not\u00edcias\" \/>\n<meta property=\"article:published_time\" content=\"2023-09-23T16:38:56+00:00\" \/>\n<meta property=\"article:modified_time\" content=\"2023-09-23T16:39:01+00:00\" \/>\n<meta property=\"og:image\" content=\"https:\/\/miradouronoticias.com\/site\/wp-content\/uploads\/2023\/09\/Foto-1-com-rosto-1-1.jpeg\" \/>\n\t<meta property=\"og:image:width\" content=\"750\" \/>\n\t<meta property=\"og:image:height\" content=\"500\" \/>\n\t<meta property=\"og:image:type\" content=\"image\/jpeg\" \/>\n<meta name=\"author\" content=\"Cl\u00e1udia Olyver\" \/>\n<meta name=\"twitter:card\" content=\"summary_large_image\" \/>\n<meta name=\"twitter:label1\" content=\"Escrito por\" \/>\n\t<meta name=\"twitter:data1\" content=\"Cl\u00e1udia Olyver\" \/>\n\t<meta name=\"twitter:label2\" content=\"Est. tempo de leitura\" \/>\n\t<meta name=\"twitter:data2\" content=\"1 minuto\" \/>\n<script type=\"application\/ld+json\" class=\"yoast-schema-graph\">{\"@context\":\"https:\/\/schema.org\",\"@graph\":[{\"@type\":\"Article\",\"@id\":\"https:\/\/miradouronoticias.com\/site\/2023\/09\/23\/colsiao-entre-carro-de-passeio-e-carreta-deixa-um-morto-e-uma-idosa-ferida-na-br-116-em-miradouro\/#article\",\"isPartOf\":{\"@id\":\"https:\/\/miradouronoticias.com\/site\/2023\/09\/23\/colsiao-entre-carro-de-passeio-e-carreta-deixa-um-morto-e-uma-idosa-ferida-na-br-116-em-miradouro\/\"},\"author\":{\"name\":\"Cl\u00e1udia Olyver\",\"@id\":\"https:\/\/miradouronoticias.com\/site\/#\/schema\/person\/73440d8c82222950df86f3e1a16aad3b\"},\"headline\":\"Colsi\u00e3o entre carro de passeio e carreta deixa um morto e uma idosa ferida na BR-116 em Miradouro\",\"datePublished\":\"2023-09-23T16:38:56+00:00\",\"dateModified\":\"2023-09-23T16:39:01+00:00\",\"mainEntityOfPage\":{\"@id\":\"https:\/\/miradouronoticias.com\/site\/2023\/09\/23\/colsiao-entre-carro-de-passeio-e-carreta-deixa-um-morto-e-uma-idosa-ferida-na-br-116-em-miradouro\/\"},\"wordCount\":253,\"commentCount\":0,\"publisher\":{\"@id\":\"https:\/\/miradouronoticias.com\/site\/#organization\"},\"image\":{\"@id\":\"https:\/\/miradouronoticias.com\/site\/2023\/09\/23\/colsiao-entre-carro-de-passeio-e-carreta-deixa-um-morto-e-uma-idosa-ferida-na-br-116-em-miradouro\/#primaryimage\"},\"thumbnailUrl\":\"https:\/\/miradouronoticias.com\/site\/wp-content\/uploads\/2023\/09\/Foto-1-com-rosto-1-1.jpeg\",\"articleSection\":[\"Acidente\"],\"inLanguage\":\"pt-BR\",\"potentialAction\":[{\"@type\":\"CommentAction\",\"name\":\"Comment\",\"target\":[\"https:\/\/miradouronoticias.com\/site\/2023\/09\/23\/colsiao-entre-carro-de-passeio-e-carreta-deixa-um-morto-e-uma-idosa-ferida-na-br-116-em-miradouro\/#respond\"]}]},{\"@type\":\"WebPage\",\"@id\":\"https:\/\/miradouronoticias.com\/site\/2023\/09\/23\/colsiao-entre-carro-de-passeio-e-carreta-deixa-um-morto-e-uma-idosa-ferida-na-br-116-em-miradouro\/\",\"url\":\"https:\/\/miradouronoticias.com\/site\/2023\/09\/23\/colsiao-entre-carro-de-passeio-e-carreta-deixa-um-morto-e-uma-idosa-ferida-na-br-116-em-miradouro\/\",\"name\":\"Colsi\u00e3o entre carro de passeio e carreta deixa um morto e uma idosa ferida na BR-116 em Miradouro - Miradouro Not\u00edcias\",\"isPartOf\":{\"@id\":\"https:\/\/miradouronoticias.com\/site\/#website\"},\"primaryImageOfPage\":{\"@id\":\"https:\/\/miradouronoticias.com\/site\/2023\/09\/23\/colsiao-entre-carro-de-passeio-e-carreta-deixa-um-morto-e-uma-idosa-ferida-na-br-116-em-miradouro\/#primaryimage\"},\"image\":{\"@id\":\"https:\/\/miradouronoticias.com\/site\/2023\/09\/23\/colsiao-entre-carro-de-passeio-e-carreta-deixa-um-morto-e-uma-idosa-ferida-na-br-116-em-miradouro\/#primaryimage\"},\"thumbnailUrl\":\"https:\/\/miradouronoticias.com\/site\/wp-content\/uploads\/2023\/09\/Foto-1-com-rosto-1-1.jpeg\",\"datePublished\":\"2023-09-23T16:38:56+00:00\",\"dateModified\":\"2023-09-23T16:39:01+00:00\",\"breadcrumb\":{\"@id\":\"https:\/\/miradouronoticias.com\/site\/2023\/09\/23\/colsiao-entre-carro-de-passeio-e-carreta-deixa-um-morto-e-uma-idosa-ferida-na-br-116-em-miradouro\/#breadcrumb\"},\"inLanguage\":\"pt-BR\",\"potentialAction\":[{\"@type\":\"ReadAction\",\"target\":[\"https:\/\/miradouronoticias.com\/site\/2023\/09\/23\/colsiao-entre-carro-de-passeio-e-carreta-deixa-um-morto-e-uma-idosa-ferida-na-br-116-em-miradouro\/\"]}]},{\"@type\":\"ImageObject\",\"inLanguage\":\"pt-BR\",\"@id\":\"https:\/\/miradouronoticias.com\/site\/2023\/09\/23\/colsiao-entre-carro-de-passeio-e-carreta-deixa-um-morto-e-uma-idosa-ferida-na-br-116-em-miradouro\/#primaryimage\",\"url\":\"https:\/\/miradouronoticias.com\/site\/wp-content\/uploads\/2023\/09\/Foto-1-com-rosto-1-1.jpeg\",\"contentUrl\":\"https:\/\/miradouronoticias.com\/site\/wp-content\/uploads\/2023\/09\/Foto-1-com-rosto-1-1.jpeg\",\"width\":750,\"height\":500,\"caption\":\"O condutor do carro de passeio foi identificado como Julio Dias Felicio de 75 anos\"},{\"@type\":\"BreadcrumbList\",\"@id\":\"https:\/\/miradouronoticias.com\/site\/2023\/09\/23\/colsiao-entre-carro-de-passeio-e-carreta-deixa-um-morto-e-uma-idosa-ferida-na-br-116-em-miradouro\/#breadcrumb\",\"itemListElement\":[{\"@type\":\"ListItem\",\"position\":1,\"name\":\"In\u00edcio\",\"item\":\"https:\/\/miradouronoticias.com\/site\/\"},{\"@type\":\"ListItem\",\"position\":2,\"name\":\"Colsi\u00e3o entre carro de passeio e carreta deixa um morto e uma idosa ferida na BR-116 em Miradouro\"}]},{\"@type\":\"WebSite\",\"@id\":\"https:\/\/miradouronoticias.com\/site\/#website\",\"url\":\"https:\/\/miradouronoticias.com\/site\/\",\"name\":\"Miradouro Not\u00edcias\",\"description\":\"Informa\u00e7\u00f5es da cidade e regi\u00e3o\",\"publisher\":{\"@id\":\"https:\/\/miradouronoticias.com\/site\/#organization\"},\"potentialAction\":[{\"@type\":\"SearchAction\",\"target\":{\"@type\":\"EntryPoint\",\"urlTemplate\":\"https:\/\/miradouronoticias.com\/site\/?s={search_term_string}\"},\"query-input\":{\"@type\":\"PropertyValueSpecification\",\"valueRequired\":true,\"valueName\":\"search_term_string\"}}],\"inLanguage\":\"pt-BR\"},{\"@type\":\"Organization\",\"@id\":\"https:\/\/miradouronoticias.com\/site\/#organization\",\"name\":\"Miradouro Not\u00edcias\",\"url\":\"https:\/\/miradouronoticias.com\/site\/\",\"logo\":{\"@type\":\"ImageObject\",\"inLanguage\":\"pt-BR\",\"@id\":\"https:\/\/miradouronoticias.com\/site\/#\/schema\/logo\/image\/\",\"url\":\"https:\/\/miradouronoticias.com\/site\/wp-content\/uploads\/2022\/01\/logomarcamiradouronoticias.png\",\"contentUrl\":\"https:\/\/miradouronoticias.com\/site\/wp-content\/uploads\/2022\/01\/logomarcamiradouronoticias.png\",\"width\":747,\"height\":263,\"caption\":\"Miradouro Not\u00edcias\"},\"image\":{\"@id\":\"https:\/\/miradouronoticias.com\/site\/#\/schema\/logo\/image\/\"}},{\"@type\":\"Person\",\"@id\":\"https:\/\/miradouronoticias.com\/site\/#\/schema\/person\/73440d8c82222950df86f3e1a16aad3b\",\"name\":\"Cl\u00e1udia Olyver\",\"sameAs\":[\"http:\/\/www.miradouronoticias.com\"],\"url\":\"https:\/\/miradouronoticias.com\/site\/author\/claudia\/\"}]}<\/script>\n<!-- \/ Yoast SEO plugin. -->","yoast_head_json":{"title":"Colsi\u00e3o entre carro de passeio e carreta deixa um morto e uma idosa ferida na BR-116 em Miradouro - Miradouro Not\u00edcias","robots":{"index":"index","follow":"follow","max-snippet":"max-snippet:-1","max-image-preview":"max-image-preview:large","max-video-preview":"max-video-preview:-1"},"canonical":"https:\/\/miradouronoticias.com\/site\/2023\/09\/23\/colsiao-entre-carro-de-passeio-e-carreta-deixa-um-morto-e-uma-idosa-ferida-na-br-116-em-miradouro\/","og_locale":"pt_BR","og_type":"article","og_title":"Colsi\u00e3o entre carro de passeio e carreta deixa um morto e uma idosa ferida na BR-116 em Miradouro - Miradouro Not\u00edcias","og_description":"Um idoso de 75 anos identificado como J\u00falio Dias Fel\u00edcio, morreu na noite desta sexta-feira (22), na BR-116 na cidade de Miradouro. A mulher de 83 anos que estava no banco do carona, foi socorrida consciente para o hospital S\u00e3o Paulo. O condutor da carreta que saiu de Recife com destino a cidade de Extrema, [&hellip;]","og_url":"https:\/\/miradouronoticias.com\/site\/2023\/09\/23\/colsiao-entre-carro-de-passeio-e-carreta-deixa-um-morto-e-uma-idosa-ferida-na-br-116-em-miradouro\/","og_site_name":"Miradouro Not\u00edcias","article_published_time":"2023-09-23T16:38:56+00:00","article_modified_time":"2023-09-23T16:39:01+00:00","og_image":[{"width":750,"height":500,"url":"https:\/\/miradouronoticias.com\/site\/wp-content\/uploads\/2023\/09\/Foto-1-com-rosto-1-1.jpeg","type":"image\/jpeg"}],"author":"Cl\u00e1udia Olyver","twitter_card":"summary_large_image","twitter_misc":{"Escrito por":"Cl\u00e1udia Olyver","Est. tempo de leitura":"1 minuto"},"schema":{"@context":"https:\/\/schema.org","@graph":[{"@type":"Article","@id":"https:\/\/miradouronoticias.com\/site\/2023\/09\/23\/colsiao-entre-carro-de-passeio-e-carreta-deixa-um-morto-e-uma-idosa-ferida-na-br-116-em-miradouro\/#article","isPartOf":{"@id":"https:\/\/miradouronoticias.com\/site\/2023\/09\/23\/colsiao-entre-carro-de-passeio-e-carreta-deixa-um-morto-e-uma-idosa-ferida-na-br-116-em-miradouro\/"},"author":{"name":"Cl\u00e1udia Olyver","@id":"https:\/\/miradouronoticias.com\/site\/#\/schema\/person\/73440d8c82222950df86f3e1a16aad3b"},"headline":"Colsi\u00e3o entre carro de passeio e carreta deixa um morto e uma idosa ferida na BR-116 em Miradouro","datePublished":"2023-09-23T16:38:56+00:00","dateModified":"2023-09-23T16:39:01+00:00","mainEntityOfPage":{"@id":"https:\/\/miradouronoticias.com\/site\/2023\/09\/23\/colsiao-entre-carro-de-passeio-e-carreta-deixa-um-morto-e-uma-idosa-ferida-na-br-116-em-miradouro\/"},"wordCount":253,"commentCount":0,"publisher":{"@id":"https:\/\/miradouronoticias.com\/site\/#organization"},"image":{"@id":"https:\/\/miradouronoticias.com\/site\/2023\/09\/23\/colsiao-entre-carro-de-passeio-e-carreta-deixa-um-morto-e-uma-idosa-ferida-na-br-116-em-miradouro\/#primaryimage"},"thumbnailUrl":"https:\/\/miradouronoticias.com\/site\/wp-content\/uploads\/2023\/09\/Foto-1-com-rosto-1-1.jpeg","articleSection":["Acidente"],"inLanguage":"pt-BR","potentialAction":[{"@type":"CommentAction","name":"Comment","target":["https:\/\/miradouronoticias.com\/site\/2023\/09\/23\/colsiao-entre-carro-de-passeio-e-carreta-deixa-um-morto-e-uma-idosa-ferida-na-br-116-em-miradouro\/#respond"]}]},{"@type":"WebPage","@id":"https:\/\/miradouronoticias.com\/site\/2023\/09\/23\/colsiao-entre-carro-de-passeio-e-carreta-deixa-um-morto-e-uma-idosa-ferida-na-br-116-em-miradouro\/","url":"https:\/\/miradouronoticias.com\/site\/2023\/09\/23\/colsiao-entre-carro-de-passeio-e-carreta-deixa-um-morto-e-uma-idosa-ferida-na-br-116-em-miradouro\/","name":"Colsi\u00e3o entre carro de passeio e carreta deixa um morto e uma idosa ferida na BR-116 em Miradouro - Miradouro Not\u00edcias","isPartOf":{"@id":"https:\/\/miradouronoticias.com\/site\/#website"},"primaryImageOfPage":{"@id":"https:\/\/miradouronoticias.com\/site\/2023\/09\/23\/colsiao-entre-carro-de-passeio-e-carreta-deixa-um-morto-e-uma-idosa-ferida-na-br-116-em-miradouro\/#primaryimage"},"image":{"@id":"https:\/\/miradouronoticias.com\/site\/2023\/09\/23\/colsiao-entre-carro-de-passeio-e-carreta-deixa-um-morto-e-uma-idosa-ferida-na-br-116-em-miradouro\/#primaryimage"},"thumbnailUrl":"https:\/\/miradouronoticias.com\/site\/wp-content\/uploads\/2023\/09\/Foto-1-com-rosto-1-1.jpeg","datePublished":"2023-09-23T16:38:56+00:00","dateModified":"2023-09-23T16:39:01+00:00","breadcrumb":{"@id":"https:\/\/miradouronoticias.com\/site\/2023\/09\/23\/colsiao-entre-carro-de-passeio-e-carreta-deixa-um-morto-e-uma-idosa-ferida-na-br-116-em-miradouro\/#breadcrumb"},"inLanguage":"pt-BR","potentialAction":[{"@type":"ReadAction","target":["https:\/\/miradouronoticias.com\/site\/2023\/09\/23\/colsiao-entre-carro-de-passeio-e-carreta-deixa-um-morto-e-uma-idosa-ferida-na-br-116-em-miradouro\/"]}]},{"@type":"ImageObject","inLanguage":"pt-BR","@id":"https:\/\/miradouronoticias.com\/site\/2023\/09\/23\/colsiao-entre-carro-de-passeio-e-carreta-deixa-um-morto-e-uma-idosa-ferida-na-br-116-em-miradouro\/#primaryimage","url":"https:\/\/miradouronoticias.com\/site\/wp-content\/uploads\/2023\/09\/Foto-1-com-rosto-1-1.jpeg","contentUrl":"https:\/\/miradouronoticias.com\/site\/wp-content\/uploads\/2023\/09\/Foto-1-com-rosto-1-1.jpeg","width":750,"height":500,"caption":"O condutor do carro de passeio foi identificado como Julio Dias Felicio de 75 anos"},{"@type":"BreadcrumbList","@id":"https:\/\/miradouronoticias.com\/site\/2023\/09\/23\/colsiao-entre-carro-de-passeio-e-carreta-deixa-um-morto-e-uma-idosa-ferida-na-br-116-em-miradouro\/#breadcrumb","itemListElement":[{"@type":"ListItem","position":1,"name":"In\u00edcio","item":"https:\/\/miradouronoticias.com\/site\/"},{"@type":"ListItem","position":2,"name":"Colsi\u00e3o entre carro de passeio e carreta deixa um morto e uma idosa ferida na BR-116 em Miradouro"}]},{"@type":"WebSite","@id":"https:\/\/miradouronoticias.com\/site\/#website","url":"https:\/\/miradouronoticias.com\/site\/","name":"Miradouro Not\u00edcias","description":"Informa\u00e7\u00f5es da cidade e regi\u00e3o","publisher":{"@id":"https:\/\/miradouronoticias.com\/site\/#organization"},"potentialAction":[{"@type":"SearchAction","target":{"@type":"EntryPoint","urlTemplate":"https:\/\/miradouronoticias.com\/site\/?s={search_term_string}"},"query-input":{"@type":"PropertyValueSpecification","valueRequired":true,"valueName":"search_term_string"}}],"inLanguage":"pt-BR"},{"@type":"Organization","@id":"https:\/\/miradouronoticias.com\/site\/#organization","name":"Miradouro Not\u00edcias","url":"https:\/\/miradouronoticias.com\/site\/","logo":{"@type":"ImageObject","inLanguage":"pt-BR","@id":"https:\/\/miradouronoticias.com\/site\/#\/schema\/logo\/image\/","url":"https:\/\/miradouronoticias.com\/site\/wp-content\/uploads\/2022\/01\/logomarcamiradouronoticias.png","contentUrl":"https:\/\/miradouronoticias.com\/site\/wp-content\/uploads\/2022\/01\/logomarcamiradouronoticias.png","width":747,"height":263,"caption":"Miradouro Not\u00edcias"},"image":{"@id":"https:\/\/miradouronoticias.com\/site\/#\/schema\/logo\/image\/"}},{"@type":"Person","@id":"https:\/\/miradouronoticias.com\/site\/#\/schema\/person\/73440d8c82222950df86f3e1a16aad3b","name":"Cl\u00e1udia Olyver","sameAs":["http:\/\/www.miradouronoticias.com"],"url":"https:\/\/miradouronoticias.com\/site\/author\/claudia\/"}]}},"_links":{"self":[{"href":"https:\/\/miradouronoticias.com\/site\/wp-json\/wp\/v2\/posts\/18025","targetHints":{"allow":["GET"]}}],"collection":[{"href":"https:\/\/miradouronoticias.com\/site\/wp-json\/wp\/v2\/posts"}],"about":[{"href":"https:\/\/miradouronoticias.com\/site\/wp-json\/wp\/v2\/types\/post"}],"author":[{"embeddable":true,"href":"https:\/\/miradouronoticias.com\/site\/wp-json\/wp\/v2\/users\/4"}],"replies":[{"embeddable":true,"href":"https:\/\/miradouronoticias.com\/site\/wp-json\/wp\/v2\/comments?post=18025"}],"version-history":[{"count":2,"href":"https:\/\/miradouronoticias.com\/site\/wp-json\/wp\/v2\/posts\/18025\/revisions"}],"predecessor-version":[{"id":18034,"href":"https:\/\/miradouronoticias.com\/site\/wp-json\/wp\/v2\/posts\/18025\/revisions\/18034"}],"wp:featuredmedia":[{"embeddable":true,"href":"https:\/\/miradouronoticias.com\/site\/wp-json\/wp\/v2\/media\/18027"}],"wp:attachment":[{"href":"https:\/\/miradouronoticias.com\/site\/wp-json\/wp\/v2\/media?parent=18025"}],"wp:term":[{"taxonomy":"category","embeddable":true,"href":"https:\/\/miradouronoticias.com\/site\/wp-json\/wp\/v2\/categories?post=18025"},{"taxonomy":"post_tag","embeddable":true,"href":"https:\/\/miradouronoticias.com\/site\/wp-json\/wp\/v2\/tags?post=18025"}],"curies":[{"name":"wp","href":"https:\/\/api.w.org\/{rel}","templated":true}]}}