{"id":17916,"date":"2023-09-20T02:11:03","date_gmt":"2023-09-20T05:11:03","guid":{"rendered":"https:\/\/miradouronoticias.com\/site\/?p=17916"},"modified":"2023-09-20T02:11:03","modified_gmt":"2023-09-20T05:11:03","slug":"bombeiros-atendem-ocorrencia-de-acidente-automobilistico-com-vitima-fatal-na-br-265","status":"publish","type":"post","link":"https:\/\/miradouronoticias.com\/site\/2023\/09\/20\/bombeiros-atendem-ocorrencia-de-acidente-automobilistico-com-vitima-fatal-na-br-265\/","title":{"rendered":"Bombeiros atendem ocorr\u00eancia de acidente automobil\u00edstico com v\u00edtima fatal na BR 265"},"content":{"rendered":"<p>Homem de 74 anos ficou preso entre as ferragens ap\u00f3s colis\u00e3o frontal com uma carreta_<\/p>\n<p>Militares do Corpo de Bombeiros de S\u00e3o Jo\u00e3o del-Rei foram acionados, na tarde desta segunda-feira, dia 18, para o atendimento de ocorr\u00eancia de acidente automobil\u00edstico no Km 245 da BR 265, pr\u00f3ximo \u00e0 Comunidade do Elvas, em Tiradentes. No local, um Palio que seguia sentido Tiradentes\/Barbacena colidiu de frente com uma carreta com carga de cimento que seguia no sentido contr\u00e1rio. Com o impacto da batida, um homem de 74 anos que estava no banco do carona veio a \u00f3bito. A motorista, que seria esposa da v\u00edtima, sofreu ferimentos e foi encaminhada para a Unidade de Pronto Atendimento de S\u00e3o Jo\u00e3o del-Rei por uma Unidade do SAMU. O condutor do caminh\u00e3o n\u00e3o sofreu ferimentos.<\/p>\n<p>De acordo com o Sargento \u00c1vila, chefe da equipe de Bombeiros que atendeu a ocorr\u00eancia, &#8220;No momento da nossa chegada, a condutora j\u00e1 tinha sido levada para atendimento m\u00e9dico e o homem j\u00e1 tinha tido \u00f3bito constatado pelo m\u00e9dico. Ele sofreu trauma de cr\u00e2nio e ficou preso entre as ferragens. Ap\u00f3s os trabalhos periciais, n\u00f3s for\u00e7amos a abertura da porta e, ap\u00f3s reclinarmos o banco, conseguimos retir\u00e1-lo de dentro do carro&#8221;. Ainda de acordo com os Bombeiros, a v\u00edtima foi repassada para o servi\u00e7o funer\u00e1rio. Sobre as causas, \u00c1vila afirma que &#8220;Houve uma colis\u00e3o frontal com um forte impacto em um trecho de curva, o que sugere que um dos ve\u00edculos tenha perdido o controle. Por\u00e9m, somente o laudo da Per\u00edcia da Pol\u00edcia Civil poder\u00e1 dizer o que de fato aconteceu&#8221;<\/p>\n<p>_Equipe que atendeu a ocorr\u00eancia: Sargento \u00c1vila, Cabo Sena e Soldado Laurentino_<\/p>\n<p><img loading=\"lazy\" decoding=\"async\" class=\"alignnone size-medium wp-image-17917\" src=\"https:\/\/miradouronoticias.com\/site\/wp-content\/uploads\/2023\/09\/IMG-20230919-WA0449-300x139.jpg\" alt=\"\" width=\"300\" height=\"139\" srcset=\"https:\/\/miradouronoticias.com\/site\/wp-content\/uploads\/2023\/09\/IMG-20230919-WA0449-300x139.jpg 300w, https:\/\/miradouronoticias.com\/site\/wp-content\/uploads\/2023\/09\/IMG-20230919-WA0449-1024x473.jpg 1024w, https:\/\/miradouronoticias.com\/site\/wp-content\/uploads\/2023\/09\/IMG-20230919-WA0449-768x355.jpg 768w, https:\/\/miradouronoticias.com\/site\/wp-content\/uploads\/2023\/09\/IMG-20230919-WA0449-1536x709.jpg 1536w, https:\/\/miradouronoticias.com\/site\/wp-content\/uploads\/2023\/09\/IMG-20230919-WA0449.jpg 1600w\" sizes=\"auto, (max-width: 300px) 100vw, 300px\" \/> <img loading=\"lazy\" decoding=\"async\" class=\"alignnone size-medium wp-image-17918\" src=\"https:\/\/miradouronoticias.com\/site\/wp-content\/uploads\/2023\/09\/IMG-20230919-WA0452-300x139.jpg\" alt=\"\" width=\"300\" height=\"139\" srcset=\"https:\/\/miradouronoticias.com\/site\/wp-content\/uploads\/2023\/09\/IMG-20230919-WA0452-300x139.jpg 300w, https:\/\/miradouronoticias.com\/site\/wp-content\/uploads\/2023\/09\/IMG-20230919-WA0452-1024x473.jpg 1024w, https:\/\/miradouronoticias.com\/site\/wp-content\/uploads\/2023\/09\/IMG-20230919-WA0452-768x355.jpg 768w, https:\/\/miradouronoticias.com\/site\/wp-content\/uploads\/2023\/09\/IMG-20230919-WA0452-1536x709.jpg 1536w, https:\/\/miradouronoticias.com\/site\/wp-content\/uploads\/2023\/09\/IMG-20230919-WA0452.jpg 1600w\" sizes=\"auto, (max-width: 300px) 100vw, 300px\" \/> <img loading=\"lazy\" decoding=\"async\" class=\"alignnone size-medium wp-image-17919\" src=\"https:\/\/miradouronoticias.com\/site\/wp-content\/uploads\/2023\/09\/IMG-20230919-WA0451-300x139.jpg\" alt=\"\" width=\"300\" height=\"139\" srcset=\"https:\/\/miradouronoticias.com\/site\/wp-content\/uploads\/2023\/09\/IMG-20230919-WA0451-300x139.jpg 300w, https:\/\/miradouronoticias.com\/site\/wp-content\/uploads\/2023\/09\/IMG-20230919-WA0451-1024x473.jpg 1024w, https:\/\/miradouronoticias.com\/site\/wp-content\/uploads\/2023\/09\/IMG-20230919-WA0451-768x355.jpg 768w, https:\/\/miradouronoticias.com\/site\/wp-content\/uploads\/2023\/09\/IMG-20230919-WA0451-1536x709.jpg 1536w, https:\/\/miradouronoticias.com\/site\/wp-content\/uploads\/2023\/09\/IMG-20230919-WA0451.jpg 1600w\" sizes=\"auto, (max-width: 300px) 100vw, 300px\" \/> <img loading=\"lazy\" decoding=\"async\" class=\"alignnone size-medium wp-image-17920\" src=\"https:\/\/miradouronoticias.com\/site\/wp-content\/uploads\/2023\/09\/IMG-20230919-WA0450-300x139.jpg\" alt=\"\" width=\"300\" height=\"139\" srcset=\"https:\/\/miradouronoticias.com\/site\/wp-content\/uploads\/2023\/09\/IMG-20230919-WA0450-300x139.jpg 300w, https:\/\/miradouronoticias.com\/site\/wp-content\/uploads\/2023\/09\/IMG-20230919-WA0450-1024x473.jpg 1024w, https:\/\/miradouronoticias.com\/site\/wp-content\/uploads\/2023\/09\/IMG-20230919-WA0450-768x355.jpg 768w, https:\/\/miradouronoticias.com\/site\/wp-content\/uploads\/2023\/09\/IMG-20230919-WA0450-1536x709.jpg 1536w, https:\/\/miradouronoticias.com\/site\/wp-content\/uploads\/2023\/09\/IMG-20230919-WA0450.jpg 1600w\" sizes=\"auto, (max-width: 300px) 100vw, 300px\" \/><\/p>\n<h6><strong>Fonte: Bombeiros<\/strong><\/h6>\n<hr \/>\n<p><strong><span style=\"color: #ff0000;\">By: miradouronoticias.com.br<\/span><\/strong><\/p>\n","protected":false},"excerpt":{"rendered":"<p>Homem de 74 anos ficou preso entre as ferragens ap\u00f3s colis\u00e3o frontal com uma carreta_ Militares do Corpo de Bombeiros de S\u00e3o Jo\u00e3o del-Rei foram acionados, na tarde desta segunda-feira, dia 18, para o atendimento de ocorr\u00eancia de acidente automobil\u00edstico no Km 245 da BR 265, pr\u00f3ximo \u00e0 Comunidade do Elvas, em Tiradentes. No local, [&hellip;]<\/p>\n","protected":false},"author":4,"featured_media":17917,"comment_status":"open","ping_status":"open","sticky":false,"template":"","format":"standard","meta":{"footnotes":""},"categories":[24,12],"tags":[],"class_list":["post-17916","post","type-post","status-publish","format-standard","has-post-thumbnail","hentry","category-acidente","category-destaque-4"],"yoast_head":"<!-- This site is optimized with the Yoast SEO plugin v27.2 - https:\/\/yoast.com\/product\/yoast-seo-wordpress\/ -->\n<title>Bombeiros atendem ocorr\u00eancia de acidente automobil\u00edstico com v\u00edtima fatal na BR 265 - Miradouro Not\u00edcias<\/title>\n<meta name=\"robots\" content=\"index, follow, max-snippet:-1, max-image-preview:large, max-video-preview:-1\" \/>\n<link rel=\"canonical\" href=\"https:\/\/miradouronoticias.com\/site\/2023\/09\/20\/bombeiros-atendem-ocorrencia-de-acidente-automobilistico-com-vitima-fatal-na-br-265\/\" \/>\n<meta property=\"og:locale\" content=\"pt_BR\" \/>\n<meta property=\"og:type\" content=\"article\" \/>\n<meta property=\"og:title\" content=\"Bombeiros atendem ocorr\u00eancia de acidente automobil\u00edstico com v\u00edtima fatal na BR 265 - Miradouro Not\u00edcias\" \/>\n<meta property=\"og:description\" content=\"Homem de 74 anos ficou preso entre as ferragens ap\u00f3s colis\u00e3o frontal com uma carreta_ Militares do Corpo de Bombeiros de S\u00e3o Jo\u00e3o del-Rei foram acionados, na tarde desta segunda-feira, dia 18, para o atendimento de ocorr\u00eancia de acidente automobil\u00edstico no Km 245 da BR 265, pr\u00f3ximo \u00e0 Comunidade do Elvas, em Tiradentes. No local, [&hellip;]\" \/>\n<meta property=\"og:url\" content=\"https:\/\/miradouronoticias.com\/site\/2023\/09\/20\/bombeiros-atendem-ocorrencia-de-acidente-automobilistico-com-vitima-fatal-na-br-265\/\" \/>\n<meta property=\"og:site_name\" content=\"Miradouro Not\u00edcias\" \/>\n<meta property=\"article:published_time\" content=\"2023-09-20T05:11:03+00:00\" \/>\n<meta property=\"og:image\" content=\"https:\/\/miradouronoticias.com\/site\/wp-content\/uploads\/2023\/09\/IMG-20230919-WA0449.jpg\" \/>\n\t<meta property=\"og:image:width\" content=\"1600\" \/>\n\t<meta property=\"og:image:height\" content=\"739\" \/>\n\t<meta property=\"og:image:type\" content=\"image\/jpeg\" \/>\n<meta name=\"author\" content=\"Cl\u00e1udia Olyver\" \/>\n<meta name=\"twitter:card\" content=\"summary_large_image\" \/>\n<meta name=\"twitter:label1\" content=\"Escrito por\" \/>\n\t<meta name=\"twitter:data1\" content=\"Cl\u00e1udia Olyver\" \/>\n\t<meta name=\"twitter:label2\" content=\"Est. tempo de leitura\" \/>\n\t<meta name=\"twitter:data2\" content=\"2 minutos\" \/>\n<script type=\"application\/ld+json\" class=\"yoast-schema-graph\">{\"@context\":\"https:\/\/schema.org\",\"@graph\":[{\"@type\":\"Article\",\"@id\":\"https:\/\/miradouronoticias.com\/site\/2023\/09\/20\/bombeiros-atendem-ocorrencia-de-acidente-automobilistico-com-vitima-fatal-na-br-265\/#article\",\"isPartOf\":{\"@id\":\"https:\/\/miradouronoticias.com\/site\/2023\/09\/20\/bombeiros-atendem-ocorrencia-de-acidente-automobilistico-com-vitima-fatal-na-br-265\/\"},\"author\":{\"name\":\"Cl\u00e1udia Olyver\",\"@id\":\"https:\/\/miradouronoticias.com\/site\/#\/schema\/person\/73440d8c82222950df86f3e1a16aad3b\"},\"headline\":\"Bombeiros atendem ocorr\u00eancia de acidente automobil\u00edstico com v\u00edtima fatal na BR 265\",\"datePublished\":\"2023-09-20T05:11:03+00:00\",\"mainEntityOfPage\":{\"@id\":\"https:\/\/miradouronoticias.com\/site\/2023\/09\/20\/bombeiros-atendem-ocorrencia-de-acidente-automobilistico-com-vitima-fatal-na-br-265\/\"},\"wordCount\":318,\"commentCount\":0,\"publisher\":{\"@id\":\"https:\/\/miradouronoticias.com\/site\/#organization\"},\"image\":{\"@id\":\"https:\/\/miradouronoticias.com\/site\/2023\/09\/20\/bombeiros-atendem-ocorrencia-de-acidente-automobilistico-com-vitima-fatal-na-br-265\/#primaryimage\"},\"thumbnailUrl\":\"https:\/\/miradouronoticias.com\/site\/wp-content\/uploads\/2023\/09\/IMG-20230919-WA0449.jpg\",\"articleSection\":[\"Acidente\",\"Destaque 4\"],\"inLanguage\":\"pt-BR\",\"potentialAction\":[{\"@type\":\"CommentAction\",\"name\":\"Comment\",\"target\":[\"https:\/\/miradouronoticias.com\/site\/2023\/09\/20\/bombeiros-atendem-ocorrencia-de-acidente-automobilistico-com-vitima-fatal-na-br-265\/#respond\"]}]},{\"@type\":\"WebPage\",\"@id\":\"https:\/\/miradouronoticias.com\/site\/2023\/09\/20\/bombeiros-atendem-ocorrencia-de-acidente-automobilistico-com-vitima-fatal-na-br-265\/\",\"url\":\"https:\/\/miradouronoticias.com\/site\/2023\/09\/20\/bombeiros-atendem-ocorrencia-de-acidente-automobilistico-com-vitima-fatal-na-br-265\/\",\"name\":\"Bombeiros atendem ocorr\u00eancia de acidente automobil\u00edstico com v\u00edtima fatal na BR 265 - Miradouro Not\u00edcias\",\"isPartOf\":{\"@id\":\"https:\/\/miradouronoticias.com\/site\/#website\"},\"primaryImageOfPage\":{\"@id\":\"https:\/\/miradouronoticias.com\/site\/2023\/09\/20\/bombeiros-atendem-ocorrencia-de-acidente-automobilistico-com-vitima-fatal-na-br-265\/#primaryimage\"},\"image\":{\"@id\":\"https:\/\/miradouronoticias.com\/site\/2023\/09\/20\/bombeiros-atendem-ocorrencia-de-acidente-automobilistico-com-vitima-fatal-na-br-265\/#primaryimage\"},\"thumbnailUrl\":\"https:\/\/miradouronoticias.com\/site\/wp-content\/uploads\/2023\/09\/IMG-20230919-WA0449.jpg\",\"datePublished\":\"2023-09-20T05:11:03+00:00\",\"breadcrumb\":{\"@id\":\"https:\/\/miradouronoticias.com\/site\/2023\/09\/20\/bombeiros-atendem-ocorrencia-de-acidente-automobilistico-com-vitima-fatal-na-br-265\/#breadcrumb\"},\"inLanguage\":\"pt-BR\",\"potentialAction\":[{\"@type\":\"ReadAction\",\"target\":[\"https:\/\/miradouronoticias.com\/site\/2023\/09\/20\/bombeiros-atendem-ocorrencia-de-acidente-automobilistico-com-vitima-fatal-na-br-265\/\"]}]},{\"@type\":\"ImageObject\",\"inLanguage\":\"pt-BR\",\"@id\":\"https:\/\/miradouronoticias.com\/site\/2023\/09\/20\/bombeiros-atendem-ocorrencia-de-acidente-automobilistico-com-vitima-fatal-na-br-265\/#primaryimage\",\"url\":\"https:\/\/miradouronoticias.com\/site\/wp-content\/uploads\/2023\/09\/IMG-20230919-WA0449.jpg\",\"contentUrl\":\"https:\/\/miradouronoticias.com\/site\/wp-content\/uploads\/2023\/09\/IMG-20230919-WA0449.jpg\",\"width\":1600,\"height\":739},{\"@type\":\"BreadcrumbList\",\"@id\":\"https:\/\/miradouronoticias.com\/site\/2023\/09\/20\/bombeiros-atendem-ocorrencia-de-acidente-automobilistico-com-vitima-fatal-na-br-265\/#breadcrumb\",\"itemListElement\":[{\"@type\":\"ListItem\",\"position\":1,\"name\":\"In\u00edcio\",\"item\":\"https:\/\/miradouronoticias.com\/site\/\"},{\"@type\":\"ListItem\",\"position\":2,\"name\":\"Bombeiros atendem ocorr\u00eancia de acidente automobil\u00edstico com v\u00edtima fatal na BR 265\"}]},{\"@type\":\"WebSite\",\"@id\":\"https:\/\/miradouronoticias.com\/site\/#website\",\"url\":\"https:\/\/miradouronoticias.com\/site\/\",\"name\":\"Miradouro Not\u00edcias\",\"description\":\"Informa\u00e7\u00f5es da cidade e regi\u00e3o\",\"publisher\":{\"@id\":\"https:\/\/miradouronoticias.com\/site\/#organization\"},\"potentialAction\":[{\"@type\":\"SearchAction\",\"target\":{\"@type\":\"EntryPoint\",\"urlTemplate\":\"https:\/\/miradouronoticias.com\/site\/?s={search_term_string}\"},\"query-input\":{\"@type\":\"PropertyValueSpecification\",\"valueRequired\":true,\"valueName\":\"search_term_string\"}}],\"inLanguage\":\"pt-BR\"},{\"@type\":\"Organization\",\"@id\":\"https:\/\/miradouronoticias.com\/site\/#organization\",\"name\":\"Miradouro Not\u00edcias\",\"url\":\"https:\/\/miradouronoticias.com\/site\/\",\"logo\":{\"@type\":\"ImageObject\",\"inLanguage\":\"pt-BR\",\"@id\":\"https:\/\/miradouronoticias.com\/site\/#\/schema\/logo\/image\/\",\"url\":\"https:\/\/miradouronoticias.com\/site\/wp-content\/uploads\/2022\/01\/logomarcamiradouronoticias.png\",\"contentUrl\":\"https:\/\/miradouronoticias.com\/site\/wp-content\/uploads\/2022\/01\/logomarcamiradouronoticias.png\",\"width\":747,\"height\":263,\"caption\":\"Miradouro Not\u00edcias\"},\"image\":{\"@id\":\"https:\/\/miradouronoticias.com\/site\/#\/schema\/logo\/image\/\"}},{\"@type\":\"Person\",\"@id\":\"https:\/\/miradouronoticias.com\/site\/#\/schema\/person\/73440d8c82222950df86f3e1a16aad3b\",\"name\":\"Cl\u00e1udia Olyver\",\"sameAs\":[\"http:\/\/www.miradouronoticias.com\"],\"url\":\"https:\/\/miradouronoticias.com\/site\/author\/claudia\/\"}]}<\/script>\n<!-- \/ Yoast SEO plugin. -->","yoast_head_json":{"title":"Bombeiros atendem ocorr\u00eancia de acidente automobil\u00edstico com v\u00edtima fatal na BR 265 - Miradouro Not\u00edcias","robots":{"index":"index","follow":"follow","max-snippet":"max-snippet:-1","max-image-preview":"max-image-preview:large","max-video-preview":"max-video-preview:-1"},"canonical":"https:\/\/miradouronoticias.com\/site\/2023\/09\/20\/bombeiros-atendem-ocorrencia-de-acidente-automobilistico-com-vitima-fatal-na-br-265\/","og_locale":"pt_BR","og_type":"article","og_title":"Bombeiros atendem ocorr\u00eancia de acidente automobil\u00edstico com v\u00edtima fatal na BR 265 - Miradouro Not\u00edcias","og_description":"Homem de 74 anos ficou preso entre as ferragens ap\u00f3s colis\u00e3o frontal com uma carreta_ Militares do Corpo de Bombeiros de S\u00e3o Jo\u00e3o del-Rei foram acionados, na tarde desta segunda-feira, dia 18, para o atendimento de ocorr\u00eancia de acidente automobil\u00edstico no Km 245 da BR 265, pr\u00f3ximo \u00e0 Comunidade do Elvas, em Tiradentes. No local, [&hellip;]","og_url":"https:\/\/miradouronoticias.com\/site\/2023\/09\/20\/bombeiros-atendem-ocorrencia-de-acidente-automobilistico-com-vitima-fatal-na-br-265\/","og_site_name":"Miradouro Not\u00edcias","article_published_time":"2023-09-20T05:11:03+00:00","og_image":[{"width":1600,"height":739,"url":"https:\/\/miradouronoticias.com\/site\/wp-content\/uploads\/2023\/09\/IMG-20230919-WA0449.jpg","type":"image\/jpeg"}],"author":"Cl\u00e1udia Olyver","twitter_card":"summary_large_image","twitter_misc":{"Escrito por":"Cl\u00e1udia Olyver","Est. tempo de leitura":"2 minutos"},"schema":{"@context":"https:\/\/schema.org","@graph":[{"@type":"Article","@id":"https:\/\/miradouronoticias.com\/site\/2023\/09\/20\/bombeiros-atendem-ocorrencia-de-acidente-automobilistico-com-vitima-fatal-na-br-265\/#article","isPartOf":{"@id":"https:\/\/miradouronoticias.com\/site\/2023\/09\/20\/bombeiros-atendem-ocorrencia-de-acidente-automobilistico-com-vitima-fatal-na-br-265\/"},"author":{"name":"Cl\u00e1udia Olyver","@id":"https:\/\/miradouronoticias.com\/site\/#\/schema\/person\/73440d8c82222950df86f3e1a16aad3b"},"headline":"Bombeiros atendem ocorr\u00eancia de acidente automobil\u00edstico com v\u00edtima fatal na BR 265","datePublished":"2023-09-20T05:11:03+00:00","mainEntityOfPage":{"@id":"https:\/\/miradouronoticias.com\/site\/2023\/09\/20\/bombeiros-atendem-ocorrencia-de-acidente-automobilistico-com-vitima-fatal-na-br-265\/"},"wordCount":318,"commentCount":0,"publisher":{"@id":"https:\/\/miradouronoticias.com\/site\/#organization"},"image":{"@id":"https:\/\/miradouronoticias.com\/site\/2023\/09\/20\/bombeiros-atendem-ocorrencia-de-acidente-automobilistico-com-vitima-fatal-na-br-265\/#primaryimage"},"thumbnailUrl":"https:\/\/miradouronoticias.com\/site\/wp-content\/uploads\/2023\/09\/IMG-20230919-WA0449.jpg","articleSection":["Acidente","Destaque 4"],"inLanguage":"pt-BR","potentialAction":[{"@type":"CommentAction","name":"Comment","target":["https:\/\/miradouronoticias.com\/site\/2023\/09\/20\/bombeiros-atendem-ocorrencia-de-acidente-automobilistico-com-vitima-fatal-na-br-265\/#respond"]}]},{"@type":"WebPage","@id":"https:\/\/miradouronoticias.com\/site\/2023\/09\/20\/bombeiros-atendem-ocorrencia-de-acidente-automobilistico-com-vitima-fatal-na-br-265\/","url":"https:\/\/miradouronoticias.com\/site\/2023\/09\/20\/bombeiros-atendem-ocorrencia-de-acidente-automobilistico-com-vitima-fatal-na-br-265\/","name":"Bombeiros atendem ocorr\u00eancia de acidente automobil\u00edstico com v\u00edtima fatal na BR 265 - Miradouro Not\u00edcias","isPartOf":{"@id":"https:\/\/miradouronoticias.com\/site\/#website"},"primaryImageOfPage":{"@id":"https:\/\/miradouronoticias.com\/site\/2023\/09\/20\/bombeiros-atendem-ocorrencia-de-acidente-automobilistico-com-vitima-fatal-na-br-265\/#primaryimage"},"image":{"@id":"https:\/\/miradouronoticias.com\/site\/2023\/09\/20\/bombeiros-atendem-ocorrencia-de-acidente-automobilistico-com-vitima-fatal-na-br-265\/#primaryimage"},"thumbnailUrl":"https:\/\/miradouronoticias.com\/site\/wp-content\/uploads\/2023\/09\/IMG-20230919-WA0449.jpg","datePublished":"2023-09-20T05:11:03+00:00","breadcrumb":{"@id":"https:\/\/miradouronoticias.com\/site\/2023\/09\/20\/bombeiros-atendem-ocorrencia-de-acidente-automobilistico-com-vitima-fatal-na-br-265\/#breadcrumb"},"inLanguage":"pt-BR","potentialAction":[{"@type":"ReadAction","target":["https:\/\/miradouronoticias.com\/site\/2023\/09\/20\/bombeiros-atendem-ocorrencia-de-acidente-automobilistico-com-vitima-fatal-na-br-265\/"]}]},{"@type":"ImageObject","inLanguage":"pt-BR","@id":"https:\/\/miradouronoticias.com\/site\/2023\/09\/20\/bombeiros-atendem-ocorrencia-de-acidente-automobilistico-com-vitima-fatal-na-br-265\/#primaryimage","url":"https:\/\/miradouronoticias.com\/site\/wp-content\/uploads\/2023\/09\/IMG-20230919-WA0449.jpg","contentUrl":"https:\/\/miradouronoticias.com\/site\/wp-content\/uploads\/2023\/09\/IMG-20230919-WA0449.jpg","width":1600,"height":739},{"@type":"BreadcrumbList","@id":"https:\/\/miradouronoticias.com\/site\/2023\/09\/20\/bombeiros-atendem-ocorrencia-de-acidente-automobilistico-com-vitima-fatal-na-br-265\/#breadcrumb","itemListElement":[{"@type":"ListItem","position":1,"name":"In\u00edcio","item":"https:\/\/miradouronoticias.com\/site\/"},{"@type":"ListItem","position":2,"name":"Bombeiros atendem ocorr\u00eancia de acidente automobil\u00edstico com v\u00edtima fatal na BR 265"}]},{"@type":"WebSite","@id":"https:\/\/miradouronoticias.com\/site\/#website","url":"https:\/\/miradouronoticias.com\/site\/","name":"Miradouro Not\u00edcias","description":"Informa\u00e7\u00f5es da cidade e regi\u00e3o","publisher":{"@id":"https:\/\/miradouronoticias.com\/site\/#organization"},"potentialAction":[{"@type":"SearchAction","target":{"@type":"EntryPoint","urlTemplate":"https:\/\/miradouronoticias.com\/site\/?s={search_term_string}"},"query-input":{"@type":"PropertyValueSpecification","valueRequired":true,"valueName":"search_term_string"}}],"inLanguage":"pt-BR"},{"@type":"Organization","@id":"https:\/\/miradouronoticias.com\/site\/#organization","name":"Miradouro Not\u00edcias","url":"https:\/\/miradouronoticias.com\/site\/","logo":{"@type":"ImageObject","inLanguage":"pt-BR","@id":"https:\/\/miradouronoticias.com\/site\/#\/schema\/logo\/image\/","url":"https:\/\/miradouronoticias.com\/site\/wp-content\/uploads\/2022\/01\/logomarcamiradouronoticias.png","contentUrl":"https:\/\/miradouronoticias.com\/site\/wp-content\/uploads\/2022\/01\/logomarcamiradouronoticias.png","width":747,"height":263,"caption":"Miradouro Not\u00edcias"},"image":{"@id":"https:\/\/miradouronoticias.com\/site\/#\/schema\/logo\/image\/"}},{"@type":"Person","@id":"https:\/\/miradouronoticias.com\/site\/#\/schema\/person\/73440d8c82222950df86f3e1a16aad3b","name":"Cl\u00e1udia Olyver","sameAs":["http:\/\/www.miradouronoticias.com"],"url":"https:\/\/miradouronoticias.com\/site\/author\/claudia\/"}]}},"_links":{"self":[{"href":"https:\/\/miradouronoticias.com\/site\/wp-json\/wp\/v2\/posts\/17916","targetHints":{"allow":["GET"]}}],"collection":[{"href":"https:\/\/miradouronoticias.com\/site\/wp-json\/wp\/v2\/posts"}],"about":[{"href":"https:\/\/miradouronoticias.com\/site\/wp-json\/wp\/v2\/types\/post"}],"author":[{"embeddable":true,"href":"https:\/\/miradouronoticias.com\/site\/wp-json\/wp\/v2\/users\/4"}],"replies":[{"embeddable":true,"href":"https:\/\/miradouronoticias.com\/site\/wp-json\/wp\/v2\/comments?post=17916"}],"version-history":[{"count":1,"href":"https:\/\/miradouronoticias.com\/site\/wp-json\/wp\/v2\/posts\/17916\/revisions"}],"predecessor-version":[{"id":17921,"href":"https:\/\/miradouronoticias.com\/site\/wp-json\/wp\/v2\/posts\/17916\/revisions\/17921"}],"wp:featuredmedia":[{"embeddable":true,"href":"https:\/\/miradouronoticias.com\/site\/wp-json\/wp\/v2\/media\/17917"}],"wp:attachment":[{"href":"https:\/\/miradouronoticias.com\/site\/wp-json\/wp\/v2\/media?parent=17916"}],"wp:term":[{"taxonomy":"category","embeddable":true,"href":"https:\/\/miradouronoticias.com\/site\/wp-json\/wp\/v2\/categories?post=17916"},{"taxonomy":"post_tag","embeddable":true,"href":"https:\/\/miradouronoticias.com\/site\/wp-json\/wp\/v2\/tags?post=17916"}],"curies":[{"name":"wp","href":"https:\/\/api.w.org\/{rel}","templated":true}]}}