{"id":17845,"date":"2023-09-19T13:32:40","date_gmt":"2023-09-19T16:32:40","guid":{"rendered":"https:\/\/miradouronoticias.com\/site\/?p=17845"},"modified":"2023-09-19T13:32:40","modified_gmt":"2023-09-19T16:32:40","slug":"acidente-deixa-motociclista-ferido-no-trevo-do-gaspar-e-motorista-foge-do-local","status":"publish","type":"post","link":"https:\/\/miradouronoticias.com\/site\/2023\/09\/19\/acidente-deixa-motociclista-ferido-no-trevo-do-gaspar-e-motorista-foge-do-local\/","title":{"rendered":"Acidente deixa motociclista ferido no Trevo do Gaspar e motorista foge do local"},"content":{"rendered":"<p>Uma colis\u00e3o ocorrida nesta ter\u00e7a-feira (19) deixou um motociclista ferido. O acidente aconteceu na BR-116, na altura do Trevo do bairro Gaspar.<\/p>\n<p>Segundo informa\u00e7\u00f5es repassadas pelo Corpo de Bombeiros, o motociclista vinha de Miradouro sentido Muria\u00e9, quando foi surpreendido por um carro que realizava a convers\u00e3o para entrar no bairro Gaspar. Ap\u00f3s o choque entre os dois ve\u00edculos, o motorista n\u00e3o parou para prestar socorro e fugiu do local. Ele s\u00f3 n\u00e3o imaginava que a placa do carro arrebentasse e permanecesse no local.<\/p>\n<p>Uma equipe do SAMU auxiliou no resgate e levou o rapaz para o Hospital S\u00e3o Paulo com diversas escoria\u00e7\u00f5es pelo corpo.<\/p>\n<p>A Pol\u00edcia Rodovi\u00e1ria Federal tamb\u00e9m compareceu, sinalizou a via e registrou o acidente.<\/p>\n<p>Ainda segundo o Sargento Saulo do Corpo de Bombeiros, nos \u00faltimos meses, cresceu o n\u00famero de acidentes na BR-116. A orienta\u00e7\u00e3o \u00e9 para que os condutores redobrem a aten\u00e7\u00e3o ao passar pela rodovia, principalmente pr\u00f3ximos aos trevos.<\/p>\n<p><img loading=\"lazy\" decoding=\"async\" class=\"alignnone size-medium wp-image-17848\" src=\"https:\/\/miradouronoticias.com\/site\/wp-content\/uploads\/2023\/09\/07-4-300x200.jpeg\" alt=\"\" width=\"300\" height=\"200\" srcset=\"https:\/\/miradouronoticias.com\/site\/wp-content\/uploads\/2023\/09\/07-4-300x200.jpeg 300w, https:\/\/miradouronoticias.com\/site\/wp-content\/uploads\/2023\/09\/07-4.jpeg 750w\" sizes=\"auto, (max-width: 300px) 100vw, 300px\" \/><img loading=\"lazy\" decoding=\"async\" class=\"alignnone size-medium wp-image-17849\" src=\"https:\/\/miradouronoticias.com\/site\/wp-content\/uploads\/2023\/09\/06-4-300x200.jpeg\" alt=\"\" width=\"300\" height=\"200\" srcset=\"https:\/\/miradouronoticias.com\/site\/wp-content\/uploads\/2023\/09\/06-4-300x200.jpeg 300w, https:\/\/miradouronoticias.com\/site\/wp-content\/uploads\/2023\/09\/06-4.jpeg 750w\" sizes=\"auto, (max-width: 300px) 100vw, 300px\" \/><img loading=\"lazy\" decoding=\"async\" class=\"alignnone size-medium wp-image-17850\" src=\"https:\/\/miradouronoticias.com\/site\/wp-content\/uploads\/2023\/09\/05-6-300x200.jpeg\" alt=\"\" width=\"300\" height=\"200\" srcset=\"https:\/\/miradouronoticias.com\/site\/wp-content\/uploads\/2023\/09\/05-6-300x200.jpeg 300w, https:\/\/miradouronoticias.com\/site\/wp-content\/uploads\/2023\/09\/05-6.jpeg 750w\" sizes=\"auto, (max-width: 300px) 100vw, 300px\" \/><img loading=\"lazy\" decoding=\"async\" class=\"alignnone size-medium wp-image-17851\" src=\"https:\/\/miradouronoticias.com\/site\/wp-content\/uploads\/2023\/09\/08-3-300x200.jpeg\" alt=\"\" width=\"300\" height=\"200\" srcset=\"https:\/\/miradouronoticias.com\/site\/wp-content\/uploads\/2023\/09\/08-3-300x200.jpeg 300w, https:\/\/miradouronoticias.com\/site\/wp-content\/uploads\/2023\/09\/08-3-768x512.jpeg 768w, https:\/\/miradouronoticias.com\/site\/wp-content\/uploads\/2023\/09\/08-3.jpeg 963w\" sizes=\"auto, (max-width: 300px) 100vw, 300px\" \/><img loading=\"lazy\" decoding=\"async\" class=\"alignnone size-medium wp-image-17852\" src=\"https:\/\/miradouronoticias.com\/site\/wp-content\/uploads\/2023\/09\/02-15-1-300x200.jpeg\" alt=\"\" width=\"300\" height=\"200\" srcset=\"https:\/\/miradouronoticias.com\/site\/wp-content\/uploads\/2023\/09\/02-15-1-300x200.jpeg 300w, https:\/\/miradouronoticias.com\/site\/wp-content\/uploads\/2023\/09\/02-15-1.jpeg 750w\" sizes=\"auto, (max-width: 300px) 100vw, 300px\" \/><img loading=\"lazy\" decoding=\"async\" class=\"alignnone size-medium wp-image-17853\" src=\"https:\/\/miradouronoticias.com\/site\/wp-content\/uploads\/2023\/09\/03-9-1-300x200.jpeg\" alt=\"\" width=\"300\" height=\"200\" srcset=\"https:\/\/miradouronoticias.com\/site\/wp-content\/uploads\/2023\/09\/03-9-1-300x200.jpeg 300w, https:\/\/miradouronoticias.com\/site\/wp-content\/uploads\/2023\/09\/03-9-1.jpeg 750w\" sizes=\"auto, (max-width: 300px) 100vw, 300px\" \/><img loading=\"lazy\" decoding=\"async\" class=\"alignnone size-medium wp-image-17854\" src=\"https:\/\/miradouronoticias.com\/site\/wp-content\/uploads\/2023\/09\/01-19-1-300x200.jpeg\" alt=\"\" width=\"300\" height=\"200\" srcset=\"https:\/\/miradouronoticias.com\/site\/wp-content\/uploads\/2023\/09\/01-19-1-300x200.jpeg 300w, https:\/\/miradouronoticias.com\/site\/wp-content\/uploads\/2023\/09\/01-19-1.jpeg 750w\" sizes=\"auto, (max-width: 300px) 100vw, 300px\" \/><img loading=\"lazy\" decoding=\"async\" class=\"alignnone size-medium wp-image-17855\" src=\"https:\/\/miradouronoticias.com\/site\/wp-content\/uploads\/2023\/09\/04-7-1-300x200.jpeg\" alt=\"\" width=\"300\" height=\"200\" srcset=\"https:\/\/miradouronoticias.com\/site\/wp-content\/uploads\/2023\/09\/04-7-1-300x200.jpeg 300w, https:\/\/miradouronoticias.com\/site\/wp-content\/uploads\/2023\/09\/04-7-1.jpeg 750w\" sizes=\"auto, (max-width: 300px) 100vw, 300px\" \/><\/p>\n<h6><strong>Fonte: R\u00e1dio Muria\u00e9<\/strong><\/h6>\n<hr \/>\n<p><strong><span style=\"color: #ff0000;\">By: miradouronoticias.com.br<\/span><\/strong><\/p>\n","protected":false},"excerpt":{"rendered":"<p>Uma colis\u00e3o ocorrida nesta ter\u00e7a-feira (19) deixou um motociclista ferido. O acidente aconteceu na BR-116, na altura do Trevo do bairro Gaspar. Segundo informa\u00e7\u00f5es repassadas pelo Corpo de Bombeiros, o motociclista vinha de Miradouro sentido Muria\u00e9, quando foi surpreendido por um carro que realizava a convers\u00e3o para entrar no bairro Gaspar. Ap\u00f3s o choque entre [&hellip;]<\/p>\n","protected":false},"author":4,"featured_media":17848,"comment_status":"open","ping_status":"open","sticky":false,"template":"","format":"standard","meta":{"footnotes":""},"categories":[24,12],"tags":[],"class_list":["post-17845","post","type-post","status-publish","format-standard","has-post-thumbnail","hentry","category-acidente","category-destaque-4"],"yoast_head":"<!-- This site is optimized with the Yoast SEO plugin v27.2 - https:\/\/yoast.com\/product\/yoast-seo-wordpress\/ -->\n<title>Acidente deixa motociclista ferido no Trevo do Gaspar e motorista foge do local - Miradouro Not\u00edcias<\/title>\n<meta name=\"robots\" content=\"index, follow, max-snippet:-1, max-image-preview:large, max-video-preview:-1\" \/>\n<link rel=\"canonical\" href=\"https:\/\/miradouronoticias.com\/site\/2023\/09\/19\/acidente-deixa-motociclista-ferido-no-trevo-do-gaspar-e-motorista-foge-do-local\/\" \/>\n<meta property=\"og:locale\" content=\"pt_BR\" \/>\n<meta property=\"og:type\" content=\"article\" \/>\n<meta property=\"og:title\" content=\"Acidente deixa motociclista ferido no Trevo do Gaspar e motorista foge do local - Miradouro Not\u00edcias\" \/>\n<meta property=\"og:description\" content=\"Uma colis\u00e3o ocorrida nesta ter\u00e7a-feira (19) deixou um motociclista ferido. O acidente aconteceu na BR-116, na altura do Trevo do bairro Gaspar. Segundo informa\u00e7\u00f5es repassadas pelo Corpo de Bombeiros, o motociclista vinha de Miradouro sentido Muria\u00e9, quando foi surpreendido por um carro que realizava a convers\u00e3o para entrar no bairro Gaspar. Ap\u00f3s o choque entre [&hellip;]\" \/>\n<meta property=\"og:url\" content=\"https:\/\/miradouronoticias.com\/site\/2023\/09\/19\/acidente-deixa-motociclista-ferido-no-trevo-do-gaspar-e-motorista-foge-do-local\/\" \/>\n<meta property=\"og:site_name\" content=\"Miradouro Not\u00edcias\" \/>\n<meta property=\"article:published_time\" content=\"2023-09-19T16:32:40+00:00\" \/>\n<meta property=\"og:image\" content=\"https:\/\/miradouronoticias.com\/site\/wp-content\/uploads\/2023\/09\/07-4.jpeg\" \/>\n\t<meta property=\"og:image:width\" content=\"750\" \/>\n\t<meta property=\"og:image:height\" content=\"500\" \/>\n\t<meta property=\"og:image:type\" content=\"image\/jpeg\" \/>\n<meta name=\"author\" content=\"Cl\u00e1udia Olyver\" \/>\n<meta name=\"twitter:card\" content=\"summary_large_image\" \/>\n<meta name=\"twitter:label1\" content=\"Escrito por\" \/>\n\t<meta name=\"twitter:data1\" content=\"Cl\u00e1udia Olyver\" \/>\n\t<meta name=\"twitter:label2\" content=\"Est. tempo de leitura\" \/>\n\t<meta name=\"twitter:data2\" content=\"1 minuto\" \/>\n<script type=\"application\/ld+json\" class=\"yoast-schema-graph\">{\"@context\":\"https:\/\/schema.org\",\"@graph\":[{\"@type\":\"Article\",\"@id\":\"https:\/\/miradouronoticias.com\/site\/2023\/09\/19\/acidente-deixa-motociclista-ferido-no-trevo-do-gaspar-e-motorista-foge-do-local\/#article\",\"isPartOf\":{\"@id\":\"https:\/\/miradouronoticias.com\/site\/2023\/09\/19\/acidente-deixa-motociclista-ferido-no-trevo-do-gaspar-e-motorista-foge-do-local\/\"},\"author\":{\"name\":\"Cl\u00e1udia Olyver\",\"@id\":\"https:\/\/miradouronoticias.com\/site\/#\/schema\/person\/73440d8c82222950df86f3e1a16aad3b\"},\"headline\":\"Acidente deixa motociclista ferido no Trevo do Gaspar e motorista foge do local\",\"datePublished\":\"2023-09-19T16:32:40+00:00\",\"mainEntityOfPage\":{\"@id\":\"https:\/\/miradouronoticias.com\/site\/2023\/09\/19\/acidente-deixa-motociclista-ferido-no-trevo-do-gaspar-e-motorista-foge-do-local\/\"},\"wordCount\":190,\"commentCount\":0,\"publisher\":{\"@id\":\"https:\/\/miradouronoticias.com\/site\/#organization\"},\"image\":{\"@id\":\"https:\/\/miradouronoticias.com\/site\/2023\/09\/19\/acidente-deixa-motociclista-ferido-no-trevo-do-gaspar-e-motorista-foge-do-local\/#primaryimage\"},\"thumbnailUrl\":\"https:\/\/miradouronoticias.com\/site\/wp-content\/uploads\/2023\/09\/07-4.jpeg\",\"articleSection\":[\"Acidente\",\"Destaque 4\"],\"inLanguage\":\"pt-BR\",\"potentialAction\":[{\"@type\":\"CommentAction\",\"name\":\"Comment\",\"target\":[\"https:\/\/miradouronoticias.com\/site\/2023\/09\/19\/acidente-deixa-motociclista-ferido-no-trevo-do-gaspar-e-motorista-foge-do-local\/#respond\"]}]},{\"@type\":\"WebPage\",\"@id\":\"https:\/\/miradouronoticias.com\/site\/2023\/09\/19\/acidente-deixa-motociclista-ferido-no-trevo-do-gaspar-e-motorista-foge-do-local\/\",\"url\":\"https:\/\/miradouronoticias.com\/site\/2023\/09\/19\/acidente-deixa-motociclista-ferido-no-trevo-do-gaspar-e-motorista-foge-do-local\/\",\"name\":\"Acidente deixa motociclista ferido no Trevo do Gaspar e motorista foge do local - Miradouro Not\u00edcias\",\"isPartOf\":{\"@id\":\"https:\/\/miradouronoticias.com\/site\/#website\"},\"primaryImageOfPage\":{\"@id\":\"https:\/\/miradouronoticias.com\/site\/2023\/09\/19\/acidente-deixa-motociclista-ferido-no-trevo-do-gaspar-e-motorista-foge-do-local\/#primaryimage\"},\"image\":{\"@id\":\"https:\/\/miradouronoticias.com\/site\/2023\/09\/19\/acidente-deixa-motociclista-ferido-no-trevo-do-gaspar-e-motorista-foge-do-local\/#primaryimage\"},\"thumbnailUrl\":\"https:\/\/miradouronoticias.com\/site\/wp-content\/uploads\/2023\/09\/07-4.jpeg\",\"datePublished\":\"2023-09-19T16:32:40+00:00\",\"breadcrumb\":{\"@id\":\"https:\/\/miradouronoticias.com\/site\/2023\/09\/19\/acidente-deixa-motociclista-ferido-no-trevo-do-gaspar-e-motorista-foge-do-local\/#breadcrumb\"},\"inLanguage\":\"pt-BR\",\"potentialAction\":[{\"@type\":\"ReadAction\",\"target\":[\"https:\/\/miradouronoticias.com\/site\/2023\/09\/19\/acidente-deixa-motociclista-ferido-no-trevo-do-gaspar-e-motorista-foge-do-local\/\"]}]},{\"@type\":\"ImageObject\",\"inLanguage\":\"pt-BR\",\"@id\":\"https:\/\/miradouronoticias.com\/site\/2023\/09\/19\/acidente-deixa-motociclista-ferido-no-trevo-do-gaspar-e-motorista-foge-do-local\/#primaryimage\",\"url\":\"https:\/\/miradouronoticias.com\/site\/wp-content\/uploads\/2023\/09\/07-4.jpeg\",\"contentUrl\":\"https:\/\/miradouronoticias.com\/site\/wp-content\/uploads\/2023\/09\/07-4.jpeg\",\"width\":750,\"height\":500},{\"@type\":\"BreadcrumbList\",\"@id\":\"https:\/\/miradouronoticias.com\/site\/2023\/09\/19\/acidente-deixa-motociclista-ferido-no-trevo-do-gaspar-e-motorista-foge-do-local\/#breadcrumb\",\"itemListElement\":[{\"@type\":\"ListItem\",\"position\":1,\"name\":\"In\u00edcio\",\"item\":\"https:\/\/miradouronoticias.com\/site\/\"},{\"@type\":\"ListItem\",\"position\":2,\"name\":\"Acidente deixa motociclista ferido no Trevo do Gaspar e motorista foge do local\"}]},{\"@type\":\"WebSite\",\"@id\":\"https:\/\/miradouronoticias.com\/site\/#website\",\"url\":\"https:\/\/miradouronoticias.com\/site\/\",\"name\":\"Miradouro Not\u00edcias\",\"description\":\"Informa\u00e7\u00f5es da cidade e regi\u00e3o\",\"publisher\":{\"@id\":\"https:\/\/miradouronoticias.com\/site\/#organization\"},\"potentialAction\":[{\"@type\":\"SearchAction\",\"target\":{\"@type\":\"EntryPoint\",\"urlTemplate\":\"https:\/\/miradouronoticias.com\/site\/?s={search_term_string}\"},\"query-input\":{\"@type\":\"PropertyValueSpecification\",\"valueRequired\":true,\"valueName\":\"search_term_string\"}}],\"inLanguage\":\"pt-BR\"},{\"@type\":\"Organization\",\"@id\":\"https:\/\/miradouronoticias.com\/site\/#organization\",\"name\":\"Miradouro Not\u00edcias\",\"url\":\"https:\/\/miradouronoticias.com\/site\/\",\"logo\":{\"@type\":\"ImageObject\",\"inLanguage\":\"pt-BR\",\"@id\":\"https:\/\/miradouronoticias.com\/site\/#\/schema\/logo\/image\/\",\"url\":\"https:\/\/miradouronoticias.com\/site\/wp-content\/uploads\/2022\/01\/logomarcamiradouronoticias.png\",\"contentUrl\":\"https:\/\/miradouronoticias.com\/site\/wp-content\/uploads\/2022\/01\/logomarcamiradouronoticias.png\",\"width\":747,\"height\":263,\"caption\":\"Miradouro Not\u00edcias\"},\"image\":{\"@id\":\"https:\/\/miradouronoticias.com\/site\/#\/schema\/logo\/image\/\"}},{\"@type\":\"Person\",\"@id\":\"https:\/\/miradouronoticias.com\/site\/#\/schema\/person\/73440d8c82222950df86f3e1a16aad3b\",\"name\":\"Cl\u00e1udia Olyver\",\"sameAs\":[\"http:\/\/www.miradouronoticias.com\"],\"url\":\"https:\/\/miradouronoticias.com\/site\/author\/claudia\/\"}]}<\/script>\n<!-- \/ Yoast SEO plugin. -->","yoast_head_json":{"title":"Acidente deixa motociclista ferido no Trevo do Gaspar e motorista foge do local - Miradouro Not\u00edcias","robots":{"index":"index","follow":"follow","max-snippet":"max-snippet:-1","max-image-preview":"max-image-preview:large","max-video-preview":"max-video-preview:-1"},"canonical":"https:\/\/miradouronoticias.com\/site\/2023\/09\/19\/acidente-deixa-motociclista-ferido-no-trevo-do-gaspar-e-motorista-foge-do-local\/","og_locale":"pt_BR","og_type":"article","og_title":"Acidente deixa motociclista ferido no Trevo do Gaspar e motorista foge do local - Miradouro Not\u00edcias","og_description":"Uma colis\u00e3o ocorrida nesta ter\u00e7a-feira (19) deixou um motociclista ferido. O acidente aconteceu na BR-116, na altura do Trevo do bairro Gaspar. Segundo informa\u00e7\u00f5es repassadas pelo Corpo de Bombeiros, o motociclista vinha de Miradouro sentido Muria\u00e9, quando foi surpreendido por um carro que realizava a convers\u00e3o para entrar no bairro Gaspar. Ap\u00f3s o choque entre [&hellip;]","og_url":"https:\/\/miradouronoticias.com\/site\/2023\/09\/19\/acidente-deixa-motociclista-ferido-no-trevo-do-gaspar-e-motorista-foge-do-local\/","og_site_name":"Miradouro Not\u00edcias","article_published_time":"2023-09-19T16:32:40+00:00","og_image":[{"width":750,"height":500,"url":"https:\/\/miradouronoticias.com\/site\/wp-content\/uploads\/2023\/09\/07-4.jpeg","type":"image\/jpeg"}],"author":"Cl\u00e1udia Olyver","twitter_card":"summary_large_image","twitter_misc":{"Escrito por":"Cl\u00e1udia Olyver","Est. tempo de leitura":"1 minuto"},"schema":{"@context":"https:\/\/schema.org","@graph":[{"@type":"Article","@id":"https:\/\/miradouronoticias.com\/site\/2023\/09\/19\/acidente-deixa-motociclista-ferido-no-trevo-do-gaspar-e-motorista-foge-do-local\/#article","isPartOf":{"@id":"https:\/\/miradouronoticias.com\/site\/2023\/09\/19\/acidente-deixa-motociclista-ferido-no-trevo-do-gaspar-e-motorista-foge-do-local\/"},"author":{"name":"Cl\u00e1udia Olyver","@id":"https:\/\/miradouronoticias.com\/site\/#\/schema\/person\/73440d8c82222950df86f3e1a16aad3b"},"headline":"Acidente deixa motociclista ferido no Trevo do Gaspar e motorista foge do local","datePublished":"2023-09-19T16:32:40+00:00","mainEntityOfPage":{"@id":"https:\/\/miradouronoticias.com\/site\/2023\/09\/19\/acidente-deixa-motociclista-ferido-no-trevo-do-gaspar-e-motorista-foge-do-local\/"},"wordCount":190,"commentCount":0,"publisher":{"@id":"https:\/\/miradouronoticias.com\/site\/#organization"},"image":{"@id":"https:\/\/miradouronoticias.com\/site\/2023\/09\/19\/acidente-deixa-motociclista-ferido-no-trevo-do-gaspar-e-motorista-foge-do-local\/#primaryimage"},"thumbnailUrl":"https:\/\/miradouronoticias.com\/site\/wp-content\/uploads\/2023\/09\/07-4.jpeg","articleSection":["Acidente","Destaque 4"],"inLanguage":"pt-BR","potentialAction":[{"@type":"CommentAction","name":"Comment","target":["https:\/\/miradouronoticias.com\/site\/2023\/09\/19\/acidente-deixa-motociclista-ferido-no-trevo-do-gaspar-e-motorista-foge-do-local\/#respond"]}]},{"@type":"WebPage","@id":"https:\/\/miradouronoticias.com\/site\/2023\/09\/19\/acidente-deixa-motociclista-ferido-no-trevo-do-gaspar-e-motorista-foge-do-local\/","url":"https:\/\/miradouronoticias.com\/site\/2023\/09\/19\/acidente-deixa-motociclista-ferido-no-trevo-do-gaspar-e-motorista-foge-do-local\/","name":"Acidente deixa motociclista ferido no Trevo do Gaspar e motorista foge do local - Miradouro Not\u00edcias","isPartOf":{"@id":"https:\/\/miradouronoticias.com\/site\/#website"},"primaryImageOfPage":{"@id":"https:\/\/miradouronoticias.com\/site\/2023\/09\/19\/acidente-deixa-motociclista-ferido-no-trevo-do-gaspar-e-motorista-foge-do-local\/#primaryimage"},"image":{"@id":"https:\/\/miradouronoticias.com\/site\/2023\/09\/19\/acidente-deixa-motociclista-ferido-no-trevo-do-gaspar-e-motorista-foge-do-local\/#primaryimage"},"thumbnailUrl":"https:\/\/miradouronoticias.com\/site\/wp-content\/uploads\/2023\/09\/07-4.jpeg","datePublished":"2023-09-19T16:32:40+00:00","breadcrumb":{"@id":"https:\/\/miradouronoticias.com\/site\/2023\/09\/19\/acidente-deixa-motociclista-ferido-no-trevo-do-gaspar-e-motorista-foge-do-local\/#breadcrumb"},"inLanguage":"pt-BR","potentialAction":[{"@type":"ReadAction","target":["https:\/\/miradouronoticias.com\/site\/2023\/09\/19\/acidente-deixa-motociclista-ferido-no-trevo-do-gaspar-e-motorista-foge-do-local\/"]}]},{"@type":"ImageObject","inLanguage":"pt-BR","@id":"https:\/\/miradouronoticias.com\/site\/2023\/09\/19\/acidente-deixa-motociclista-ferido-no-trevo-do-gaspar-e-motorista-foge-do-local\/#primaryimage","url":"https:\/\/miradouronoticias.com\/site\/wp-content\/uploads\/2023\/09\/07-4.jpeg","contentUrl":"https:\/\/miradouronoticias.com\/site\/wp-content\/uploads\/2023\/09\/07-4.jpeg","width":750,"height":500},{"@type":"BreadcrumbList","@id":"https:\/\/miradouronoticias.com\/site\/2023\/09\/19\/acidente-deixa-motociclista-ferido-no-trevo-do-gaspar-e-motorista-foge-do-local\/#breadcrumb","itemListElement":[{"@type":"ListItem","position":1,"name":"In\u00edcio","item":"https:\/\/miradouronoticias.com\/site\/"},{"@type":"ListItem","position":2,"name":"Acidente deixa motociclista ferido no Trevo do Gaspar e motorista foge do local"}]},{"@type":"WebSite","@id":"https:\/\/miradouronoticias.com\/site\/#website","url":"https:\/\/miradouronoticias.com\/site\/","name":"Miradouro Not\u00edcias","description":"Informa\u00e7\u00f5es da cidade e regi\u00e3o","publisher":{"@id":"https:\/\/miradouronoticias.com\/site\/#organization"},"potentialAction":[{"@type":"SearchAction","target":{"@type":"EntryPoint","urlTemplate":"https:\/\/miradouronoticias.com\/site\/?s={search_term_string}"},"query-input":{"@type":"PropertyValueSpecification","valueRequired":true,"valueName":"search_term_string"}}],"inLanguage":"pt-BR"},{"@type":"Organization","@id":"https:\/\/miradouronoticias.com\/site\/#organization","name":"Miradouro Not\u00edcias","url":"https:\/\/miradouronoticias.com\/site\/","logo":{"@type":"ImageObject","inLanguage":"pt-BR","@id":"https:\/\/miradouronoticias.com\/site\/#\/schema\/logo\/image\/","url":"https:\/\/miradouronoticias.com\/site\/wp-content\/uploads\/2022\/01\/logomarcamiradouronoticias.png","contentUrl":"https:\/\/miradouronoticias.com\/site\/wp-content\/uploads\/2022\/01\/logomarcamiradouronoticias.png","width":747,"height":263,"caption":"Miradouro Not\u00edcias"},"image":{"@id":"https:\/\/miradouronoticias.com\/site\/#\/schema\/logo\/image\/"}},{"@type":"Person","@id":"https:\/\/miradouronoticias.com\/site\/#\/schema\/person\/73440d8c82222950df86f3e1a16aad3b","name":"Cl\u00e1udia Olyver","sameAs":["http:\/\/www.miradouronoticias.com"],"url":"https:\/\/miradouronoticias.com\/site\/author\/claudia\/"}]}},"_links":{"self":[{"href":"https:\/\/miradouronoticias.com\/site\/wp-json\/wp\/v2\/posts\/17845","targetHints":{"allow":["GET"]}}],"collection":[{"href":"https:\/\/miradouronoticias.com\/site\/wp-json\/wp\/v2\/posts"}],"about":[{"href":"https:\/\/miradouronoticias.com\/site\/wp-json\/wp\/v2\/types\/post"}],"author":[{"embeddable":true,"href":"https:\/\/miradouronoticias.com\/site\/wp-json\/wp\/v2\/users\/4"}],"replies":[{"embeddable":true,"href":"https:\/\/miradouronoticias.com\/site\/wp-json\/wp\/v2\/comments?post=17845"}],"version-history":[{"count":1,"href":"https:\/\/miradouronoticias.com\/site\/wp-json\/wp\/v2\/posts\/17845\/revisions"}],"predecessor-version":[{"id":17856,"href":"https:\/\/miradouronoticias.com\/site\/wp-json\/wp\/v2\/posts\/17845\/revisions\/17856"}],"wp:featuredmedia":[{"embeddable":true,"href":"https:\/\/miradouronoticias.com\/site\/wp-json\/wp\/v2\/media\/17848"}],"wp:attachment":[{"href":"https:\/\/miradouronoticias.com\/site\/wp-json\/wp\/v2\/media?parent=17845"}],"wp:term":[{"taxonomy":"category","embeddable":true,"href":"https:\/\/miradouronoticias.com\/site\/wp-json\/wp\/v2\/categories?post=17845"},{"taxonomy":"post_tag","embeddable":true,"href":"https:\/\/miradouronoticias.com\/site\/wp-json\/wp\/v2\/tags?post=17845"}],"curies":[{"name":"wp","href":"https:\/\/api.w.org\/{rel}","templated":true}]}}