{"id":17797,"date":"2023-09-17T16:16:15","date_gmt":"2023-09-17T19:16:15","guid":{"rendered":"https:\/\/miradouronoticias.com\/site\/?p=17797"},"modified":"2023-09-17T16:16:59","modified_gmt":"2023-09-17T19:16:59","slug":"onibus-cai-em-vao-de-viaduto-em-campinas-sp-e-deixa-30-feridos","status":"publish","type":"post","link":"https:\/\/miradouronoticias.com\/site\/2023\/09\/17\/onibus-cai-em-vao-de-viaduto-em-campinas-sp-e-deixa-30-feridos\/","title":{"rendered":"\u00d4nibus cai em v\u00e3o de viaduto em Campinas (SP) e deixa 30 feridos"},"content":{"rendered":"<h3 class=\"col-10 offset-1 animated fadeInDown dealy-900 display-8 display-md-8 alt-font font-italic my-1 text-center\">A Pol\u00edcia Rodovi\u00e1ria disse que as causas do acidente ser\u00e3o investigada<\/h3>\n<div class=\"col-lg-12 mb-3\">\n<div class=\"row\">\n<div id=\"tts-container\" class=\"col-xl-7 offset-xl-1 col-lg-8 offset-lg-0 col-md-10 offset-md-1 mb-3\">\n<p><audio id=\"tts-player\" src=\"https:\/\/tts-app.ebc.com.br\/media\/tts\/209907.mp3\" controls=\"controls\" data-mce-fragment=\"1\"><\/audio><\/p>\n<\/div>\n<\/div>\n<\/div>\n<div class=\"col-xl-7 offset-xl-1 col-lg-8 offset-lg-0 col-md-10 offset-md-1 mb-3\">\n<div class=\"post-item alt-font\">\n<div class=\"post-item-wrap\">\n<p>Um \u00f4nibus de turismo trafegava pela Rodovia Governador Doutor Adhemar Pereira de Barros (SP-340) quando caiu no v\u00e3o de um viaduto, na cidade de Campinas, interior de S\u00e3o Paulo.<img decoding=\"async\" src=\"https:\/\/agenciabrasil.ebc.com.br\/ebc.png?id=1555910&amp;o=node\" \/><img decoding=\"async\" src=\"https:\/\/agenciabrasil.ebc.com.br\/ebc.gif?id=1555910&amp;o=node\" \/><\/p>\n<p>Segundo informa\u00e7\u00f5es passadas pela Renovias, concession\u00e1ria da rodovia, o acidente ocorreu por volta das 2h50 deste domingo\u00a0(17) e deixou 29 v\u00edtimas leves e duas moderadas, que foram encaminhadas para uma unidade de pronto atendimento (UPA) de Jaguari\u00fana, em S\u00e3o Paulo.<\/p>\n<p>A Renovias e a Pol\u00edcia Rodovi\u00e1ria Estadual informaram que o condutor perdeu o controle e invadiu o canteiro central, chocando-se contra uma placa de sinaliza\u00e7\u00e3o, antes de cair\u00a0no v\u00e3o do viaduto.<\/p>\n<p>A Pol\u00edcia Rodovi\u00e1ria disse que as causas do acidente ser\u00e3o investigadas.<\/p>\n<figure id=\"attachment_17798\" aria-describedby=\"caption-attachment-17798\" style=\"width: 300px\" class=\"wp-caption alignnone\"><img loading=\"lazy\" decoding=\"async\" class=\"size-medium wp-image-17798\" src=\"https:\/\/miradouronoticias.com\/site\/wp-content\/uploads\/2023\/09\/onibus-300x165.jpeg\" alt=\"\" width=\"300\" height=\"165\" srcset=\"https:\/\/miradouronoticias.com\/site\/wp-content\/uploads\/2023\/09\/onibus-300x165.jpeg 300w, https:\/\/miradouronoticias.com\/site\/wp-content\/uploads\/2023\/09\/onibus-768x422.jpeg 768w, https:\/\/miradouronoticias.com\/site\/wp-content\/uploads\/2023\/09\/onibus.jpeg 984w\" sizes=\"auto, (max-width: 300px) 100vw, 300px\" \/><figcaption id=\"caption-attachment-17798\" class=\"wp-caption-text\">Foto G1<\/figcaption><\/figure>\n<\/div>\n<\/div>\n<\/div>\n<h6><strong>Ag\u00eancia Brasil<\/strong><\/h6>\n<hr \/>\n<p><strong><span style=\"color: #ff0000;\">By: miradouronoticias.com.br<\/span><\/strong><\/p>\n","protected":false},"excerpt":{"rendered":"<p>A Pol\u00edcia Rodovi\u00e1ria disse que as causas do acidente ser\u00e3o investigada Um \u00f4nibus de turismo trafegava pela Rodovia Governador Doutor Adhemar Pereira de Barros (SP-340) quando caiu no v\u00e3o de um viaduto, na cidade de Campinas, interior de S\u00e3o Paulo. Segundo informa\u00e7\u00f5es passadas pela Renovias, concession\u00e1ria da rodovia, o acidente ocorreu por volta das 2h50 [&hellip;]<\/p>\n","protected":false},"author":4,"featured_media":17798,"comment_status":"open","ping_status":"open","sticky":false,"template":"","format":"standard","meta":{"footnotes":""},"categories":[24,12],"tags":[],"class_list":["post-17797","post","type-post","status-publish","format-standard","has-post-thumbnail","hentry","category-acidente","category-destaque-4"],"yoast_head":"<!-- This site is optimized with the Yoast SEO plugin v27.2 - https:\/\/yoast.com\/product\/yoast-seo-wordpress\/ -->\n<title>\u00d4nibus cai em v\u00e3o de viaduto em Campinas (SP) e deixa 30 feridos - Miradouro Not\u00edcias<\/title>\n<meta name=\"robots\" content=\"index, follow, max-snippet:-1, max-image-preview:large, max-video-preview:-1\" \/>\n<link rel=\"canonical\" href=\"https:\/\/miradouronoticias.com\/site\/2023\/09\/17\/onibus-cai-em-vao-de-viaduto-em-campinas-sp-e-deixa-30-feridos\/\" \/>\n<meta property=\"og:locale\" content=\"pt_BR\" \/>\n<meta property=\"og:type\" content=\"article\" \/>\n<meta property=\"og:title\" content=\"\u00d4nibus cai em v\u00e3o de viaduto em Campinas (SP) e deixa 30 feridos - Miradouro Not\u00edcias\" \/>\n<meta property=\"og:description\" content=\"A Pol\u00edcia Rodovi\u00e1ria disse que as causas do acidente ser\u00e3o investigada Um \u00f4nibus de turismo trafegava pela Rodovia Governador Doutor Adhemar Pereira de Barros (SP-340) quando caiu no v\u00e3o de um viaduto, na cidade de Campinas, interior de S\u00e3o Paulo. Segundo informa\u00e7\u00f5es passadas pela Renovias, concession\u00e1ria da rodovia, o acidente ocorreu por volta das 2h50 [&hellip;]\" \/>\n<meta property=\"og:url\" content=\"https:\/\/miradouronoticias.com\/site\/2023\/09\/17\/onibus-cai-em-vao-de-viaduto-em-campinas-sp-e-deixa-30-feridos\/\" \/>\n<meta property=\"og:site_name\" content=\"Miradouro Not\u00edcias\" \/>\n<meta property=\"article:published_time\" content=\"2023-09-17T19:16:15+00:00\" \/>\n<meta property=\"article:modified_time\" content=\"2023-09-17T19:16:59+00:00\" \/>\n<meta property=\"og:image\" content=\"https:\/\/miradouronoticias.com\/site\/wp-content\/uploads\/2023\/09\/onibus.jpeg\" \/>\n\t<meta property=\"og:image:width\" content=\"984\" \/>\n\t<meta property=\"og:image:height\" content=\"541\" \/>\n\t<meta property=\"og:image:type\" content=\"image\/jpeg\" \/>\n<meta name=\"author\" content=\"Cl\u00e1udia Olyver\" \/>\n<meta name=\"twitter:card\" content=\"summary_large_image\" \/>\n<meta name=\"twitter:label1\" content=\"Escrito por\" \/>\n\t<meta name=\"twitter:data1\" content=\"Cl\u00e1udia Olyver\" \/>\n\t<meta name=\"twitter:label2\" content=\"Est. tempo de leitura\" \/>\n\t<meta name=\"twitter:data2\" content=\"1 minuto\" \/>\n<script type=\"application\/ld+json\" class=\"yoast-schema-graph\">{\"@context\":\"https:\/\/schema.org\",\"@graph\":[{\"@type\":\"Article\",\"@id\":\"https:\/\/miradouronoticias.com\/site\/2023\/09\/17\/onibus-cai-em-vao-de-viaduto-em-campinas-sp-e-deixa-30-feridos\/#article\",\"isPartOf\":{\"@id\":\"https:\/\/miradouronoticias.com\/site\/2023\/09\/17\/onibus-cai-em-vao-de-viaduto-em-campinas-sp-e-deixa-30-feridos\/\"},\"author\":{\"name\":\"Cl\u00e1udia Olyver\",\"@id\":\"https:\/\/miradouronoticias.com\/site\/#\/schema\/person\/73440d8c82222950df86f3e1a16aad3b\"},\"headline\":\"\u00d4nibus cai em v\u00e3o de viaduto em Campinas (SP) e deixa 30 feridos\",\"datePublished\":\"2023-09-17T19:16:15+00:00\",\"dateModified\":\"2023-09-17T19:16:59+00:00\",\"mainEntityOfPage\":{\"@id\":\"https:\/\/miradouronoticias.com\/site\/2023\/09\/17\/onibus-cai-em-vao-de-viaduto-em-campinas-sp-e-deixa-30-feridos\/\"},\"wordCount\":168,\"commentCount\":0,\"publisher\":{\"@id\":\"https:\/\/miradouronoticias.com\/site\/#organization\"},\"image\":{\"@id\":\"https:\/\/miradouronoticias.com\/site\/2023\/09\/17\/onibus-cai-em-vao-de-viaduto-em-campinas-sp-e-deixa-30-feridos\/#primaryimage\"},\"thumbnailUrl\":\"https:\/\/miradouronoticias.com\/site\/wp-content\/uploads\/2023\/09\/onibus.jpeg\",\"articleSection\":[\"Acidente\",\"Destaque 4\"],\"inLanguage\":\"pt-BR\",\"potentialAction\":[{\"@type\":\"CommentAction\",\"name\":\"Comment\",\"target\":[\"https:\/\/miradouronoticias.com\/site\/2023\/09\/17\/onibus-cai-em-vao-de-viaduto-em-campinas-sp-e-deixa-30-feridos\/#respond\"]}]},{\"@type\":\"WebPage\",\"@id\":\"https:\/\/miradouronoticias.com\/site\/2023\/09\/17\/onibus-cai-em-vao-de-viaduto-em-campinas-sp-e-deixa-30-feridos\/\",\"url\":\"https:\/\/miradouronoticias.com\/site\/2023\/09\/17\/onibus-cai-em-vao-de-viaduto-em-campinas-sp-e-deixa-30-feridos\/\",\"name\":\"\u00d4nibus cai em v\u00e3o de viaduto em Campinas (SP) e deixa 30 feridos - Miradouro Not\u00edcias\",\"isPartOf\":{\"@id\":\"https:\/\/miradouronoticias.com\/site\/#website\"},\"primaryImageOfPage\":{\"@id\":\"https:\/\/miradouronoticias.com\/site\/2023\/09\/17\/onibus-cai-em-vao-de-viaduto-em-campinas-sp-e-deixa-30-feridos\/#primaryimage\"},\"image\":{\"@id\":\"https:\/\/miradouronoticias.com\/site\/2023\/09\/17\/onibus-cai-em-vao-de-viaduto-em-campinas-sp-e-deixa-30-feridos\/#primaryimage\"},\"thumbnailUrl\":\"https:\/\/miradouronoticias.com\/site\/wp-content\/uploads\/2023\/09\/onibus.jpeg\",\"datePublished\":\"2023-09-17T19:16:15+00:00\",\"dateModified\":\"2023-09-17T19:16:59+00:00\",\"breadcrumb\":{\"@id\":\"https:\/\/miradouronoticias.com\/site\/2023\/09\/17\/onibus-cai-em-vao-de-viaduto-em-campinas-sp-e-deixa-30-feridos\/#breadcrumb\"},\"inLanguage\":\"pt-BR\",\"potentialAction\":[{\"@type\":\"ReadAction\",\"target\":[\"https:\/\/miradouronoticias.com\/site\/2023\/09\/17\/onibus-cai-em-vao-de-viaduto-em-campinas-sp-e-deixa-30-feridos\/\"]}]},{\"@type\":\"ImageObject\",\"inLanguage\":\"pt-BR\",\"@id\":\"https:\/\/miradouronoticias.com\/site\/2023\/09\/17\/onibus-cai-em-vao-de-viaduto-em-campinas-sp-e-deixa-30-feridos\/#primaryimage\",\"url\":\"https:\/\/miradouronoticias.com\/site\/wp-content\/uploads\/2023\/09\/onibus.jpeg\",\"contentUrl\":\"https:\/\/miradouronoticias.com\/site\/wp-content\/uploads\/2023\/09\/onibus.jpeg\",\"width\":984,\"height\":541,\"caption\":\"Foto G1\"},{\"@type\":\"BreadcrumbList\",\"@id\":\"https:\/\/miradouronoticias.com\/site\/2023\/09\/17\/onibus-cai-em-vao-de-viaduto-em-campinas-sp-e-deixa-30-feridos\/#breadcrumb\",\"itemListElement\":[{\"@type\":\"ListItem\",\"position\":1,\"name\":\"In\u00edcio\",\"item\":\"https:\/\/miradouronoticias.com\/site\/\"},{\"@type\":\"ListItem\",\"position\":2,\"name\":\"\u00d4nibus cai em v\u00e3o de viaduto em Campinas (SP) e deixa 30 feridos\"}]},{\"@type\":\"WebSite\",\"@id\":\"https:\/\/miradouronoticias.com\/site\/#website\",\"url\":\"https:\/\/miradouronoticias.com\/site\/\",\"name\":\"Miradouro Not\u00edcias\",\"description\":\"Informa\u00e7\u00f5es da cidade e regi\u00e3o\",\"publisher\":{\"@id\":\"https:\/\/miradouronoticias.com\/site\/#organization\"},\"potentialAction\":[{\"@type\":\"SearchAction\",\"target\":{\"@type\":\"EntryPoint\",\"urlTemplate\":\"https:\/\/miradouronoticias.com\/site\/?s={search_term_string}\"},\"query-input\":{\"@type\":\"PropertyValueSpecification\",\"valueRequired\":true,\"valueName\":\"search_term_string\"}}],\"inLanguage\":\"pt-BR\"},{\"@type\":\"Organization\",\"@id\":\"https:\/\/miradouronoticias.com\/site\/#organization\",\"name\":\"Miradouro Not\u00edcias\",\"url\":\"https:\/\/miradouronoticias.com\/site\/\",\"logo\":{\"@type\":\"ImageObject\",\"inLanguage\":\"pt-BR\",\"@id\":\"https:\/\/miradouronoticias.com\/site\/#\/schema\/logo\/image\/\",\"url\":\"https:\/\/miradouronoticias.com\/site\/wp-content\/uploads\/2022\/01\/logomarcamiradouronoticias.png\",\"contentUrl\":\"https:\/\/miradouronoticias.com\/site\/wp-content\/uploads\/2022\/01\/logomarcamiradouronoticias.png\",\"width\":747,\"height\":263,\"caption\":\"Miradouro Not\u00edcias\"},\"image\":{\"@id\":\"https:\/\/miradouronoticias.com\/site\/#\/schema\/logo\/image\/\"}},{\"@type\":\"Person\",\"@id\":\"https:\/\/miradouronoticias.com\/site\/#\/schema\/person\/73440d8c82222950df86f3e1a16aad3b\",\"name\":\"Cl\u00e1udia Olyver\",\"sameAs\":[\"http:\/\/www.miradouronoticias.com\"],\"url\":\"https:\/\/miradouronoticias.com\/site\/author\/claudia\/\"}]}<\/script>\n<!-- \/ Yoast SEO plugin. -->","yoast_head_json":{"title":"\u00d4nibus cai em v\u00e3o de viaduto em Campinas (SP) e deixa 30 feridos - Miradouro Not\u00edcias","robots":{"index":"index","follow":"follow","max-snippet":"max-snippet:-1","max-image-preview":"max-image-preview:large","max-video-preview":"max-video-preview:-1"},"canonical":"https:\/\/miradouronoticias.com\/site\/2023\/09\/17\/onibus-cai-em-vao-de-viaduto-em-campinas-sp-e-deixa-30-feridos\/","og_locale":"pt_BR","og_type":"article","og_title":"\u00d4nibus cai em v\u00e3o de viaduto em Campinas (SP) e deixa 30 feridos - Miradouro Not\u00edcias","og_description":"A Pol\u00edcia Rodovi\u00e1ria disse que as causas do acidente ser\u00e3o investigada Um \u00f4nibus de turismo trafegava pela Rodovia Governador Doutor Adhemar Pereira de Barros (SP-340) quando caiu no v\u00e3o de um viaduto, na cidade de Campinas, interior de S\u00e3o Paulo. Segundo informa\u00e7\u00f5es passadas pela Renovias, concession\u00e1ria da rodovia, o acidente ocorreu por volta das 2h50 [&hellip;]","og_url":"https:\/\/miradouronoticias.com\/site\/2023\/09\/17\/onibus-cai-em-vao-de-viaduto-em-campinas-sp-e-deixa-30-feridos\/","og_site_name":"Miradouro Not\u00edcias","article_published_time":"2023-09-17T19:16:15+00:00","article_modified_time":"2023-09-17T19:16:59+00:00","og_image":[{"width":984,"height":541,"url":"https:\/\/miradouronoticias.com\/site\/wp-content\/uploads\/2023\/09\/onibus.jpeg","type":"image\/jpeg"}],"author":"Cl\u00e1udia Olyver","twitter_card":"summary_large_image","twitter_misc":{"Escrito por":"Cl\u00e1udia Olyver","Est. tempo de leitura":"1 minuto"},"schema":{"@context":"https:\/\/schema.org","@graph":[{"@type":"Article","@id":"https:\/\/miradouronoticias.com\/site\/2023\/09\/17\/onibus-cai-em-vao-de-viaduto-em-campinas-sp-e-deixa-30-feridos\/#article","isPartOf":{"@id":"https:\/\/miradouronoticias.com\/site\/2023\/09\/17\/onibus-cai-em-vao-de-viaduto-em-campinas-sp-e-deixa-30-feridos\/"},"author":{"name":"Cl\u00e1udia Olyver","@id":"https:\/\/miradouronoticias.com\/site\/#\/schema\/person\/73440d8c82222950df86f3e1a16aad3b"},"headline":"\u00d4nibus cai em v\u00e3o de viaduto em Campinas (SP) e deixa 30 feridos","datePublished":"2023-09-17T19:16:15+00:00","dateModified":"2023-09-17T19:16:59+00:00","mainEntityOfPage":{"@id":"https:\/\/miradouronoticias.com\/site\/2023\/09\/17\/onibus-cai-em-vao-de-viaduto-em-campinas-sp-e-deixa-30-feridos\/"},"wordCount":168,"commentCount":0,"publisher":{"@id":"https:\/\/miradouronoticias.com\/site\/#organization"},"image":{"@id":"https:\/\/miradouronoticias.com\/site\/2023\/09\/17\/onibus-cai-em-vao-de-viaduto-em-campinas-sp-e-deixa-30-feridos\/#primaryimage"},"thumbnailUrl":"https:\/\/miradouronoticias.com\/site\/wp-content\/uploads\/2023\/09\/onibus.jpeg","articleSection":["Acidente","Destaque 4"],"inLanguage":"pt-BR","potentialAction":[{"@type":"CommentAction","name":"Comment","target":["https:\/\/miradouronoticias.com\/site\/2023\/09\/17\/onibus-cai-em-vao-de-viaduto-em-campinas-sp-e-deixa-30-feridos\/#respond"]}]},{"@type":"WebPage","@id":"https:\/\/miradouronoticias.com\/site\/2023\/09\/17\/onibus-cai-em-vao-de-viaduto-em-campinas-sp-e-deixa-30-feridos\/","url":"https:\/\/miradouronoticias.com\/site\/2023\/09\/17\/onibus-cai-em-vao-de-viaduto-em-campinas-sp-e-deixa-30-feridos\/","name":"\u00d4nibus cai em v\u00e3o de viaduto em Campinas (SP) e deixa 30 feridos - Miradouro Not\u00edcias","isPartOf":{"@id":"https:\/\/miradouronoticias.com\/site\/#website"},"primaryImageOfPage":{"@id":"https:\/\/miradouronoticias.com\/site\/2023\/09\/17\/onibus-cai-em-vao-de-viaduto-em-campinas-sp-e-deixa-30-feridos\/#primaryimage"},"image":{"@id":"https:\/\/miradouronoticias.com\/site\/2023\/09\/17\/onibus-cai-em-vao-de-viaduto-em-campinas-sp-e-deixa-30-feridos\/#primaryimage"},"thumbnailUrl":"https:\/\/miradouronoticias.com\/site\/wp-content\/uploads\/2023\/09\/onibus.jpeg","datePublished":"2023-09-17T19:16:15+00:00","dateModified":"2023-09-17T19:16:59+00:00","breadcrumb":{"@id":"https:\/\/miradouronoticias.com\/site\/2023\/09\/17\/onibus-cai-em-vao-de-viaduto-em-campinas-sp-e-deixa-30-feridos\/#breadcrumb"},"inLanguage":"pt-BR","potentialAction":[{"@type":"ReadAction","target":["https:\/\/miradouronoticias.com\/site\/2023\/09\/17\/onibus-cai-em-vao-de-viaduto-em-campinas-sp-e-deixa-30-feridos\/"]}]},{"@type":"ImageObject","inLanguage":"pt-BR","@id":"https:\/\/miradouronoticias.com\/site\/2023\/09\/17\/onibus-cai-em-vao-de-viaduto-em-campinas-sp-e-deixa-30-feridos\/#primaryimage","url":"https:\/\/miradouronoticias.com\/site\/wp-content\/uploads\/2023\/09\/onibus.jpeg","contentUrl":"https:\/\/miradouronoticias.com\/site\/wp-content\/uploads\/2023\/09\/onibus.jpeg","width":984,"height":541,"caption":"Foto G1"},{"@type":"BreadcrumbList","@id":"https:\/\/miradouronoticias.com\/site\/2023\/09\/17\/onibus-cai-em-vao-de-viaduto-em-campinas-sp-e-deixa-30-feridos\/#breadcrumb","itemListElement":[{"@type":"ListItem","position":1,"name":"In\u00edcio","item":"https:\/\/miradouronoticias.com\/site\/"},{"@type":"ListItem","position":2,"name":"\u00d4nibus cai em v\u00e3o de viaduto em Campinas (SP) e deixa 30 feridos"}]},{"@type":"WebSite","@id":"https:\/\/miradouronoticias.com\/site\/#website","url":"https:\/\/miradouronoticias.com\/site\/","name":"Miradouro Not\u00edcias","description":"Informa\u00e7\u00f5es da cidade e regi\u00e3o","publisher":{"@id":"https:\/\/miradouronoticias.com\/site\/#organization"},"potentialAction":[{"@type":"SearchAction","target":{"@type":"EntryPoint","urlTemplate":"https:\/\/miradouronoticias.com\/site\/?s={search_term_string}"},"query-input":{"@type":"PropertyValueSpecification","valueRequired":true,"valueName":"search_term_string"}}],"inLanguage":"pt-BR"},{"@type":"Organization","@id":"https:\/\/miradouronoticias.com\/site\/#organization","name":"Miradouro Not\u00edcias","url":"https:\/\/miradouronoticias.com\/site\/","logo":{"@type":"ImageObject","inLanguage":"pt-BR","@id":"https:\/\/miradouronoticias.com\/site\/#\/schema\/logo\/image\/","url":"https:\/\/miradouronoticias.com\/site\/wp-content\/uploads\/2022\/01\/logomarcamiradouronoticias.png","contentUrl":"https:\/\/miradouronoticias.com\/site\/wp-content\/uploads\/2022\/01\/logomarcamiradouronoticias.png","width":747,"height":263,"caption":"Miradouro Not\u00edcias"},"image":{"@id":"https:\/\/miradouronoticias.com\/site\/#\/schema\/logo\/image\/"}},{"@type":"Person","@id":"https:\/\/miradouronoticias.com\/site\/#\/schema\/person\/73440d8c82222950df86f3e1a16aad3b","name":"Cl\u00e1udia Olyver","sameAs":["http:\/\/www.miradouronoticias.com"],"url":"https:\/\/miradouronoticias.com\/site\/author\/claudia\/"}]}},"_links":{"self":[{"href":"https:\/\/miradouronoticias.com\/site\/wp-json\/wp\/v2\/posts\/17797","targetHints":{"allow":["GET"]}}],"collection":[{"href":"https:\/\/miradouronoticias.com\/site\/wp-json\/wp\/v2\/posts"}],"about":[{"href":"https:\/\/miradouronoticias.com\/site\/wp-json\/wp\/v2\/types\/post"}],"author":[{"embeddable":true,"href":"https:\/\/miradouronoticias.com\/site\/wp-json\/wp\/v2\/users\/4"}],"replies":[{"embeddable":true,"href":"https:\/\/miradouronoticias.com\/site\/wp-json\/wp\/v2\/comments?post=17797"}],"version-history":[{"count":2,"href":"https:\/\/miradouronoticias.com\/site\/wp-json\/wp\/v2\/posts\/17797\/revisions"}],"predecessor-version":[{"id":17800,"href":"https:\/\/miradouronoticias.com\/site\/wp-json\/wp\/v2\/posts\/17797\/revisions\/17800"}],"wp:featuredmedia":[{"embeddable":true,"href":"https:\/\/miradouronoticias.com\/site\/wp-json\/wp\/v2\/media\/17798"}],"wp:attachment":[{"href":"https:\/\/miradouronoticias.com\/site\/wp-json\/wp\/v2\/media?parent=17797"}],"wp:term":[{"taxonomy":"category","embeddable":true,"href":"https:\/\/miradouronoticias.com\/site\/wp-json\/wp\/v2\/categories?post=17797"},{"taxonomy":"post_tag","embeddable":true,"href":"https:\/\/miradouronoticias.com\/site\/wp-json\/wp\/v2\/tags?post=17797"}],"curies":[{"name":"wp","href":"https:\/\/api.w.org\/{rel}","templated":true}]}}