{"id":17605,"date":"2023-09-11T15:31:55","date_gmt":"2023-09-11T18:31:55","guid":{"rendered":"https:\/\/miradouronoticias.com\/site\/?p=17605"},"modified":"2023-09-11T15:33:17","modified_gmt":"2023-09-11T18:33:17","slug":"envolvido-ate-os-dentes-diz-lula-sobre-bolsonaro-e-tentativa-de-golpe","status":"publish","type":"post","link":"https:\/\/miradouronoticias.com\/site\/2023\/09\/11\/envolvido-ate-os-dentes-diz-lula-sobre-bolsonaro-e-tentativa-de-golpe\/","title":{"rendered":"Envolvido at\u00e9 os dentes, diz Lula sobre Bolsonaro e tentativa de golpe"},"content":{"rendered":"<h3 class=\"col-10 offset-1 animated fadeInDown dealy-900 display-8 display-md-8 alt-font font-italic my-1 text-center\">Na \u00cdndia, presidente comentou acordo de dela\u00e7\u00e3o premiada de Mauro Cid<\/h3>\n<div class=\"col-lg-12 mb-3\">\n<div class=\"row\">\n<div id=\"tts-container\" class=\"col-xl-7 offset-xl-1 col-lg-8 offset-lg-0 col-md-10 offset-md-1 mb-3\">\n<p><audio id=\"tts-player\" src=\"https:\/\/tts-app.ebc.com.br\/media\/tts\/209567.mp3\" controls=\"controls\" data-mce-fragment=\"1\"><\/audio><\/p>\n<\/div>\n<\/div>\n<\/div>\n<div class=\"col-xl-7 offset-xl-1 col-lg-8 offset-lg-0 col-md-10 offset-md-1 mb-3\">\n<div class=\"post-item alt-font\">\n<div class=\"post-item-wrap\">\n<p>Ao comentar o acordo de dela\u00e7\u00e3o premiada do tenente-coronel Mauro Cid, ex-ajudante de ordens do ex-presidente Jair Bolsonaro, o presidente Luiz In\u00e1cio Lula da Silva disse que Bolsonaro estava \u201cenvolvido at\u00e9 os dentes\u201d no que chamou de perspectiva de golpe de Estado.<img decoding=\"async\" src=\"https:\/\/agenciabrasil.ebc.com.br\/ebc.png?id=1554336&amp;o=node\" \/><img decoding=\"async\" src=\"https:\/\/agenciabrasil.ebc.com.br\/ebc.gif?id=1554336&amp;o=node\" \/><\/p>\n<blockquote><p>\u201cAcho que ele est\u00e1 altamente comprometido. A cada dia, v\u00e3o aparecendo as coisas e, a cada dia, vamos ter certeza de que havia a perspectiva de golpe e que o ex-presidente estava envolvido nela at\u00e9 os dentes. \u00c9 isso que vai ficar claro.\u201d<\/p><\/blockquote>\n<p>Durante coletiva de imprensa em Nova D\u00e9li, na \u00cdndia, Lula evitou comentar detalhes do acordo de dela\u00e7\u00e3o homologado no s\u00e1bado (9) pelo Supremo Tribunal Federal. \u201cN\u00e3o sei o que est\u00e1 l\u00e1. S\u00f3 sabe o delegado que ouviu e o coronel que prestou depoimento. O resto \u00e9 especula\u00e7\u00e3o\u201d.<\/p>\n<p>\u201cO tempo vai se encarregar. A \u00fanica chance que ele [Bolsonaro] tinha de n\u00e3o participar disso era quando ele estava preocupado em vender as joias. Fora isso, ele \u00e9 o respons\u00e1vel por parte das coisas ruins que aconteceram no nosso pa\u00eds.<\/p>\n<\/div>\n<\/div>\n<\/div>\n<h6><strong>Ag\u00eancia Brasil<\/strong><\/h6>\n<hr \/>\n<p><strong><span style=\"color: #ff0000;\">By: miradouronoticias.com.br<\/span><\/strong><\/p>\n","protected":false},"excerpt":{"rendered":"<p>Na \u00cdndia, presidente comentou acordo de dela\u00e7\u00e3o premiada de Mauro Cid Ao comentar o acordo de dela\u00e7\u00e3o premiada do tenente-coronel Mauro Cid, ex-ajudante de ordens do ex-presidente Jair Bolsonaro, o presidente Luiz In\u00e1cio Lula da Silva disse que Bolsonaro estava \u201cenvolvido at\u00e9 os dentes\u201d no que chamou de perspectiva de golpe de Estado. \u201cAcho que [&hellip;]<\/p>\n","protected":false},"author":4,"featured_media":17606,"comment_status":"open","ping_status":"open","sticky":false,"template":"","format":"standard","meta":{"footnotes":""},"categories":[12],"tags":[],"class_list":["post-17605","post","type-post","status-publish","format-standard","has-post-thumbnail","hentry","category-destaque-4"],"yoast_head":"<!-- This site is optimized with the Yoast SEO plugin v27.2 - https:\/\/yoast.com\/product\/yoast-seo-wordpress\/ -->\n<title>Envolvido at\u00e9 os dentes, diz Lula sobre Bolsonaro e tentativa de golpe - Miradouro Not\u00edcias<\/title>\n<meta name=\"robots\" content=\"index, follow, max-snippet:-1, max-image-preview:large, max-video-preview:-1\" \/>\n<link rel=\"canonical\" href=\"https:\/\/miradouronoticias.com\/site\/2023\/09\/11\/envolvido-ate-os-dentes-diz-lula-sobre-bolsonaro-e-tentativa-de-golpe\/\" \/>\n<meta property=\"og:locale\" content=\"pt_BR\" \/>\n<meta property=\"og:type\" content=\"article\" \/>\n<meta property=\"og:title\" content=\"Envolvido at\u00e9 os dentes, diz Lula sobre Bolsonaro e tentativa de golpe - Miradouro Not\u00edcias\" \/>\n<meta property=\"og:description\" content=\"Na \u00cdndia, presidente comentou acordo de dela\u00e7\u00e3o premiada de Mauro Cid Ao comentar o acordo de dela\u00e7\u00e3o premiada do tenente-coronel Mauro Cid, ex-ajudante de ordens do ex-presidente Jair Bolsonaro, o presidente Luiz In\u00e1cio Lula da Silva disse que Bolsonaro estava \u201cenvolvido at\u00e9 os dentes\u201d no que chamou de perspectiva de golpe de Estado. \u201cAcho que [&hellip;]\" \/>\n<meta property=\"og:url\" content=\"https:\/\/miradouronoticias.com\/site\/2023\/09\/11\/envolvido-ate-os-dentes-diz-lula-sobre-bolsonaro-e-tentativa-de-golpe\/\" \/>\n<meta property=\"og:site_name\" content=\"Miradouro Not\u00edcias\" \/>\n<meta property=\"article:published_time\" content=\"2023-09-11T18:31:55+00:00\" \/>\n<meta property=\"article:modified_time\" content=\"2023-09-11T18:33:17+00:00\" \/>\n<meta property=\"og:image\" content=\"https:\/\/miradouronoticias.com\/site\/wp-content\/uploads\/2023\/09\/53179715153_7e0e77c7a8_o_1.jpg\" \/>\n\t<meta property=\"og:image:width\" content=\"1170\" \/>\n\t<meta property=\"og:image:height\" content=\"700\" \/>\n\t<meta property=\"og:image:type\" content=\"image\/jpeg\" \/>\n<meta name=\"author\" content=\"Cl\u00e1udia Olyver\" \/>\n<meta name=\"twitter:card\" content=\"summary_large_image\" \/>\n<meta name=\"twitter:label1\" content=\"Escrito por\" \/>\n\t<meta name=\"twitter:data1\" content=\"Cl\u00e1udia Olyver\" \/>\n\t<meta name=\"twitter:label2\" content=\"Est. tempo de leitura\" \/>\n\t<meta name=\"twitter:data2\" content=\"1 minuto\" \/>\n<script type=\"application\/ld+json\" class=\"yoast-schema-graph\">{\"@context\":\"https:\/\/schema.org\",\"@graph\":[{\"@type\":\"Article\",\"@id\":\"https:\/\/miradouronoticias.com\/site\/2023\/09\/11\/envolvido-ate-os-dentes-diz-lula-sobre-bolsonaro-e-tentativa-de-golpe\/#article\",\"isPartOf\":{\"@id\":\"https:\/\/miradouronoticias.com\/site\/2023\/09\/11\/envolvido-ate-os-dentes-diz-lula-sobre-bolsonaro-e-tentativa-de-golpe\/\"},\"author\":{\"name\":\"Cl\u00e1udia Olyver\",\"@id\":\"https:\/\/miradouronoticias.com\/site\/#\/schema\/person\/73440d8c82222950df86f3e1a16aad3b\"},\"headline\":\"Envolvido at\u00e9 os dentes, diz Lula sobre Bolsonaro e tentativa de golpe\",\"datePublished\":\"2023-09-11T18:31:55+00:00\",\"dateModified\":\"2023-09-11T18:33:17+00:00\",\"mainEntityOfPage\":{\"@id\":\"https:\/\/miradouronoticias.com\/site\/2023\/09\/11\/envolvido-ate-os-dentes-diz-lula-sobre-bolsonaro-e-tentativa-de-golpe\/\"},\"wordCount\":211,\"commentCount\":0,\"publisher\":{\"@id\":\"https:\/\/miradouronoticias.com\/site\/#organization\"},\"image\":{\"@id\":\"https:\/\/miradouronoticias.com\/site\/2023\/09\/11\/envolvido-ate-os-dentes-diz-lula-sobre-bolsonaro-e-tentativa-de-golpe\/#primaryimage\"},\"thumbnailUrl\":\"https:\/\/miradouronoticias.com\/site\/wp-content\/uploads\/2023\/09\/53179715153_7e0e77c7a8_o_1.jpg\",\"articleSection\":[\"Destaque 4\"],\"inLanguage\":\"pt-BR\",\"potentialAction\":[{\"@type\":\"CommentAction\",\"name\":\"Comment\",\"target\":[\"https:\/\/miradouronoticias.com\/site\/2023\/09\/11\/envolvido-ate-os-dentes-diz-lula-sobre-bolsonaro-e-tentativa-de-golpe\/#respond\"]}]},{\"@type\":\"WebPage\",\"@id\":\"https:\/\/miradouronoticias.com\/site\/2023\/09\/11\/envolvido-ate-os-dentes-diz-lula-sobre-bolsonaro-e-tentativa-de-golpe\/\",\"url\":\"https:\/\/miradouronoticias.com\/site\/2023\/09\/11\/envolvido-ate-os-dentes-diz-lula-sobre-bolsonaro-e-tentativa-de-golpe\/\",\"name\":\"Envolvido at\u00e9 os dentes, diz Lula sobre Bolsonaro e tentativa de golpe - Miradouro Not\u00edcias\",\"isPartOf\":{\"@id\":\"https:\/\/miradouronoticias.com\/site\/#website\"},\"primaryImageOfPage\":{\"@id\":\"https:\/\/miradouronoticias.com\/site\/2023\/09\/11\/envolvido-ate-os-dentes-diz-lula-sobre-bolsonaro-e-tentativa-de-golpe\/#primaryimage\"},\"image\":{\"@id\":\"https:\/\/miradouronoticias.com\/site\/2023\/09\/11\/envolvido-ate-os-dentes-diz-lula-sobre-bolsonaro-e-tentativa-de-golpe\/#primaryimage\"},\"thumbnailUrl\":\"https:\/\/miradouronoticias.com\/site\/wp-content\/uploads\/2023\/09\/53179715153_7e0e77c7a8_o_1.jpg\",\"datePublished\":\"2023-09-11T18:31:55+00:00\",\"dateModified\":\"2023-09-11T18:33:17+00:00\",\"breadcrumb\":{\"@id\":\"https:\/\/miradouronoticias.com\/site\/2023\/09\/11\/envolvido-ate-os-dentes-diz-lula-sobre-bolsonaro-e-tentativa-de-golpe\/#breadcrumb\"},\"inLanguage\":\"pt-BR\",\"potentialAction\":[{\"@type\":\"ReadAction\",\"target\":[\"https:\/\/miradouronoticias.com\/site\/2023\/09\/11\/envolvido-ate-os-dentes-diz-lula-sobre-bolsonaro-e-tentativa-de-golpe\/\"]}]},{\"@type\":\"ImageObject\",\"inLanguage\":\"pt-BR\",\"@id\":\"https:\/\/miradouronoticias.com\/site\/2023\/09\/11\/envolvido-ate-os-dentes-diz-lula-sobre-bolsonaro-e-tentativa-de-golpe\/#primaryimage\",\"url\":\"https:\/\/miradouronoticias.com\/site\/wp-content\/uploads\/2023\/09\/53179715153_7e0e77c7a8_o_1.jpg\",\"contentUrl\":\"https:\/\/miradouronoticias.com\/site\/wp-content\/uploads\/2023\/09\/53179715153_7e0e77c7a8_o_1.jpg\",\"width\":1170,\"height\":700,\"caption\":\"Nova Delhi, \u00cdndia, 11.09.2023 - Presidente da Rep\u00fablica, Luiz In\u00e1cio Lula da Silva, concede entrevista coletiva \u00e0 imprensa em Nova Delhi, \u00cdndia, e faz balan\u00e7o da viagem. Foto: Ricardo Stuckert\/PR\"},{\"@type\":\"BreadcrumbList\",\"@id\":\"https:\/\/miradouronoticias.com\/site\/2023\/09\/11\/envolvido-ate-os-dentes-diz-lula-sobre-bolsonaro-e-tentativa-de-golpe\/#breadcrumb\",\"itemListElement\":[{\"@type\":\"ListItem\",\"position\":1,\"name\":\"In\u00edcio\",\"item\":\"https:\/\/miradouronoticias.com\/site\/\"},{\"@type\":\"ListItem\",\"position\":2,\"name\":\"Envolvido at\u00e9 os dentes, diz Lula sobre Bolsonaro e tentativa de golpe\"}]},{\"@type\":\"WebSite\",\"@id\":\"https:\/\/miradouronoticias.com\/site\/#website\",\"url\":\"https:\/\/miradouronoticias.com\/site\/\",\"name\":\"Miradouro Not\u00edcias\",\"description\":\"Informa\u00e7\u00f5es da cidade e regi\u00e3o\",\"publisher\":{\"@id\":\"https:\/\/miradouronoticias.com\/site\/#organization\"},\"potentialAction\":[{\"@type\":\"SearchAction\",\"target\":{\"@type\":\"EntryPoint\",\"urlTemplate\":\"https:\/\/miradouronoticias.com\/site\/?s={search_term_string}\"},\"query-input\":{\"@type\":\"PropertyValueSpecification\",\"valueRequired\":true,\"valueName\":\"search_term_string\"}}],\"inLanguage\":\"pt-BR\"},{\"@type\":\"Organization\",\"@id\":\"https:\/\/miradouronoticias.com\/site\/#organization\",\"name\":\"Miradouro Not\u00edcias\",\"url\":\"https:\/\/miradouronoticias.com\/site\/\",\"logo\":{\"@type\":\"ImageObject\",\"inLanguage\":\"pt-BR\",\"@id\":\"https:\/\/miradouronoticias.com\/site\/#\/schema\/logo\/image\/\",\"url\":\"https:\/\/miradouronoticias.com\/site\/wp-content\/uploads\/2022\/01\/logomarcamiradouronoticias.png\",\"contentUrl\":\"https:\/\/miradouronoticias.com\/site\/wp-content\/uploads\/2022\/01\/logomarcamiradouronoticias.png\",\"width\":747,\"height\":263,\"caption\":\"Miradouro Not\u00edcias\"},\"image\":{\"@id\":\"https:\/\/miradouronoticias.com\/site\/#\/schema\/logo\/image\/\"}},{\"@type\":\"Person\",\"@id\":\"https:\/\/miradouronoticias.com\/site\/#\/schema\/person\/73440d8c82222950df86f3e1a16aad3b\",\"name\":\"Cl\u00e1udia Olyver\",\"sameAs\":[\"http:\/\/www.miradouronoticias.com\"],\"url\":\"https:\/\/miradouronoticias.com\/site\/author\/claudia\/\"}]}<\/script>\n<!-- \/ Yoast SEO plugin. -->","yoast_head_json":{"title":"Envolvido at\u00e9 os dentes, diz Lula sobre Bolsonaro e tentativa de golpe - Miradouro Not\u00edcias","robots":{"index":"index","follow":"follow","max-snippet":"max-snippet:-1","max-image-preview":"max-image-preview:large","max-video-preview":"max-video-preview:-1"},"canonical":"https:\/\/miradouronoticias.com\/site\/2023\/09\/11\/envolvido-ate-os-dentes-diz-lula-sobre-bolsonaro-e-tentativa-de-golpe\/","og_locale":"pt_BR","og_type":"article","og_title":"Envolvido at\u00e9 os dentes, diz Lula sobre Bolsonaro e tentativa de golpe - Miradouro Not\u00edcias","og_description":"Na \u00cdndia, presidente comentou acordo de dela\u00e7\u00e3o premiada de Mauro Cid Ao comentar o acordo de dela\u00e7\u00e3o premiada do tenente-coronel Mauro Cid, ex-ajudante de ordens do ex-presidente Jair Bolsonaro, o presidente Luiz In\u00e1cio Lula da Silva disse que Bolsonaro estava \u201cenvolvido at\u00e9 os dentes\u201d no que chamou de perspectiva de golpe de Estado. \u201cAcho que [&hellip;]","og_url":"https:\/\/miradouronoticias.com\/site\/2023\/09\/11\/envolvido-ate-os-dentes-diz-lula-sobre-bolsonaro-e-tentativa-de-golpe\/","og_site_name":"Miradouro Not\u00edcias","article_published_time":"2023-09-11T18:31:55+00:00","article_modified_time":"2023-09-11T18:33:17+00:00","og_image":[{"width":1170,"height":700,"url":"https:\/\/miradouronoticias.com\/site\/wp-content\/uploads\/2023\/09\/53179715153_7e0e77c7a8_o_1.jpg","type":"image\/jpeg"}],"author":"Cl\u00e1udia Olyver","twitter_card":"summary_large_image","twitter_misc":{"Escrito por":"Cl\u00e1udia Olyver","Est. tempo de leitura":"1 minuto"},"schema":{"@context":"https:\/\/schema.org","@graph":[{"@type":"Article","@id":"https:\/\/miradouronoticias.com\/site\/2023\/09\/11\/envolvido-ate-os-dentes-diz-lula-sobre-bolsonaro-e-tentativa-de-golpe\/#article","isPartOf":{"@id":"https:\/\/miradouronoticias.com\/site\/2023\/09\/11\/envolvido-ate-os-dentes-diz-lula-sobre-bolsonaro-e-tentativa-de-golpe\/"},"author":{"name":"Cl\u00e1udia Olyver","@id":"https:\/\/miradouronoticias.com\/site\/#\/schema\/person\/73440d8c82222950df86f3e1a16aad3b"},"headline":"Envolvido at\u00e9 os dentes, diz Lula sobre Bolsonaro e tentativa de golpe","datePublished":"2023-09-11T18:31:55+00:00","dateModified":"2023-09-11T18:33:17+00:00","mainEntityOfPage":{"@id":"https:\/\/miradouronoticias.com\/site\/2023\/09\/11\/envolvido-ate-os-dentes-diz-lula-sobre-bolsonaro-e-tentativa-de-golpe\/"},"wordCount":211,"commentCount":0,"publisher":{"@id":"https:\/\/miradouronoticias.com\/site\/#organization"},"image":{"@id":"https:\/\/miradouronoticias.com\/site\/2023\/09\/11\/envolvido-ate-os-dentes-diz-lula-sobre-bolsonaro-e-tentativa-de-golpe\/#primaryimage"},"thumbnailUrl":"https:\/\/miradouronoticias.com\/site\/wp-content\/uploads\/2023\/09\/53179715153_7e0e77c7a8_o_1.jpg","articleSection":["Destaque 4"],"inLanguage":"pt-BR","potentialAction":[{"@type":"CommentAction","name":"Comment","target":["https:\/\/miradouronoticias.com\/site\/2023\/09\/11\/envolvido-ate-os-dentes-diz-lula-sobre-bolsonaro-e-tentativa-de-golpe\/#respond"]}]},{"@type":"WebPage","@id":"https:\/\/miradouronoticias.com\/site\/2023\/09\/11\/envolvido-ate-os-dentes-diz-lula-sobre-bolsonaro-e-tentativa-de-golpe\/","url":"https:\/\/miradouronoticias.com\/site\/2023\/09\/11\/envolvido-ate-os-dentes-diz-lula-sobre-bolsonaro-e-tentativa-de-golpe\/","name":"Envolvido at\u00e9 os dentes, diz Lula sobre Bolsonaro e tentativa de golpe - Miradouro Not\u00edcias","isPartOf":{"@id":"https:\/\/miradouronoticias.com\/site\/#website"},"primaryImageOfPage":{"@id":"https:\/\/miradouronoticias.com\/site\/2023\/09\/11\/envolvido-ate-os-dentes-diz-lula-sobre-bolsonaro-e-tentativa-de-golpe\/#primaryimage"},"image":{"@id":"https:\/\/miradouronoticias.com\/site\/2023\/09\/11\/envolvido-ate-os-dentes-diz-lula-sobre-bolsonaro-e-tentativa-de-golpe\/#primaryimage"},"thumbnailUrl":"https:\/\/miradouronoticias.com\/site\/wp-content\/uploads\/2023\/09\/53179715153_7e0e77c7a8_o_1.jpg","datePublished":"2023-09-11T18:31:55+00:00","dateModified":"2023-09-11T18:33:17+00:00","breadcrumb":{"@id":"https:\/\/miradouronoticias.com\/site\/2023\/09\/11\/envolvido-ate-os-dentes-diz-lula-sobre-bolsonaro-e-tentativa-de-golpe\/#breadcrumb"},"inLanguage":"pt-BR","potentialAction":[{"@type":"ReadAction","target":["https:\/\/miradouronoticias.com\/site\/2023\/09\/11\/envolvido-ate-os-dentes-diz-lula-sobre-bolsonaro-e-tentativa-de-golpe\/"]}]},{"@type":"ImageObject","inLanguage":"pt-BR","@id":"https:\/\/miradouronoticias.com\/site\/2023\/09\/11\/envolvido-ate-os-dentes-diz-lula-sobre-bolsonaro-e-tentativa-de-golpe\/#primaryimage","url":"https:\/\/miradouronoticias.com\/site\/wp-content\/uploads\/2023\/09\/53179715153_7e0e77c7a8_o_1.jpg","contentUrl":"https:\/\/miradouronoticias.com\/site\/wp-content\/uploads\/2023\/09\/53179715153_7e0e77c7a8_o_1.jpg","width":1170,"height":700,"caption":"Nova Delhi, \u00cdndia, 11.09.2023 - Presidente da Rep\u00fablica, Luiz In\u00e1cio Lula da Silva, concede entrevista coletiva \u00e0 imprensa em Nova Delhi, \u00cdndia, e faz balan\u00e7o da viagem. Foto: Ricardo Stuckert\/PR"},{"@type":"BreadcrumbList","@id":"https:\/\/miradouronoticias.com\/site\/2023\/09\/11\/envolvido-ate-os-dentes-diz-lula-sobre-bolsonaro-e-tentativa-de-golpe\/#breadcrumb","itemListElement":[{"@type":"ListItem","position":1,"name":"In\u00edcio","item":"https:\/\/miradouronoticias.com\/site\/"},{"@type":"ListItem","position":2,"name":"Envolvido at\u00e9 os dentes, diz Lula sobre Bolsonaro e tentativa de golpe"}]},{"@type":"WebSite","@id":"https:\/\/miradouronoticias.com\/site\/#website","url":"https:\/\/miradouronoticias.com\/site\/","name":"Miradouro Not\u00edcias","description":"Informa\u00e7\u00f5es da cidade e regi\u00e3o","publisher":{"@id":"https:\/\/miradouronoticias.com\/site\/#organization"},"potentialAction":[{"@type":"SearchAction","target":{"@type":"EntryPoint","urlTemplate":"https:\/\/miradouronoticias.com\/site\/?s={search_term_string}"},"query-input":{"@type":"PropertyValueSpecification","valueRequired":true,"valueName":"search_term_string"}}],"inLanguage":"pt-BR"},{"@type":"Organization","@id":"https:\/\/miradouronoticias.com\/site\/#organization","name":"Miradouro Not\u00edcias","url":"https:\/\/miradouronoticias.com\/site\/","logo":{"@type":"ImageObject","inLanguage":"pt-BR","@id":"https:\/\/miradouronoticias.com\/site\/#\/schema\/logo\/image\/","url":"https:\/\/miradouronoticias.com\/site\/wp-content\/uploads\/2022\/01\/logomarcamiradouronoticias.png","contentUrl":"https:\/\/miradouronoticias.com\/site\/wp-content\/uploads\/2022\/01\/logomarcamiradouronoticias.png","width":747,"height":263,"caption":"Miradouro Not\u00edcias"},"image":{"@id":"https:\/\/miradouronoticias.com\/site\/#\/schema\/logo\/image\/"}},{"@type":"Person","@id":"https:\/\/miradouronoticias.com\/site\/#\/schema\/person\/73440d8c82222950df86f3e1a16aad3b","name":"Cl\u00e1udia Olyver","sameAs":["http:\/\/www.miradouronoticias.com"],"url":"https:\/\/miradouronoticias.com\/site\/author\/claudia\/"}]}},"_links":{"self":[{"href":"https:\/\/miradouronoticias.com\/site\/wp-json\/wp\/v2\/posts\/17605","targetHints":{"allow":["GET"]}}],"collection":[{"href":"https:\/\/miradouronoticias.com\/site\/wp-json\/wp\/v2\/posts"}],"about":[{"href":"https:\/\/miradouronoticias.com\/site\/wp-json\/wp\/v2\/types\/post"}],"author":[{"embeddable":true,"href":"https:\/\/miradouronoticias.com\/site\/wp-json\/wp\/v2\/users\/4"}],"replies":[{"embeddable":true,"href":"https:\/\/miradouronoticias.com\/site\/wp-json\/wp\/v2\/comments?post=17605"}],"version-history":[{"count":2,"href":"https:\/\/miradouronoticias.com\/site\/wp-json\/wp\/v2\/posts\/17605\/revisions"}],"predecessor-version":[{"id":17608,"href":"https:\/\/miradouronoticias.com\/site\/wp-json\/wp\/v2\/posts\/17605\/revisions\/17608"}],"wp:featuredmedia":[{"embeddable":true,"href":"https:\/\/miradouronoticias.com\/site\/wp-json\/wp\/v2\/media\/17606"}],"wp:attachment":[{"href":"https:\/\/miradouronoticias.com\/site\/wp-json\/wp\/v2\/media?parent=17605"}],"wp:term":[{"taxonomy":"category","embeddable":true,"href":"https:\/\/miradouronoticias.com\/site\/wp-json\/wp\/v2\/categories?post=17605"},{"taxonomy":"post_tag","embeddable":true,"href":"https:\/\/miradouronoticias.com\/site\/wp-json\/wp\/v2\/tags?post=17605"}],"curies":[{"name":"wp","href":"https:\/\/api.w.org\/{rel}","templated":true}]}}