{"id":17563,"date":"2023-09-11T08:50:45","date_gmt":"2023-09-11T11:50:45","guid":{"rendered":"https:\/\/miradouronoticias.com\/site\/?p=17563"},"modified":"2023-09-11T08:50:45","modified_gmt":"2023-09-11T11:50:45","slug":"dois-acidentes-mobilizam-equipes-de-resgate-na-br-262","status":"publish","type":"post","link":"https:\/\/miradouronoticias.com\/site\/2023\/09\/11\/dois-acidentes-mobilizam-equipes-de-resgate-na-br-262\/","title":{"rendered":"Dois acidentes mobilizam equipes de resgate na BR-262"},"content":{"rendered":"<section class=\"banner-topo-mobile banner-bg pt-3 pb-3\">\n<div class=\"container d-flex justify-content-center\">\n<div id=\"div-gpt-ad-1539952744893-0\" data-google-query-id=\"CNnEwvC7ooEDFSlQ3QIdB0wPPQ\">\n<div id=\"google_ads_iframe_\/53548653\/portal-home-mobile-300x100-01_0__container__\"><\/div>\n<\/div>\n<\/div>\n<\/section>\n<section class=\"noticia\">\n<div class=\"container\">\n<div class=\"row\">\n<div class=\"col-xs-12 col-md-12 col-lg-8\">\n<article class=\"noticia-texto st-swap-parent st-swap--active\">\n<div class=\"img-galeria-noticia\">\n<div id=\"gallerianoticia\">\n<div class=\"galleria-container touch galleria-theme-classic\">\n<div class=\"galleria-stage\">\n<div class=\"galleria-images\">\n<div class=\"galleria-image\"><img loading=\"lazy\" decoding=\"async\" src=\"https:\/\/www.portalcaparao.com.br\/assets\/galeriadefotos\/20230910_210936\/Imagem%20do%20WhatsApp%20de%202023-09-10%20%C3%A0(s)%2020.44.05.jpg\" width=\"330\" height=\"316\" \/><\/div>\n<div class=\"galleria-image\">\n<div class=\"galleria-layer\"><\/div>\n<p><img loading=\"lazy\" decoding=\"async\" src=\"https:\/\/www.portalcaparao.com.br\/assets\/galeriadefotos\/20230910_210936\/photo_1_2023-09-10_20-11-25.jpg\" width=\"330\" height=\"238\" \/><\/div>\n<div class=\"galleria-image\">\n<div class=\"galleria-layer\"><\/div>\n<p><img loading=\"lazy\" decoding=\"async\" src=\"https:\/\/www.portalcaparao.com.br\/assets\/galeriadefotos\/20230910_210936\/photo_2023-09-10_20-12-36.jpg\" width=\"357\" height=\"201\" \/><\/div>\n<div class=\"galleria-image\">\n<div class=\"galleria-layer\"><\/div>\n<p><img loading=\"lazy\" decoding=\"async\" src=\"https:\/\/www.portalcaparao.com.br\/assets\/galeriadefotos\/20230910_210936\/photo_2023-09-10_20-13-22.jpg\" width=\"357\" height=\"201\" \/><\/div>\n<\/div>\n<\/div>\n<div class=\"galleria-thumbnails-container\">\n<div class=\"galleria-thumbnails-list\">\n<div class=\"galleria-thumbnails\"><\/div>\n<\/div>\n<\/div>\n<div class=\"galleria-tooltip\"><strong>RIO CASCA (MG) &#8211; <\/strong>Neste domingo (10\/09), na volta do feriado de 7 de setembro, dois acidentes graves mobilizaram v\u00e1rias equipes de resgate na Rodovia BR-262, no trecho entre S\u00e3o Domingos do Prata e Rio Casca. Dois helic\u00f3pteros foram empenhados no socorro das v\u00edtimas.<\/div>\n<\/div>\n<\/div>\n<\/div>\n<p>Segundo informa\u00e7\u00f5es, o primeiro acidente aconteceu na altura do km 151, onde houve uma colis\u00e3o envolvendo caminh\u00e3o e carreta. Um casal que estava no caminh\u00e3o ficou preso \u00e0s ferragens e precisou ser resgatado pelos bombeiros.<\/p>\n<p>O condutor, que sofreu uma les\u00e3o grave na perna e foi levado para o hospital de Ponte Nova, j\u00e1 a mulher foi transportada no helic\u00f3ptero Arcanjo do Corpo de Bombeiros, e levada para o Hospital de Pronto Socorro Jo\u00e3o XXIII, em Belo Horizonte.<\/p>\n<p><iframe loading=\"lazy\" id=\"st-in-video-iframed-yt_1\" class=\"st-swap-player\" title=\"Dois acidentes mobilizam equipes de resgate na BR-262.\" src=\"https:\/\/www.youtube.com\/embed\/qnx52oY-D24?si=UWSaAYnurY_afQe7&amp;enablejsapi=1\" width=\"560\" height=\"315\" frameborder=\"0\" allowfullscreen=\"allowfullscreen\" data-src=\"https:\/\/www.youtube.com\/embed\/qnx52oY-D24?si=UWSaAYnurY_afQe7&amp;enablejsapi=1\" data-mce-fragment=\"1\"><\/iframe><\/p>\n<p>O Corpo de Bombeiros informou que devido a colis\u00e3o, um carro foi atingido e despencou na ribanceira, por\u00e9m nenhum ocupante se feriu. Na carreta tamb\u00e9m n\u00e3o teve v\u00edtimas.<\/p>\n<div id=\"supertag-ad-2hmv7xsg1\">\n<div class=\"clever-core-ads\"><\/div>\n<\/div>\n<p>Durante o atendimento da ocorr\u00eancia, os militares foram avisados de um outro acidente nas proximidades. Um carro saiu da pista e capotou na ribanceira com tr\u00eas pessoas, duas foram levadas para o hospital de Jo\u00e3o Monlevade e outra foi socorrida de helic\u00f3ptero.<\/p>\n<p>Thales Ben\u00edcio \/ Imagens Corpo de Bombeiros<\/p>\n<p><img loading=\"lazy\" decoding=\"async\" class=\"alignnone size-medium wp-image-17564\" src=\"https:\/\/miradouronoticias.com\/site\/wp-content\/uploads\/2023\/09\/photo_1_2023-09-10_20-11-25-300x217.jpg\" alt=\"\" width=\"300\" height=\"217\" srcset=\"https:\/\/miradouronoticias.com\/site\/wp-content\/uploads\/2023\/09\/photo_1_2023-09-10_20-11-25-300x217.jpg 300w, https:\/\/miradouronoticias.com\/site\/wp-content\/uploads\/2023\/09\/photo_1_2023-09-10_20-11-25-1024x739.jpg 1024w, https:\/\/miradouronoticias.com\/site\/wp-content\/uploads\/2023\/09\/photo_1_2023-09-10_20-11-25-768x554.jpg 768w, https:\/\/miradouronoticias.com\/site\/wp-content\/uploads\/2023\/09\/photo_1_2023-09-10_20-11-25.jpg 1212w\" sizes=\"auto, (max-width: 300px) 100vw, 300px\" \/> <img loading=\"lazy\" decoding=\"async\" class=\"alignnone size-medium wp-image-17565\" src=\"https:\/\/miradouronoticias.com\/site\/wp-content\/uploads\/2023\/09\/photo_2023-09-10_20-12-36-300x169.jpg\" alt=\"\" width=\"300\" height=\"169\" srcset=\"https:\/\/miradouronoticias.com\/site\/wp-content\/uploads\/2023\/09\/photo_2023-09-10_20-12-36-300x169.jpg 300w, https:\/\/miradouronoticias.com\/site\/wp-content\/uploads\/2023\/09\/photo_2023-09-10_20-12-36-1024x576.jpg 1024w, https:\/\/miradouronoticias.com\/site\/wp-content\/uploads\/2023\/09\/photo_2023-09-10_20-12-36-768x432.jpg 768w, https:\/\/miradouronoticias.com\/site\/wp-content\/uploads\/2023\/09\/photo_2023-09-10_20-12-36.jpg 1280w\" sizes=\"auto, (max-width: 300px) 100vw, 300px\" \/> <img loading=\"lazy\" decoding=\"async\" class=\"alignnone size-medium wp-image-17566\" src=\"https:\/\/miradouronoticias.com\/site\/wp-content\/uploads\/2023\/09\/photo_2023-09-10_20-13-22-300x169.jpg\" alt=\"\" width=\"300\" height=\"169\" srcset=\"https:\/\/miradouronoticias.com\/site\/wp-content\/uploads\/2023\/09\/photo_2023-09-10_20-13-22-300x169.jpg 300w, https:\/\/miradouronoticias.com\/site\/wp-content\/uploads\/2023\/09\/photo_2023-09-10_20-13-22-1024x576.jpg 1024w, https:\/\/miradouronoticias.com\/site\/wp-content\/uploads\/2023\/09\/photo_2023-09-10_20-13-22-768x432.jpg 768w, https:\/\/miradouronoticias.com\/site\/wp-content\/uploads\/2023\/09\/photo_2023-09-10_20-13-22.jpg 1280w\" sizes=\"auto, (max-width: 300px) 100vw, 300px\" \/><\/p>\n<\/article>\n<\/div>\n<\/div>\n<\/div>\n<\/section>\n<h6><strong>Fonte: portal Capra\u00f3<\/strong><\/h6>\n<hr \/>\n<p><strong><span style=\"color: #ff0000;\">By:\u00a0<\/span><\/strong><\/p>\n","protected":false},"excerpt":{"rendered":"<p>RIO CASCA (MG) &#8211; Neste domingo (10\/09), na volta do feriado de 7 de setembro, dois acidentes graves mobilizaram v\u00e1rias equipes de resgate na Rodovia BR-262, no trecho entre S\u00e3o Domingos do Prata e Rio Casca. Dois helic\u00f3pteros foram empenhados no socorro das v\u00edtimas. Segundo informa\u00e7\u00f5es, o primeiro acidente aconteceu na altura do km 151, [&hellip;]<\/p>\n","protected":false},"author":4,"featured_media":17564,"comment_status":"open","ping_status":"open","sticky":false,"template":"","format":"standard","meta":{"footnotes":""},"categories":[24,12],"tags":[],"class_list":["post-17563","post","type-post","status-publish","format-standard","has-post-thumbnail","hentry","category-acidente","category-destaque-4"],"yoast_head":"<!-- This site is optimized with the Yoast SEO plugin v27.2 - https:\/\/yoast.com\/product\/yoast-seo-wordpress\/ -->\n<title>Dois acidentes mobilizam equipes de resgate na BR-262 - Miradouro Not\u00edcias<\/title>\n<meta name=\"robots\" content=\"index, follow, max-snippet:-1, max-image-preview:large, max-video-preview:-1\" \/>\n<link rel=\"canonical\" href=\"https:\/\/miradouronoticias.com\/site\/2023\/09\/11\/dois-acidentes-mobilizam-equipes-de-resgate-na-br-262\/\" \/>\n<meta property=\"og:locale\" content=\"pt_BR\" \/>\n<meta property=\"og:type\" content=\"article\" \/>\n<meta property=\"og:title\" content=\"Dois acidentes mobilizam equipes de resgate na BR-262 - Miradouro Not\u00edcias\" \/>\n<meta property=\"og:description\" content=\"RIO CASCA (MG) &#8211; Neste domingo (10\/09), na volta do feriado de 7 de setembro, dois acidentes graves mobilizaram v\u00e1rias equipes de resgate na Rodovia BR-262, no trecho entre S\u00e3o Domingos do Prata e Rio Casca. Dois helic\u00f3pteros foram empenhados no socorro das v\u00edtimas. Segundo informa\u00e7\u00f5es, o primeiro acidente aconteceu na altura do km 151, [&hellip;]\" \/>\n<meta property=\"og:url\" content=\"https:\/\/miradouronoticias.com\/site\/2023\/09\/11\/dois-acidentes-mobilizam-equipes-de-resgate-na-br-262\/\" \/>\n<meta property=\"og:site_name\" content=\"Miradouro Not\u00edcias\" \/>\n<meta property=\"article:published_time\" content=\"2023-09-11T11:50:45+00:00\" \/>\n<meta property=\"og:image\" content=\"https:\/\/miradouronoticias.com\/site\/wp-content\/uploads\/2023\/09\/photo_1_2023-09-10_20-11-25.jpg\" \/>\n\t<meta property=\"og:image:width\" content=\"1212\" \/>\n\t<meta property=\"og:image:height\" content=\"875\" \/>\n\t<meta property=\"og:image:type\" content=\"image\/jpeg\" \/>\n<meta name=\"author\" content=\"Cl\u00e1udia Olyver\" \/>\n<meta name=\"twitter:card\" content=\"summary_large_image\" \/>\n<meta name=\"twitter:label1\" content=\"Escrito por\" \/>\n\t<meta name=\"twitter:data1\" content=\"Cl\u00e1udia Olyver\" \/>\n\t<meta name=\"twitter:label2\" content=\"Est. tempo de leitura\" \/>\n\t<meta name=\"twitter:data2\" content=\"1 minuto\" \/>\n<script type=\"application\/ld+json\" class=\"yoast-schema-graph\">{\"@context\":\"https:\/\/schema.org\",\"@graph\":[{\"@type\":\"Article\",\"@id\":\"https:\/\/miradouronoticias.com\/site\/2023\/09\/11\/dois-acidentes-mobilizam-equipes-de-resgate-na-br-262\/#article\",\"isPartOf\":{\"@id\":\"https:\/\/miradouronoticias.com\/site\/2023\/09\/11\/dois-acidentes-mobilizam-equipes-de-resgate-na-br-262\/\"},\"author\":{\"name\":\"Cl\u00e1udia Olyver\",\"@id\":\"https:\/\/miradouronoticias.com\/site\/#\/schema\/person\/73440d8c82222950df86f3e1a16aad3b\"},\"headline\":\"Dois acidentes mobilizam equipes de resgate na BR-262\",\"datePublished\":\"2023-09-11T11:50:45+00:00\",\"mainEntityOfPage\":{\"@id\":\"https:\/\/miradouronoticias.com\/site\/2023\/09\/11\/dois-acidentes-mobilizam-equipes-de-resgate-na-br-262\/\"},\"wordCount\":228,\"commentCount\":0,\"publisher\":{\"@id\":\"https:\/\/miradouronoticias.com\/site\/#organization\"},\"image\":{\"@id\":\"https:\/\/miradouronoticias.com\/site\/2023\/09\/11\/dois-acidentes-mobilizam-equipes-de-resgate-na-br-262\/#primaryimage\"},\"thumbnailUrl\":\"https:\/\/miradouronoticias.com\/site\/wp-content\/uploads\/2023\/09\/photo_1_2023-09-10_20-11-25.jpg\",\"articleSection\":[\"Acidente\",\"Destaque 4\"],\"inLanguage\":\"pt-BR\",\"potentialAction\":[{\"@type\":\"CommentAction\",\"name\":\"Comment\",\"target\":[\"https:\/\/miradouronoticias.com\/site\/2023\/09\/11\/dois-acidentes-mobilizam-equipes-de-resgate-na-br-262\/#respond\"]}]},{\"@type\":\"WebPage\",\"@id\":\"https:\/\/miradouronoticias.com\/site\/2023\/09\/11\/dois-acidentes-mobilizam-equipes-de-resgate-na-br-262\/\",\"url\":\"https:\/\/miradouronoticias.com\/site\/2023\/09\/11\/dois-acidentes-mobilizam-equipes-de-resgate-na-br-262\/\",\"name\":\"Dois acidentes mobilizam equipes de resgate na BR-262 - Miradouro Not\u00edcias\",\"isPartOf\":{\"@id\":\"https:\/\/miradouronoticias.com\/site\/#website\"},\"primaryImageOfPage\":{\"@id\":\"https:\/\/miradouronoticias.com\/site\/2023\/09\/11\/dois-acidentes-mobilizam-equipes-de-resgate-na-br-262\/#primaryimage\"},\"image\":{\"@id\":\"https:\/\/miradouronoticias.com\/site\/2023\/09\/11\/dois-acidentes-mobilizam-equipes-de-resgate-na-br-262\/#primaryimage\"},\"thumbnailUrl\":\"https:\/\/miradouronoticias.com\/site\/wp-content\/uploads\/2023\/09\/photo_1_2023-09-10_20-11-25.jpg\",\"datePublished\":\"2023-09-11T11:50:45+00:00\",\"breadcrumb\":{\"@id\":\"https:\/\/miradouronoticias.com\/site\/2023\/09\/11\/dois-acidentes-mobilizam-equipes-de-resgate-na-br-262\/#breadcrumb\"},\"inLanguage\":\"pt-BR\",\"potentialAction\":[{\"@type\":\"ReadAction\",\"target\":[\"https:\/\/miradouronoticias.com\/site\/2023\/09\/11\/dois-acidentes-mobilizam-equipes-de-resgate-na-br-262\/\"]}]},{\"@type\":\"ImageObject\",\"inLanguage\":\"pt-BR\",\"@id\":\"https:\/\/miradouronoticias.com\/site\/2023\/09\/11\/dois-acidentes-mobilizam-equipes-de-resgate-na-br-262\/#primaryimage\",\"url\":\"https:\/\/miradouronoticias.com\/site\/wp-content\/uploads\/2023\/09\/photo_1_2023-09-10_20-11-25.jpg\",\"contentUrl\":\"https:\/\/miradouronoticias.com\/site\/wp-content\/uploads\/2023\/09\/photo_1_2023-09-10_20-11-25.jpg\",\"width\":1212,\"height\":875},{\"@type\":\"BreadcrumbList\",\"@id\":\"https:\/\/miradouronoticias.com\/site\/2023\/09\/11\/dois-acidentes-mobilizam-equipes-de-resgate-na-br-262\/#breadcrumb\",\"itemListElement\":[{\"@type\":\"ListItem\",\"position\":1,\"name\":\"In\u00edcio\",\"item\":\"https:\/\/miradouronoticias.com\/site\/\"},{\"@type\":\"ListItem\",\"position\":2,\"name\":\"Dois acidentes mobilizam equipes de resgate na BR-262\"}]},{\"@type\":\"WebSite\",\"@id\":\"https:\/\/miradouronoticias.com\/site\/#website\",\"url\":\"https:\/\/miradouronoticias.com\/site\/\",\"name\":\"Miradouro Not\u00edcias\",\"description\":\"Informa\u00e7\u00f5es da cidade e regi\u00e3o\",\"publisher\":{\"@id\":\"https:\/\/miradouronoticias.com\/site\/#organization\"},\"potentialAction\":[{\"@type\":\"SearchAction\",\"target\":{\"@type\":\"EntryPoint\",\"urlTemplate\":\"https:\/\/miradouronoticias.com\/site\/?s={search_term_string}\"},\"query-input\":{\"@type\":\"PropertyValueSpecification\",\"valueRequired\":true,\"valueName\":\"search_term_string\"}}],\"inLanguage\":\"pt-BR\"},{\"@type\":\"Organization\",\"@id\":\"https:\/\/miradouronoticias.com\/site\/#organization\",\"name\":\"Miradouro Not\u00edcias\",\"url\":\"https:\/\/miradouronoticias.com\/site\/\",\"logo\":{\"@type\":\"ImageObject\",\"inLanguage\":\"pt-BR\",\"@id\":\"https:\/\/miradouronoticias.com\/site\/#\/schema\/logo\/image\/\",\"url\":\"https:\/\/miradouronoticias.com\/site\/wp-content\/uploads\/2022\/01\/logomarcamiradouronoticias.png\",\"contentUrl\":\"https:\/\/miradouronoticias.com\/site\/wp-content\/uploads\/2022\/01\/logomarcamiradouronoticias.png\",\"width\":747,\"height\":263,\"caption\":\"Miradouro Not\u00edcias\"},\"image\":{\"@id\":\"https:\/\/miradouronoticias.com\/site\/#\/schema\/logo\/image\/\"}},{\"@type\":\"Person\",\"@id\":\"https:\/\/miradouronoticias.com\/site\/#\/schema\/person\/73440d8c82222950df86f3e1a16aad3b\",\"name\":\"Cl\u00e1udia Olyver\",\"sameAs\":[\"http:\/\/www.miradouronoticias.com\"],\"url\":\"https:\/\/miradouronoticias.com\/site\/author\/claudia\/\"}]}<\/script>\n<!-- \/ Yoast SEO plugin. -->","yoast_head_json":{"title":"Dois acidentes mobilizam equipes de resgate na BR-262 - Miradouro Not\u00edcias","robots":{"index":"index","follow":"follow","max-snippet":"max-snippet:-1","max-image-preview":"max-image-preview:large","max-video-preview":"max-video-preview:-1"},"canonical":"https:\/\/miradouronoticias.com\/site\/2023\/09\/11\/dois-acidentes-mobilizam-equipes-de-resgate-na-br-262\/","og_locale":"pt_BR","og_type":"article","og_title":"Dois acidentes mobilizam equipes de resgate na BR-262 - Miradouro Not\u00edcias","og_description":"RIO CASCA (MG) &#8211; Neste domingo (10\/09), na volta do feriado de 7 de setembro, dois acidentes graves mobilizaram v\u00e1rias equipes de resgate na Rodovia BR-262, no trecho entre S\u00e3o Domingos do Prata e Rio Casca. Dois helic\u00f3pteros foram empenhados no socorro das v\u00edtimas. Segundo informa\u00e7\u00f5es, o primeiro acidente aconteceu na altura do km 151, [&hellip;]","og_url":"https:\/\/miradouronoticias.com\/site\/2023\/09\/11\/dois-acidentes-mobilizam-equipes-de-resgate-na-br-262\/","og_site_name":"Miradouro Not\u00edcias","article_published_time":"2023-09-11T11:50:45+00:00","og_image":[{"width":1212,"height":875,"url":"https:\/\/miradouronoticias.com\/site\/wp-content\/uploads\/2023\/09\/photo_1_2023-09-10_20-11-25.jpg","type":"image\/jpeg"}],"author":"Cl\u00e1udia Olyver","twitter_card":"summary_large_image","twitter_misc":{"Escrito por":"Cl\u00e1udia Olyver","Est. tempo de leitura":"1 minuto"},"schema":{"@context":"https:\/\/schema.org","@graph":[{"@type":"Article","@id":"https:\/\/miradouronoticias.com\/site\/2023\/09\/11\/dois-acidentes-mobilizam-equipes-de-resgate-na-br-262\/#article","isPartOf":{"@id":"https:\/\/miradouronoticias.com\/site\/2023\/09\/11\/dois-acidentes-mobilizam-equipes-de-resgate-na-br-262\/"},"author":{"name":"Cl\u00e1udia Olyver","@id":"https:\/\/miradouronoticias.com\/site\/#\/schema\/person\/73440d8c82222950df86f3e1a16aad3b"},"headline":"Dois acidentes mobilizam equipes de resgate na BR-262","datePublished":"2023-09-11T11:50:45+00:00","mainEntityOfPage":{"@id":"https:\/\/miradouronoticias.com\/site\/2023\/09\/11\/dois-acidentes-mobilizam-equipes-de-resgate-na-br-262\/"},"wordCount":228,"commentCount":0,"publisher":{"@id":"https:\/\/miradouronoticias.com\/site\/#organization"},"image":{"@id":"https:\/\/miradouronoticias.com\/site\/2023\/09\/11\/dois-acidentes-mobilizam-equipes-de-resgate-na-br-262\/#primaryimage"},"thumbnailUrl":"https:\/\/miradouronoticias.com\/site\/wp-content\/uploads\/2023\/09\/photo_1_2023-09-10_20-11-25.jpg","articleSection":["Acidente","Destaque 4"],"inLanguage":"pt-BR","potentialAction":[{"@type":"CommentAction","name":"Comment","target":["https:\/\/miradouronoticias.com\/site\/2023\/09\/11\/dois-acidentes-mobilizam-equipes-de-resgate-na-br-262\/#respond"]}]},{"@type":"WebPage","@id":"https:\/\/miradouronoticias.com\/site\/2023\/09\/11\/dois-acidentes-mobilizam-equipes-de-resgate-na-br-262\/","url":"https:\/\/miradouronoticias.com\/site\/2023\/09\/11\/dois-acidentes-mobilizam-equipes-de-resgate-na-br-262\/","name":"Dois acidentes mobilizam equipes de resgate na BR-262 - Miradouro Not\u00edcias","isPartOf":{"@id":"https:\/\/miradouronoticias.com\/site\/#website"},"primaryImageOfPage":{"@id":"https:\/\/miradouronoticias.com\/site\/2023\/09\/11\/dois-acidentes-mobilizam-equipes-de-resgate-na-br-262\/#primaryimage"},"image":{"@id":"https:\/\/miradouronoticias.com\/site\/2023\/09\/11\/dois-acidentes-mobilizam-equipes-de-resgate-na-br-262\/#primaryimage"},"thumbnailUrl":"https:\/\/miradouronoticias.com\/site\/wp-content\/uploads\/2023\/09\/photo_1_2023-09-10_20-11-25.jpg","datePublished":"2023-09-11T11:50:45+00:00","breadcrumb":{"@id":"https:\/\/miradouronoticias.com\/site\/2023\/09\/11\/dois-acidentes-mobilizam-equipes-de-resgate-na-br-262\/#breadcrumb"},"inLanguage":"pt-BR","potentialAction":[{"@type":"ReadAction","target":["https:\/\/miradouronoticias.com\/site\/2023\/09\/11\/dois-acidentes-mobilizam-equipes-de-resgate-na-br-262\/"]}]},{"@type":"ImageObject","inLanguage":"pt-BR","@id":"https:\/\/miradouronoticias.com\/site\/2023\/09\/11\/dois-acidentes-mobilizam-equipes-de-resgate-na-br-262\/#primaryimage","url":"https:\/\/miradouronoticias.com\/site\/wp-content\/uploads\/2023\/09\/photo_1_2023-09-10_20-11-25.jpg","contentUrl":"https:\/\/miradouronoticias.com\/site\/wp-content\/uploads\/2023\/09\/photo_1_2023-09-10_20-11-25.jpg","width":1212,"height":875},{"@type":"BreadcrumbList","@id":"https:\/\/miradouronoticias.com\/site\/2023\/09\/11\/dois-acidentes-mobilizam-equipes-de-resgate-na-br-262\/#breadcrumb","itemListElement":[{"@type":"ListItem","position":1,"name":"In\u00edcio","item":"https:\/\/miradouronoticias.com\/site\/"},{"@type":"ListItem","position":2,"name":"Dois acidentes mobilizam equipes de resgate na BR-262"}]},{"@type":"WebSite","@id":"https:\/\/miradouronoticias.com\/site\/#website","url":"https:\/\/miradouronoticias.com\/site\/","name":"Miradouro Not\u00edcias","description":"Informa\u00e7\u00f5es da cidade e regi\u00e3o","publisher":{"@id":"https:\/\/miradouronoticias.com\/site\/#organization"},"potentialAction":[{"@type":"SearchAction","target":{"@type":"EntryPoint","urlTemplate":"https:\/\/miradouronoticias.com\/site\/?s={search_term_string}"},"query-input":{"@type":"PropertyValueSpecification","valueRequired":true,"valueName":"search_term_string"}}],"inLanguage":"pt-BR"},{"@type":"Organization","@id":"https:\/\/miradouronoticias.com\/site\/#organization","name":"Miradouro Not\u00edcias","url":"https:\/\/miradouronoticias.com\/site\/","logo":{"@type":"ImageObject","inLanguage":"pt-BR","@id":"https:\/\/miradouronoticias.com\/site\/#\/schema\/logo\/image\/","url":"https:\/\/miradouronoticias.com\/site\/wp-content\/uploads\/2022\/01\/logomarcamiradouronoticias.png","contentUrl":"https:\/\/miradouronoticias.com\/site\/wp-content\/uploads\/2022\/01\/logomarcamiradouronoticias.png","width":747,"height":263,"caption":"Miradouro Not\u00edcias"},"image":{"@id":"https:\/\/miradouronoticias.com\/site\/#\/schema\/logo\/image\/"}},{"@type":"Person","@id":"https:\/\/miradouronoticias.com\/site\/#\/schema\/person\/73440d8c82222950df86f3e1a16aad3b","name":"Cl\u00e1udia Olyver","sameAs":["http:\/\/www.miradouronoticias.com"],"url":"https:\/\/miradouronoticias.com\/site\/author\/claudia\/"}]}},"_links":{"self":[{"href":"https:\/\/miradouronoticias.com\/site\/wp-json\/wp\/v2\/posts\/17563","targetHints":{"allow":["GET"]}}],"collection":[{"href":"https:\/\/miradouronoticias.com\/site\/wp-json\/wp\/v2\/posts"}],"about":[{"href":"https:\/\/miradouronoticias.com\/site\/wp-json\/wp\/v2\/types\/post"}],"author":[{"embeddable":true,"href":"https:\/\/miradouronoticias.com\/site\/wp-json\/wp\/v2\/users\/4"}],"replies":[{"embeddable":true,"href":"https:\/\/miradouronoticias.com\/site\/wp-json\/wp\/v2\/comments?post=17563"}],"version-history":[{"count":1,"href":"https:\/\/miradouronoticias.com\/site\/wp-json\/wp\/v2\/posts\/17563\/revisions"}],"predecessor-version":[{"id":17567,"href":"https:\/\/miradouronoticias.com\/site\/wp-json\/wp\/v2\/posts\/17563\/revisions\/17567"}],"wp:featuredmedia":[{"embeddable":true,"href":"https:\/\/miradouronoticias.com\/site\/wp-json\/wp\/v2\/media\/17564"}],"wp:attachment":[{"href":"https:\/\/miradouronoticias.com\/site\/wp-json\/wp\/v2\/media?parent=17563"}],"wp:term":[{"taxonomy":"category","embeddable":true,"href":"https:\/\/miradouronoticias.com\/site\/wp-json\/wp\/v2\/categories?post=17563"},{"taxonomy":"post_tag","embeddable":true,"href":"https:\/\/miradouronoticias.com\/site\/wp-json\/wp\/v2\/tags?post=17563"}],"curies":[{"name":"wp","href":"https:\/\/api.w.org\/{rel}","templated":true}]}}