{"id":17508,"date":"2023-09-08T18:13:28","date_gmt":"2023-09-08T21:13:28","guid":{"rendered":"https:\/\/miradouronoticias.com\/site\/?p=17508"},"modified":"2023-09-08T18:13:28","modified_gmt":"2023-09-08T21:13:28","slug":"governo-anuncia-auxilio-emergencial-para-cidades-afetadas-por-ciclone","status":"publish","type":"post","link":"https:\/\/miradouronoticias.com\/site\/2023\/09\/08\/governo-anuncia-auxilio-emergencial-para-cidades-afetadas-por-ciclone\/","title":{"rendered":"Governo anuncia aux\u00edlio emergencial para cidades afetadas por ciclone"},"content":{"rendered":"<h3 class=\"col-10 offset-1 animated fadeInDown dealy-900 display-8 display-md-8 alt-font font-italic my-1 text-center\">Comitiva do governo federal\u00a0ir\u00e1 visitar estado no domingo<\/h3>\n<p>O presidente em exerc\u00edcio, Geraldo Alckmin, anunciou o repasse de recursos da Uni\u00e3o para as prefeituras do Rio Grande do Sul\u00a0com as situa\u00e7\u00f5es de calamidade e de emerg\u00eancia devidamente reconhecidas pelo Minist\u00e9rio da Integra\u00e7\u00e3o e Desenvolvimento Regional (MDR).\u00a0<img decoding=\"async\" src=\"https:\/\/agenciabrasil.ebc.com.br\/ebc.png?id=1554075&amp;o=node\" \/><img decoding=\"async\" src=\"https:\/\/agenciabrasil.ebc.com.br\/ebc.gif?id=1554075&amp;o=node\" \/><\/p>\n<p>Para\u00a0c\u00e1lculo do repasse, o governo vai considerar\u00a0o valor de R$ 800 por pessoa afetada pelas consequ\u00eancias da passagem do ciclone extratropical nestas localidades.<\/p>\n<p>Alckmin\u00a0esclareceu que os recursos ser\u00e3o\u00a0do Minist\u00e9rio do Desenvolvimento e Assist\u00eancia Social, Fam\u00edlia e Combate \u00e0 Fome (MDS) com o objetivo de ajudar os governos locais a prestarem assist\u00eancia \u00e0s fam\u00edlias desabrigadas.<\/p>\n<blockquote><p>\u201cN\u00f3s vamos liberar R$ 800 por pessoa para que os governo locais possam prestar atendimento a quem perdeu suas moradias\u201d, disse Geraldo Alckmin, logo ap\u00f3s reuni\u00e3o com dez ministros, no Pal\u00e1cio do Planalto.<\/p><\/blockquote>\n<p>O ministro do Desenvolvimento e Assist\u00eancia Social, Fam\u00edlia e Combate \u00e0 Fome, Wellington Dias, explicou que a transfer\u00eancia de recursos depender\u00e1 da apresenta\u00e7\u00e3o, pelas prefeituras ga\u00fachas, da rela\u00e7\u00e3o de pessoas afetadas pelas fortes chuvas.<\/p>\n<p>Wellington Dias destacou que, apesar de 79 munic\u00edpios terem a situa\u00e7\u00e3o de calamidade reconhecida pelo governo federal, este n\u00famero pode aumentar. \u201cO reconhecimento poder\u00e1 chegar hoje a 83 munic\u00edpios. Agora, cada munic\u00edpio apresentar\u00e1 ali a rela\u00e7\u00e3o dos n\u00fameros de desabrigados e n\u00f3s estamos autorizados a atender a todos.\u201d<\/p>\n<h2>Comitiva<\/h2>\n<p>O\u00a0ministro da Secretaria de Comunica\u00e7\u00e3o da Presid\u00eancia, Paulo Pimenta, anunciou que o\u00a0presidente em exerc\u00edcio\u00a0vai liderar uma comitiva de ministros em uma visita aos munic\u00edpios do Rio Grande do Sul, na manh\u00e3 do pr\u00f3ximo domingo (10). Os integrantes do governo federal v\u00e3o desembarcar em Lajeado e dever\u00e3o ir a Roca Sales e Arroio do Meio.<\/p>\n<p>\u201cN\u00f3s vamos, mais uma vez, reunir com o governo do estado, reunir com os prefeitos, visitar regi\u00f5es atingidas para organizar, ainda mais, esse apoio necess\u00e1rio que o governo federal est\u00e1 disponibilizando para o governo do estado e para as prefeituras, especialmente para as comunidades mais atingidas\u201d, disse\u00a0Pimenta.<\/p>\n<h2>Alimentos<\/h2>\n<p>Alckmin confirmou ainda o envio de 20 mil cestas de alimentos. Destas, 5 mil chegar\u00e3o neste domingo.<\/p>\n<p>Al\u00e9m disso, uma sala de situa\u00e7\u00e3o do governo federal ser\u00e1 instalada no Rio Grande do Sul para refor\u00e7ar os trabalhos de atendimento emergencial \u00e0s cidades atingidas pelo\u00a0ciclone extratropical. A coordena\u00e7\u00e3o deste grupo ficar\u00e1 a cargo do comandante do Comando Militar do Sul, general de Ex\u00e9rcito, Hertz Pires do Nascimento.<\/p>\n<h2>Lula<\/h2>\n<p>Geraldo Alckmin\u00a0ocupa o cargo de presidente\u00a0durante a viagem de Luiz In\u00e1cio Lula da Silva a\u00a0Nova D\u00e9li, na \u00cdndia, para\u00a0<a href=\"https:\/\/agenciabrasil.ebc.com.br\/politica\/noticia\/2023-09\/no-g20-lula-vai-discutir-combustiveis-meio-ambiente-e-pobreza\" target=\"_blank\" rel=\"noopener\">participar da C\u00fapula do G20<\/a>.<\/p>\n<p>Perguntado pelos jornalistas\u00a0sobre o motivo de Lula n\u00e3o ter visitado as v\u00edtimas do ciclone no Rio Grande do Sul, Alckmin afirmou que o governo est\u00e1 empenhado em solucionar a quest\u00e3o. \u201cOs seus ministros estiveram l\u00e1 [na quarta-feira]. O presidente [Lula] tinha, ontem, o 7 de Setembro e n\u00e3o tinha como sair. No dia anterior, [o presidente Lula]\u00a0\u00a0teve uma indisposi\u00e7\u00e3o de sa\u00fade, mas todo o governo est\u00e1 empenhado em atender a regi\u00e3o.\u201d<\/p>\n<p>Na rede social X (antigo Twitter), Lula afirmou que orientou o governo a estar &#8220;de prontid\u00e3o&#8221;. &#8220;Prontamente, o @geraldoalckmin, e os ministros e ministras do nosso governo, formaram um comit\u00ea permanente de apoio ao Rio Grande do Sul. Estamos atuando em todas as frentes. Maquin\u00e1rio, tratores, distribui\u00e7\u00e3o de 20 mil cesta de alimentos e kits de sa\u00fade para cerca de 15 mil pessoas est\u00e3o sendo disponibilizados&#8221;, afirmou.<\/p>\n<h2>Situa\u00e7\u00e3o<\/h2>\n<p>As chuvas intensas\u00a0<a href=\"https:\/\/agenciabrasil.ebc.com.br\/geral\/noticia\/2023-09\/mortes-no-rio-grande-do-sul-por-causa-de-ciclone-chegam-41\" target=\"_blank\" rel=\"noopener\">provocaram 41 mortes<\/a>, segundo o \u00faltimo balan\u00e7o da Defesa Civil do estado, divulgado na noite de quinta-feira (7). H\u00e1 ainda 25 pessoas desaparecidas, 43 feridos, 2.944 desabrigados e 7.607 desalojados, em 83 cidades. A estimativa do governo estadual \u00e9 que mais de 120 mil pessoas tenham sido afetadas.<\/p>\n<h6><strong>Ag\u00eancia Brasil<\/strong><\/h6>\n<hr \/>\n<p><strong><span style=\"color: #ff0000;\">By: miradouronoticias.com.br<\/span><\/strong><\/p>\n","protected":false},"excerpt":{"rendered":"<p>Comitiva do governo federal\u00a0ir\u00e1 visitar estado no domingo O presidente em exerc\u00edcio, Geraldo Alckmin, anunciou o repasse de recursos da Uni\u00e3o para as prefeituras do Rio Grande do Sul\u00a0com as situa\u00e7\u00f5es de calamidade e de emerg\u00eancia devidamente reconhecidas pelo Minist\u00e9rio da Integra\u00e7\u00e3o e Desenvolvimento Regional (MDR).\u00a0 Para\u00a0c\u00e1lculo do repasse, o governo vai considerar\u00a0o valor de [&hellip;]<\/p>\n","protected":false},"author":4,"featured_media":17509,"comment_status":"open","ping_status":"open","sticky":false,"template":"","format":"standard","meta":{"footnotes":""},"categories":[10],"tags":[],"class_list":["post-17508","post","type-post","status-publish","format-standard","has-post-thumbnail","hentry","category-destaque-2"],"yoast_head":"<!-- This site is optimized with the Yoast SEO plugin v27.2 - https:\/\/yoast.com\/product\/yoast-seo-wordpress\/ -->\n<title>Governo anuncia aux\u00edlio emergencial para cidades afetadas por ciclone - Miradouro Not\u00edcias<\/title>\n<meta name=\"robots\" content=\"index, follow, max-snippet:-1, max-image-preview:large, max-video-preview:-1\" \/>\n<link rel=\"canonical\" href=\"https:\/\/miradouronoticias.com\/site\/2023\/09\/08\/governo-anuncia-auxilio-emergencial-para-cidades-afetadas-por-ciclone\/\" \/>\n<meta property=\"og:locale\" content=\"pt_BR\" \/>\n<meta property=\"og:type\" content=\"article\" \/>\n<meta property=\"og:title\" content=\"Governo anuncia aux\u00edlio emergencial para cidades afetadas por ciclone - Miradouro Not\u00edcias\" \/>\n<meta property=\"og:description\" content=\"Comitiva do governo federal\u00a0ir\u00e1 visitar estado no domingo O presidente em exerc\u00edcio, Geraldo Alckmin, anunciou o repasse de recursos da Uni\u00e3o para as prefeituras do Rio Grande do Sul\u00a0com as situa\u00e7\u00f5es de calamidade e de emerg\u00eancia devidamente reconhecidas pelo Minist\u00e9rio da Integra\u00e7\u00e3o e Desenvolvimento Regional (MDR).\u00a0 Para\u00a0c\u00e1lculo do repasse, o governo vai considerar\u00a0o valor de [&hellip;]\" \/>\n<meta property=\"og:url\" content=\"https:\/\/miradouronoticias.com\/site\/2023\/09\/08\/governo-anuncia-auxilio-emergencial-para-cidades-afetadas-por-ciclone\/\" \/>\n<meta property=\"og:site_name\" content=\"Miradouro Not\u00edcias\" \/>\n<meta property=\"article:published_time\" content=\"2023-09-08T21:13:28+00:00\" \/>\n<meta property=\"og:image\" content=\"https:\/\/miradouronoticias.com\/site\/wp-content\/uploads\/2023\/09\/53172569237_dbfca7b0b5_o_0.jpg\" \/>\n\t<meta property=\"og:image:width\" content=\"1170\" \/>\n\t<meta property=\"og:image:height\" content=\"700\" \/>\n\t<meta property=\"og:image:type\" content=\"image\/jpeg\" \/>\n<meta name=\"author\" content=\"Cl\u00e1udia Olyver\" \/>\n<meta name=\"twitter:card\" content=\"summary_large_image\" \/>\n<meta name=\"twitter:label1\" content=\"Escrito por\" \/>\n\t<meta name=\"twitter:data1\" content=\"Cl\u00e1udia Olyver\" \/>\n\t<meta name=\"twitter:label2\" content=\"Est. tempo de leitura\" \/>\n\t<meta name=\"twitter:data2\" content=\"3 minutos\" \/>\n<script type=\"application\/ld+json\" class=\"yoast-schema-graph\">{\"@context\":\"https:\/\/schema.org\",\"@graph\":[{\"@type\":\"Article\",\"@id\":\"https:\/\/miradouronoticias.com\/site\/2023\/09\/08\/governo-anuncia-auxilio-emergencial-para-cidades-afetadas-por-ciclone\/#article\",\"isPartOf\":{\"@id\":\"https:\/\/miradouronoticias.com\/site\/2023\/09\/08\/governo-anuncia-auxilio-emergencial-para-cidades-afetadas-por-ciclone\/\"},\"author\":{\"name\":\"Cl\u00e1udia Olyver\",\"@id\":\"https:\/\/miradouronoticias.com\/site\/#\/schema\/person\/73440d8c82222950df86f3e1a16aad3b\"},\"headline\":\"Governo anuncia aux\u00edlio emergencial para cidades afetadas por ciclone\",\"datePublished\":\"2023-09-08T21:13:28+00:00\",\"mainEntityOfPage\":{\"@id\":\"https:\/\/miradouronoticias.com\/site\/2023\/09\/08\/governo-anuncia-auxilio-emergencial-para-cidades-afetadas-por-ciclone\/\"},\"wordCount\":676,\"commentCount\":0,\"publisher\":{\"@id\":\"https:\/\/miradouronoticias.com\/site\/#organization\"},\"image\":{\"@id\":\"https:\/\/miradouronoticias.com\/site\/2023\/09\/08\/governo-anuncia-auxilio-emergencial-para-cidades-afetadas-por-ciclone\/#primaryimage\"},\"thumbnailUrl\":\"https:\/\/miradouronoticias.com\/site\/wp-content\/uploads\/2023\/09\/53172569237_dbfca7b0b5_o_0.jpg\",\"articleSection\":[\"Destaque 2\"],\"inLanguage\":\"pt-BR\",\"potentialAction\":[{\"@type\":\"CommentAction\",\"name\":\"Comment\",\"target\":[\"https:\/\/miradouronoticias.com\/site\/2023\/09\/08\/governo-anuncia-auxilio-emergencial-para-cidades-afetadas-por-ciclone\/#respond\"]}]},{\"@type\":\"WebPage\",\"@id\":\"https:\/\/miradouronoticias.com\/site\/2023\/09\/08\/governo-anuncia-auxilio-emergencial-para-cidades-afetadas-por-ciclone\/\",\"url\":\"https:\/\/miradouronoticias.com\/site\/2023\/09\/08\/governo-anuncia-auxilio-emergencial-para-cidades-afetadas-por-ciclone\/\",\"name\":\"Governo anuncia aux\u00edlio emergencial para cidades afetadas por ciclone - Miradouro Not\u00edcias\",\"isPartOf\":{\"@id\":\"https:\/\/miradouronoticias.com\/site\/#website\"},\"primaryImageOfPage\":{\"@id\":\"https:\/\/miradouronoticias.com\/site\/2023\/09\/08\/governo-anuncia-auxilio-emergencial-para-cidades-afetadas-por-ciclone\/#primaryimage\"},\"image\":{\"@id\":\"https:\/\/miradouronoticias.com\/site\/2023\/09\/08\/governo-anuncia-auxilio-emergencial-para-cidades-afetadas-por-ciclone\/#primaryimage\"},\"thumbnailUrl\":\"https:\/\/miradouronoticias.com\/site\/wp-content\/uploads\/2023\/09\/53172569237_dbfca7b0b5_o_0.jpg\",\"datePublished\":\"2023-09-08T21:13:28+00:00\",\"breadcrumb\":{\"@id\":\"https:\/\/miradouronoticias.com\/site\/2023\/09\/08\/governo-anuncia-auxilio-emergencial-para-cidades-afetadas-por-ciclone\/#breadcrumb\"},\"inLanguage\":\"pt-BR\",\"potentialAction\":[{\"@type\":\"ReadAction\",\"target\":[\"https:\/\/miradouronoticias.com\/site\/2023\/09\/08\/governo-anuncia-auxilio-emergencial-para-cidades-afetadas-por-ciclone\/\"]}]},{\"@type\":\"ImageObject\",\"inLanguage\":\"pt-BR\",\"@id\":\"https:\/\/miradouronoticias.com\/site\/2023\/09\/08\/governo-anuncia-auxilio-emergencial-para-cidades-afetadas-por-ciclone\/#primaryimage\",\"url\":\"https:\/\/miradouronoticias.com\/site\/wp-content\/uploads\/2023\/09\/53172569237_dbfca7b0b5_o_0.jpg\",\"contentUrl\":\"https:\/\/miradouronoticias.com\/site\/wp-content\/uploads\/2023\/09\/53172569237_dbfca7b0b5_o_0.jpg\",\"width\":1170,\"height\":700,\"caption\":\"Bras\u00edlia (DF), 08.09.2023 - Presidente da Rep\u00fablica em Exerc\u00edcio Geraldo Alckmin durante Reuni\u00e3o com Ministros para tratar das enchentes no Rio Grande do Sul no Pal\u00e1cio do Planalto em Bras\u00edlia. Foto: Cadu Gomes\/VPR\"},{\"@type\":\"BreadcrumbList\",\"@id\":\"https:\/\/miradouronoticias.com\/site\/2023\/09\/08\/governo-anuncia-auxilio-emergencial-para-cidades-afetadas-por-ciclone\/#breadcrumb\",\"itemListElement\":[{\"@type\":\"ListItem\",\"position\":1,\"name\":\"In\u00edcio\",\"item\":\"https:\/\/miradouronoticias.com\/site\/\"},{\"@type\":\"ListItem\",\"position\":2,\"name\":\"Governo anuncia aux\u00edlio emergencial para cidades afetadas por ciclone\"}]},{\"@type\":\"WebSite\",\"@id\":\"https:\/\/miradouronoticias.com\/site\/#website\",\"url\":\"https:\/\/miradouronoticias.com\/site\/\",\"name\":\"Miradouro Not\u00edcias\",\"description\":\"Informa\u00e7\u00f5es da cidade e regi\u00e3o\",\"publisher\":{\"@id\":\"https:\/\/miradouronoticias.com\/site\/#organization\"},\"potentialAction\":[{\"@type\":\"SearchAction\",\"target\":{\"@type\":\"EntryPoint\",\"urlTemplate\":\"https:\/\/miradouronoticias.com\/site\/?s={search_term_string}\"},\"query-input\":{\"@type\":\"PropertyValueSpecification\",\"valueRequired\":true,\"valueName\":\"search_term_string\"}}],\"inLanguage\":\"pt-BR\"},{\"@type\":\"Organization\",\"@id\":\"https:\/\/miradouronoticias.com\/site\/#organization\",\"name\":\"Miradouro Not\u00edcias\",\"url\":\"https:\/\/miradouronoticias.com\/site\/\",\"logo\":{\"@type\":\"ImageObject\",\"inLanguage\":\"pt-BR\",\"@id\":\"https:\/\/miradouronoticias.com\/site\/#\/schema\/logo\/image\/\",\"url\":\"https:\/\/miradouronoticias.com\/site\/wp-content\/uploads\/2022\/01\/logomarcamiradouronoticias.png\",\"contentUrl\":\"https:\/\/miradouronoticias.com\/site\/wp-content\/uploads\/2022\/01\/logomarcamiradouronoticias.png\",\"width\":747,\"height\":263,\"caption\":\"Miradouro Not\u00edcias\"},\"image\":{\"@id\":\"https:\/\/miradouronoticias.com\/site\/#\/schema\/logo\/image\/\"}},{\"@type\":\"Person\",\"@id\":\"https:\/\/miradouronoticias.com\/site\/#\/schema\/person\/73440d8c82222950df86f3e1a16aad3b\",\"name\":\"Cl\u00e1udia Olyver\",\"sameAs\":[\"http:\/\/www.miradouronoticias.com\"],\"url\":\"https:\/\/miradouronoticias.com\/site\/author\/claudia\/\"}]}<\/script>\n<!-- \/ Yoast SEO plugin. -->","yoast_head_json":{"title":"Governo anuncia aux\u00edlio emergencial para cidades afetadas por ciclone - Miradouro Not\u00edcias","robots":{"index":"index","follow":"follow","max-snippet":"max-snippet:-1","max-image-preview":"max-image-preview:large","max-video-preview":"max-video-preview:-1"},"canonical":"https:\/\/miradouronoticias.com\/site\/2023\/09\/08\/governo-anuncia-auxilio-emergencial-para-cidades-afetadas-por-ciclone\/","og_locale":"pt_BR","og_type":"article","og_title":"Governo anuncia aux\u00edlio emergencial para cidades afetadas por ciclone - Miradouro Not\u00edcias","og_description":"Comitiva do governo federal\u00a0ir\u00e1 visitar estado no domingo O presidente em exerc\u00edcio, Geraldo Alckmin, anunciou o repasse de recursos da Uni\u00e3o para as prefeituras do Rio Grande do Sul\u00a0com as situa\u00e7\u00f5es de calamidade e de emerg\u00eancia devidamente reconhecidas pelo Minist\u00e9rio da Integra\u00e7\u00e3o e Desenvolvimento Regional (MDR).\u00a0 Para\u00a0c\u00e1lculo do repasse, o governo vai considerar\u00a0o valor de [&hellip;]","og_url":"https:\/\/miradouronoticias.com\/site\/2023\/09\/08\/governo-anuncia-auxilio-emergencial-para-cidades-afetadas-por-ciclone\/","og_site_name":"Miradouro Not\u00edcias","article_published_time":"2023-09-08T21:13:28+00:00","og_image":[{"width":1170,"height":700,"url":"https:\/\/miradouronoticias.com\/site\/wp-content\/uploads\/2023\/09\/53172569237_dbfca7b0b5_o_0.jpg","type":"image\/jpeg"}],"author":"Cl\u00e1udia Olyver","twitter_card":"summary_large_image","twitter_misc":{"Escrito por":"Cl\u00e1udia Olyver","Est. tempo de leitura":"3 minutos"},"schema":{"@context":"https:\/\/schema.org","@graph":[{"@type":"Article","@id":"https:\/\/miradouronoticias.com\/site\/2023\/09\/08\/governo-anuncia-auxilio-emergencial-para-cidades-afetadas-por-ciclone\/#article","isPartOf":{"@id":"https:\/\/miradouronoticias.com\/site\/2023\/09\/08\/governo-anuncia-auxilio-emergencial-para-cidades-afetadas-por-ciclone\/"},"author":{"name":"Cl\u00e1udia Olyver","@id":"https:\/\/miradouronoticias.com\/site\/#\/schema\/person\/73440d8c82222950df86f3e1a16aad3b"},"headline":"Governo anuncia aux\u00edlio emergencial para cidades afetadas por ciclone","datePublished":"2023-09-08T21:13:28+00:00","mainEntityOfPage":{"@id":"https:\/\/miradouronoticias.com\/site\/2023\/09\/08\/governo-anuncia-auxilio-emergencial-para-cidades-afetadas-por-ciclone\/"},"wordCount":676,"commentCount":0,"publisher":{"@id":"https:\/\/miradouronoticias.com\/site\/#organization"},"image":{"@id":"https:\/\/miradouronoticias.com\/site\/2023\/09\/08\/governo-anuncia-auxilio-emergencial-para-cidades-afetadas-por-ciclone\/#primaryimage"},"thumbnailUrl":"https:\/\/miradouronoticias.com\/site\/wp-content\/uploads\/2023\/09\/53172569237_dbfca7b0b5_o_0.jpg","articleSection":["Destaque 2"],"inLanguage":"pt-BR","potentialAction":[{"@type":"CommentAction","name":"Comment","target":["https:\/\/miradouronoticias.com\/site\/2023\/09\/08\/governo-anuncia-auxilio-emergencial-para-cidades-afetadas-por-ciclone\/#respond"]}]},{"@type":"WebPage","@id":"https:\/\/miradouronoticias.com\/site\/2023\/09\/08\/governo-anuncia-auxilio-emergencial-para-cidades-afetadas-por-ciclone\/","url":"https:\/\/miradouronoticias.com\/site\/2023\/09\/08\/governo-anuncia-auxilio-emergencial-para-cidades-afetadas-por-ciclone\/","name":"Governo anuncia aux\u00edlio emergencial para cidades afetadas por ciclone - Miradouro Not\u00edcias","isPartOf":{"@id":"https:\/\/miradouronoticias.com\/site\/#website"},"primaryImageOfPage":{"@id":"https:\/\/miradouronoticias.com\/site\/2023\/09\/08\/governo-anuncia-auxilio-emergencial-para-cidades-afetadas-por-ciclone\/#primaryimage"},"image":{"@id":"https:\/\/miradouronoticias.com\/site\/2023\/09\/08\/governo-anuncia-auxilio-emergencial-para-cidades-afetadas-por-ciclone\/#primaryimage"},"thumbnailUrl":"https:\/\/miradouronoticias.com\/site\/wp-content\/uploads\/2023\/09\/53172569237_dbfca7b0b5_o_0.jpg","datePublished":"2023-09-08T21:13:28+00:00","breadcrumb":{"@id":"https:\/\/miradouronoticias.com\/site\/2023\/09\/08\/governo-anuncia-auxilio-emergencial-para-cidades-afetadas-por-ciclone\/#breadcrumb"},"inLanguage":"pt-BR","potentialAction":[{"@type":"ReadAction","target":["https:\/\/miradouronoticias.com\/site\/2023\/09\/08\/governo-anuncia-auxilio-emergencial-para-cidades-afetadas-por-ciclone\/"]}]},{"@type":"ImageObject","inLanguage":"pt-BR","@id":"https:\/\/miradouronoticias.com\/site\/2023\/09\/08\/governo-anuncia-auxilio-emergencial-para-cidades-afetadas-por-ciclone\/#primaryimage","url":"https:\/\/miradouronoticias.com\/site\/wp-content\/uploads\/2023\/09\/53172569237_dbfca7b0b5_o_0.jpg","contentUrl":"https:\/\/miradouronoticias.com\/site\/wp-content\/uploads\/2023\/09\/53172569237_dbfca7b0b5_o_0.jpg","width":1170,"height":700,"caption":"Bras\u00edlia (DF), 08.09.2023 - Presidente da Rep\u00fablica em Exerc\u00edcio Geraldo Alckmin durante Reuni\u00e3o com Ministros para tratar das enchentes no Rio Grande do Sul no Pal\u00e1cio do Planalto em Bras\u00edlia. Foto: Cadu Gomes\/VPR"},{"@type":"BreadcrumbList","@id":"https:\/\/miradouronoticias.com\/site\/2023\/09\/08\/governo-anuncia-auxilio-emergencial-para-cidades-afetadas-por-ciclone\/#breadcrumb","itemListElement":[{"@type":"ListItem","position":1,"name":"In\u00edcio","item":"https:\/\/miradouronoticias.com\/site\/"},{"@type":"ListItem","position":2,"name":"Governo anuncia aux\u00edlio emergencial para cidades afetadas por ciclone"}]},{"@type":"WebSite","@id":"https:\/\/miradouronoticias.com\/site\/#website","url":"https:\/\/miradouronoticias.com\/site\/","name":"Miradouro Not\u00edcias","description":"Informa\u00e7\u00f5es da cidade e regi\u00e3o","publisher":{"@id":"https:\/\/miradouronoticias.com\/site\/#organization"},"potentialAction":[{"@type":"SearchAction","target":{"@type":"EntryPoint","urlTemplate":"https:\/\/miradouronoticias.com\/site\/?s={search_term_string}"},"query-input":{"@type":"PropertyValueSpecification","valueRequired":true,"valueName":"search_term_string"}}],"inLanguage":"pt-BR"},{"@type":"Organization","@id":"https:\/\/miradouronoticias.com\/site\/#organization","name":"Miradouro Not\u00edcias","url":"https:\/\/miradouronoticias.com\/site\/","logo":{"@type":"ImageObject","inLanguage":"pt-BR","@id":"https:\/\/miradouronoticias.com\/site\/#\/schema\/logo\/image\/","url":"https:\/\/miradouronoticias.com\/site\/wp-content\/uploads\/2022\/01\/logomarcamiradouronoticias.png","contentUrl":"https:\/\/miradouronoticias.com\/site\/wp-content\/uploads\/2022\/01\/logomarcamiradouronoticias.png","width":747,"height":263,"caption":"Miradouro Not\u00edcias"},"image":{"@id":"https:\/\/miradouronoticias.com\/site\/#\/schema\/logo\/image\/"}},{"@type":"Person","@id":"https:\/\/miradouronoticias.com\/site\/#\/schema\/person\/73440d8c82222950df86f3e1a16aad3b","name":"Cl\u00e1udia Olyver","sameAs":["http:\/\/www.miradouronoticias.com"],"url":"https:\/\/miradouronoticias.com\/site\/author\/claudia\/"}]}},"_links":{"self":[{"href":"https:\/\/miradouronoticias.com\/site\/wp-json\/wp\/v2\/posts\/17508","targetHints":{"allow":["GET"]}}],"collection":[{"href":"https:\/\/miradouronoticias.com\/site\/wp-json\/wp\/v2\/posts"}],"about":[{"href":"https:\/\/miradouronoticias.com\/site\/wp-json\/wp\/v2\/types\/post"}],"author":[{"embeddable":true,"href":"https:\/\/miradouronoticias.com\/site\/wp-json\/wp\/v2\/users\/4"}],"replies":[{"embeddable":true,"href":"https:\/\/miradouronoticias.com\/site\/wp-json\/wp\/v2\/comments?post=17508"}],"version-history":[{"count":1,"href":"https:\/\/miradouronoticias.com\/site\/wp-json\/wp\/v2\/posts\/17508\/revisions"}],"predecessor-version":[{"id":17510,"href":"https:\/\/miradouronoticias.com\/site\/wp-json\/wp\/v2\/posts\/17508\/revisions\/17510"}],"wp:featuredmedia":[{"embeddable":true,"href":"https:\/\/miradouronoticias.com\/site\/wp-json\/wp\/v2\/media\/17509"}],"wp:attachment":[{"href":"https:\/\/miradouronoticias.com\/site\/wp-json\/wp\/v2\/media?parent=17508"}],"wp:term":[{"taxonomy":"category","embeddable":true,"href":"https:\/\/miradouronoticias.com\/site\/wp-json\/wp\/v2\/categories?post=17508"},{"taxonomy":"post_tag","embeddable":true,"href":"https:\/\/miradouronoticias.com\/site\/wp-json\/wp\/v2\/tags?post=17508"}],"curies":[{"name":"wp","href":"https:\/\/api.w.org\/{rel}","templated":true}]}}