{"id":13913,"date":"2023-03-25T21:24:08","date_gmt":"2023-03-26T00:24:08","guid":{"rendered":"https:\/\/miradouronoticias.com\/site\/?p=13913"},"modified":"2023-03-25T21:24:08","modified_gmt":"2023-03-26T00:24:08","slug":"carro-fumace-realiza-operacao-de-combate-a-dengue-nos-bairros-primavera-palmeiras-e-japao","status":"publish","type":"post","link":"https:\/\/miradouronoticias.com\/site\/2023\/03\/25\/carro-fumace-realiza-operacao-de-combate-a-dengue-nos-bairros-primavera-palmeiras-e-japao\/","title":{"rendered":"Carro Fumac\u00ea realiza opera\u00e7\u00e3o de Combate a Dengue nos Bairros Primavera, Palmeiras e Jap\u00e3o"},"content":{"rendered":"<p>Carro UBV pesado (Fumac\u00ea) em opera\u00e7\u00e3o no final da tarde dessa sexta-feira, 24 de mar\u00e7o, passando pelos bairros Primavera, Palmeiras e Jap\u00e3o.<\/p>\n<p>O carro Fumac\u00ea \u00e9 uma ferramenta de refor\u00e7o para vencermos a batalha contra o aedes, mosquito transmissor da dengue, zika e chikungunya em Miradouro.<\/p>\n<p>Foi conseguido devido ao expressivo aumento dos n\u00fameros de casos de dengue no munic\u00edpio e, por interm\u00e9dio do engajamento da Gest\u00e3o Municipal 2021-2024 atrav\u00e9s da Secretaria Municipal de Sa\u00fade &#8211; setor de Vigil\u00e2ncia Epidemiol\u00f3gica junto \u00e0 Ger\u00eancia Regional de Sa\u00fade (GRS) de Ub\u00e1 &#8211; Secretaria Estadual de Sa\u00fade de Minas Gerais (SES-MG).<\/p>\n<p>Unidos no combate a dengue! Porque estamos juntos por uma cidade melhor para todos!<\/p>\n<p><img loading=\"lazy\" decoding=\"async\" class=\"alignnone size-medium wp-image-13917\" src=\"https:\/\/miradouronoticias.com\/site\/wp-content\/uploads\/2023\/03\/FB_IMG_1679785288261-1-300x200.jpg\" alt=\"\" width=\"300\" height=\"200\" srcset=\"https:\/\/miradouronoticias.com\/site\/wp-content\/uploads\/2023\/03\/FB_IMG_1679785288261-1-300x200.jpg 300w, https:\/\/miradouronoticias.com\/site\/wp-content\/uploads\/2023\/03\/FB_IMG_1679785288261-1.jpg 720w\" sizes=\"auto, (max-width: 300px) 100vw, 300px\" \/> <img loading=\"lazy\" decoding=\"async\" class=\"alignnone size-medium wp-image-13918\" src=\"https:\/\/miradouronoticias.com\/site\/wp-content\/uploads\/2023\/03\/FB_IMG_1679785294198-1-300x200.jpg\" alt=\"\" width=\"300\" height=\"200\" srcset=\"https:\/\/miradouronoticias.com\/site\/wp-content\/uploads\/2023\/03\/FB_IMG_1679785294198-1-300x200.jpg 300w, https:\/\/miradouronoticias.com\/site\/wp-content\/uploads\/2023\/03\/FB_IMG_1679785294198-1.jpg 720w\" sizes=\"auto, (max-width: 300px) 100vw, 300px\" \/> <img loading=\"lazy\" decoding=\"async\" class=\"alignnone size-medium wp-image-13919\" src=\"https:\/\/miradouronoticias.com\/site\/wp-content\/uploads\/2023\/03\/FB_IMG_1679785301100-300x200.jpg\" alt=\"\" width=\"300\" height=\"200\" srcset=\"https:\/\/miradouronoticias.com\/site\/wp-content\/uploads\/2023\/03\/FB_IMG_1679785301100-300x200.jpg 300w, https:\/\/miradouronoticias.com\/site\/wp-content\/uploads\/2023\/03\/FB_IMG_1679785301100.jpg 720w\" sizes=\"auto, (max-width: 300px) 100vw, 300px\" \/> <img loading=\"lazy\" decoding=\"async\" class=\"alignnone size-medium wp-image-13920\" src=\"https:\/\/miradouronoticias.com\/site\/wp-content\/uploads\/2023\/03\/FB_IMG_1679785341752-300x200.jpg\" alt=\"\" width=\"300\" height=\"200\" srcset=\"https:\/\/miradouronoticias.com\/site\/wp-content\/uploads\/2023\/03\/FB_IMG_1679785341752-300x200.jpg 300w, https:\/\/miradouronoticias.com\/site\/wp-content\/uploads\/2023\/03\/FB_IMG_1679785341752.jpg 720w\" sizes=\"auto, (max-width: 300px) 100vw, 300px\" \/> <img loading=\"lazy\" decoding=\"async\" class=\"alignnone size-medium wp-image-13921\" src=\"https:\/\/miradouronoticias.com\/site\/wp-content\/uploads\/2023\/03\/FB_IMG_1679785333402-300x200.jpg\" alt=\"\" width=\"300\" height=\"200\" srcset=\"https:\/\/miradouronoticias.com\/site\/wp-content\/uploads\/2023\/03\/FB_IMG_1679785333402-300x200.jpg 300w, https:\/\/miradouronoticias.com\/site\/wp-content\/uploads\/2023\/03\/FB_IMG_1679785333402.jpg 720w\" sizes=\"auto, (max-width: 300px) 100vw, 300px\" \/> <img loading=\"lazy\" decoding=\"async\" class=\"alignnone size-medium wp-image-13922\" src=\"https:\/\/miradouronoticias.com\/site\/wp-content\/uploads\/2023\/03\/FB_IMG_1679785355325-300x200.jpg\" alt=\"\" width=\"300\" height=\"200\" srcset=\"https:\/\/miradouronoticias.com\/site\/wp-content\/uploads\/2023\/03\/FB_IMG_1679785355325-300x200.jpg 300w, https:\/\/miradouronoticias.com\/site\/wp-content\/uploads\/2023\/03\/FB_IMG_1679785355325.jpg 720w\" sizes=\"auto, (max-width: 300px) 100vw, 300px\" \/> <img loading=\"lazy\" decoding=\"async\" class=\"alignnone size-medium wp-image-13923\" src=\"https:\/\/miradouronoticias.com\/site\/wp-content\/uploads\/2023\/03\/FB_IMG_1679785345918-300x200.jpg\" alt=\"\" width=\"300\" height=\"200\" srcset=\"https:\/\/miradouronoticias.com\/site\/wp-content\/uploads\/2023\/03\/FB_IMG_1679785345918-300x200.jpg 300w, https:\/\/miradouronoticias.com\/site\/wp-content\/uploads\/2023\/03\/FB_IMG_1679785345918.jpg 720w\" sizes=\"auto, (max-width: 300px) 100vw, 300px\" \/><\/p>\n<hr \/>\n<p><strong><span style=\"color: #ff0000;\">\u00a0By: miradouronot\u00edcias.com.br<\/span><\/strong><\/p>\n","protected":false},"excerpt":{"rendered":"<p>Carro UBV pesado (Fumac\u00ea) em opera\u00e7\u00e3o no final da tarde dessa sexta-feira, 24 de mar\u00e7o, passando pelos bairros Primavera, Palmeiras e Jap\u00e3o. O carro Fumac\u00ea \u00e9 uma ferramenta de refor\u00e7o para vencermos a batalha contra o aedes, mosquito transmissor da dengue, zika e chikungunya em Miradouro. Foi conseguido devido ao expressivo aumento dos n\u00fameros de [&hellip;]<\/p>\n","protected":false},"author":4,"featured_media":13922,"comment_status":"open","ping_status":"open","sticky":false,"template":"","format":"standard","meta":{"footnotes":""},"categories":[19,10],"tags":[],"class_list":["post-13913","post","type-post","status-publish","format-standard","has-post-thumbnail","hentry","category-cidade","category-destaque-2"],"yoast_head":"<!-- This site is optimized with the Yoast SEO plugin v27.2 - https:\/\/yoast.com\/product\/yoast-seo-wordpress\/ -->\n<title>Carro Fumac\u00ea realiza opera\u00e7\u00e3o de Combate a Dengue nos Bairros Primavera, Palmeiras e Jap\u00e3o - Miradouro Not\u00edcias<\/title>\n<meta name=\"robots\" content=\"index, follow, max-snippet:-1, max-image-preview:large, max-video-preview:-1\" \/>\n<link rel=\"canonical\" href=\"https:\/\/miradouronoticias.com\/site\/2023\/03\/25\/carro-fumace-realiza-operacao-de-combate-a-dengue-nos-bairros-primavera-palmeiras-e-japao\/\" \/>\n<meta property=\"og:locale\" content=\"pt_BR\" \/>\n<meta property=\"og:type\" content=\"article\" \/>\n<meta property=\"og:title\" content=\"Carro Fumac\u00ea realiza opera\u00e7\u00e3o de Combate a Dengue nos Bairros Primavera, Palmeiras e Jap\u00e3o - Miradouro Not\u00edcias\" \/>\n<meta property=\"og:description\" content=\"Carro UBV pesado (Fumac\u00ea) em opera\u00e7\u00e3o no final da tarde dessa sexta-feira, 24 de mar\u00e7o, passando pelos bairros Primavera, Palmeiras e Jap\u00e3o. O carro Fumac\u00ea \u00e9 uma ferramenta de refor\u00e7o para vencermos a batalha contra o aedes, mosquito transmissor da dengue, zika e chikungunya em Miradouro. Foi conseguido devido ao expressivo aumento dos n\u00fameros de [&hellip;]\" \/>\n<meta property=\"og:url\" content=\"https:\/\/miradouronoticias.com\/site\/2023\/03\/25\/carro-fumace-realiza-operacao-de-combate-a-dengue-nos-bairros-primavera-palmeiras-e-japao\/\" \/>\n<meta property=\"og:site_name\" content=\"Miradouro Not\u00edcias\" \/>\n<meta property=\"article:published_time\" content=\"2023-03-26T00:24:08+00:00\" \/>\n<meta property=\"og:image\" content=\"https:\/\/miradouronoticias.com\/site\/wp-content\/uploads\/2023\/03\/FB_IMG_1679785355325.jpg\" \/>\n\t<meta property=\"og:image:width\" content=\"720\" \/>\n\t<meta property=\"og:image:height\" content=\"479\" \/>\n\t<meta property=\"og:image:type\" content=\"image\/jpeg\" \/>\n<meta name=\"author\" content=\"Cl\u00e1udia Olyver\" \/>\n<meta name=\"twitter:card\" content=\"summary_large_image\" \/>\n<meta name=\"twitter:label1\" content=\"Escrito por\" \/>\n\t<meta name=\"twitter:data1\" content=\"Cl\u00e1udia Olyver\" \/>\n\t<meta name=\"twitter:label2\" content=\"Est. tempo de leitura\" \/>\n\t<meta name=\"twitter:data2\" content=\"3 minutos\" \/>\n<script type=\"application\/ld+json\" class=\"yoast-schema-graph\">{\"@context\":\"https:\/\/schema.org\",\"@graph\":[{\"@type\":\"Article\",\"@id\":\"https:\/\/miradouronoticias.com\/site\/2023\/03\/25\/carro-fumace-realiza-operacao-de-combate-a-dengue-nos-bairros-primavera-palmeiras-e-japao\/#article\",\"isPartOf\":{\"@id\":\"https:\/\/miradouronoticias.com\/site\/2023\/03\/25\/carro-fumace-realiza-operacao-de-combate-a-dengue-nos-bairros-primavera-palmeiras-e-japao\/\"},\"author\":{\"name\":\"Cl\u00e1udia Olyver\",\"@id\":\"https:\/\/miradouronoticias.com\/site\/#\/schema\/person\/73440d8c82222950df86f3e1a16aad3b\"},\"headline\":\"Carro Fumac\u00ea realiza opera\u00e7\u00e3o de Combate a Dengue nos Bairros Primavera, Palmeiras e Jap\u00e3o\",\"datePublished\":\"2023-03-26T00:24:08+00:00\",\"mainEntityOfPage\":{\"@id\":\"https:\/\/miradouronoticias.com\/site\/2023\/03\/25\/carro-fumace-realiza-operacao-de-combate-a-dengue-nos-bairros-primavera-palmeiras-e-japao\/\"},\"wordCount\":145,\"commentCount\":0,\"publisher\":{\"@id\":\"https:\/\/miradouronoticias.com\/site\/#organization\"},\"image\":{\"@id\":\"https:\/\/miradouronoticias.com\/site\/2023\/03\/25\/carro-fumace-realiza-operacao-de-combate-a-dengue-nos-bairros-primavera-palmeiras-e-japao\/#primaryimage\"},\"thumbnailUrl\":\"https:\/\/miradouronoticias.com\/site\/wp-content\/uploads\/2023\/03\/FB_IMG_1679785355325.jpg\",\"articleSection\":[\"Cidade\",\"Destaque 2\"],\"inLanguage\":\"pt-BR\",\"potentialAction\":[{\"@type\":\"CommentAction\",\"name\":\"Comment\",\"target\":[\"https:\/\/miradouronoticias.com\/site\/2023\/03\/25\/carro-fumace-realiza-operacao-de-combate-a-dengue-nos-bairros-primavera-palmeiras-e-japao\/#respond\"]}]},{\"@type\":\"WebPage\",\"@id\":\"https:\/\/miradouronoticias.com\/site\/2023\/03\/25\/carro-fumace-realiza-operacao-de-combate-a-dengue-nos-bairros-primavera-palmeiras-e-japao\/\",\"url\":\"https:\/\/miradouronoticias.com\/site\/2023\/03\/25\/carro-fumace-realiza-operacao-de-combate-a-dengue-nos-bairros-primavera-palmeiras-e-japao\/\",\"name\":\"Carro Fumac\u00ea realiza opera\u00e7\u00e3o de Combate a Dengue nos Bairros Primavera, Palmeiras e Jap\u00e3o - Miradouro Not\u00edcias\",\"isPartOf\":{\"@id\":\"https:\/\/miradouronoticias.com\/site\/#website\"},\"primaryImageOfPage\":{\"@id\":\"https:\/\/miradouronoticias.com\/site\/2023\/03\/25\/carro-fumace-realiza-operacao-de-combate-a-dengue-nos-bairros-primavera-palmeiras-e-japao\/#primaryimage\"},\"image\":{\"@id\":\"https:\/\/miradouronoticias.com\/site\/2023\/03\/25\/carro-fumace-realiza-operacao-de-combate-a-dengue-nos-bairros-primavera-palmeiras-e-japao\/#primaryimage\"},\"thumbnailUrl\":\"https:\/\/miradouronoticias.com\/site\/wp-content\/uploads\/2023\/03\/FB_IMG_1679785355325.jpg\",\"datePublished\":\"2023-03-26T00:24:08+00:00\",\"breadcrumb\":{\"@id\":\"https:\/\/miradouronoticias.com\/site\/2023\/03\/25\/carro-fumace-realiza-operacao-de-combate-a-dengue-nos-bairros-primavera-palmeiras-e-japao\/#breadcrumb\"},\"inLanguage\":\"pt-BR\",\"potentialAction\":[{\"@type\":\"ReadAction\",\"target\":[\"https:\/\/miradouronoticias.com\/site\/2023\/03\/25\/carro-fumace-realiza-operacao-de-combate-a-dengue-nos-bairros-primavera-palmeiras-e-japao\/\"]}]},{\"@type\":\"ImageObject\",\"inLanguage\":\"pt-BR\",\"@id\":\"https:\/\/miradouronoticias.com\/site\/2023\/03\/25\/carro-fumace-realiza-operacao-de-combate-a-dengue-nos-bairros-primavera-palmeiras-e-japao\/#primaryimage\",\"url\":\"https:\/\/miradouronoticias.com\/site\/wp-content\/uploads\/2023\/03\/FB_IMG_1679785355325.jpg\",\"contentUrl\":\"https:\/\/miradouronoticias.com\/site\/wp-content\/uploads\/2023\/03\/FB_IMG_1679785355325.jpg\",\"width\":720,\"height\":479},{\"@type\":\"BreadcrumbList\",\"@id\":\"https:\/\/miradouronoticias.com\/site\/2023\/03\/25\/carro-fumace-realiza-operacao-de-combate-a-dengue-nos-bairros-primavera-palmeiras-e-japao\/#breadcrumb\",\"itemListElement\":[{\"@type\":\"ListItem\",\"position\":1,\"name\":\"In\u00edcio\",\"item\":\"https:\/\/miradouronoticias.com\/site\/\"},{\"@type\":\"ListItem\",\"position\":2,\"name\":\"Carro Fumac\u00ea realiza opera\u00e7\u00e3o de Combate a Dengue nos Bairros Primavera, Palmeiras e Jap\u00e3o\"}]},{\"@type\":\"WebSite\",\"@id\":\"https:\/\/miradouronoticias.com\/site\/#website\",\"url\":\"https:\/\/miradouronoticias.com\/site\/\",\"name\":\"Miradouro Not\u00edcias\",\"description\":\"Informa\u00e7\u00f5es da cidade e regi\u00e3o\",\"publisher\":{\"@id\":\"https:\/\/miradouronoticias.com\/site\/#organization\"},\"potentialAction\":[{\"@type\":\"SearchAction\",\"target\":{\"@type\":\"EntryPoint\",\"urlTemplate\":\"https:\/\/miradouronoticias.com\/site\/?s={search_term_string}\"},\"query-input\":{\"@type\":\"PropertyValueSpecification\",\"valueRequired\":true,\"valueName\":\"search_term_string\"}}],\"inLanguage\":\"pt-BR\"},{\"@type\":\"Organization\",\"@id\":\"https:\/\/miradouronoticias.com\/site\/#organization\",\"name\":\"Miradouro Not\u00edcias\",\"url\":\"https:\/\/miradouronoticias.com\/site\/\",\"logo\":{\"@type\":\"ImageObject\",\"inLanguage\":\"pt-BR\",\"@id\":\"https:\/\/miradouronoticias.com\/site\/#\/schema\/logo\/image\/\",\"url\":\"https:\/\/miradouronoticias.com\/site\/wp-content\/uploads\/2022\/01\/logomarcamiradouronoticias.png\",\"contentUrl\":\"https:\/\/miradouronoticias.com\/site\/wp-content\/uploads\/2022\/01\/logomarcamiradouronoticias.png\",\"width\":747,\"height\":263,\"caption\":\"Miradouro Not\u00edcias\"},\"image\":{\"@id\":\"https:\/\/miradouronoticias.com\/site\/#\/schema\/logo\/image\/\"}},{\"@type\":\"Person\",\"@id\":\"https:\/\/miradouronoticias.com\/site\/#\/schema\/person\/73440d8c82222950df86f3e1a16aad3b\",\"name\":\"Cl\u00e1udia Olyver\",\"sameAs\":[\"http:\/\/www.miradouronoticias.com\"],\"url\":\"https:\/\/miradouronoticias.com\/site\/author\/claudia\/\"}]}<\/script>\n<!-- \/ Yoast SEO plugin. -->","yoast_head_json":{"title":"Carro Fumac\u00ea realiza opera\u00e7\u00e3o de Combate a Dengue nos Bairros Primavera, Palmeiras e Jap\u00e3o - Miradouro Not\u00edcias","robots":{"index":"index","follow":"follow","max-snippet":"max-snippet:-1","max-image-preview":"max-image-preview:large","max-video-preview":"max-video-preview:-1"},"canonical":"https:\/\/miradouronoticias.com\/site\/2023\/03\/25\/carro-fumace-realiza-operacao-de-combate-a-dengue-nos-bairros-primavera-palmeiras-e-japao\/","og_locale":"pt_BR","og_type":"article","og_title":"Carro Fumac\u00ea realiza opera\u00e7\u00e3o de Combate a Dengue nos Bairros Primavera, Palmeiras e Jap\u00e3o - Miradouro Not\u00edcias","og_description":"Carro UBV pesado (Fumac\u00ea) em opera\u00e7\u00e3o no final da tarde dessa sexta-feira, 24 de mar\u00e7o, passando pelos bairros Primavera, Palmeiras e Jap\u00e3o. O carro Fumac\u00ea \u00e9 uma ferramenta de refor\u00e7o para vencermos a batalha contra o aedes, mosquito transmissor da dengue, zika e chikungunya em Miradouro. Foi conseguido devido ao expressivo aumento dos n\u00fameros de [&hellip;]","og_url":"https:\/\/miradouronoticias.com\/site\/2023\/03\/25\/carro-fumace-realiza-operacao-de-combate-a-dengue-nos-bairros-primavera-palmeiras-e-japao\/","og_site_name":"Miradouro Not\u00edcias","article_published_time":"2023-03-26T00:24:08+00:00","og_image":[{"width":720,"height":479,"url":"https:\/\/miradouronoticias.com\/site\/wp-content\/uploads\/2023\/03\/FB_IMG_1679785355325.jpg","type":"image\/jpeg"}],"author":"Cl\u00e1udia Olyver","twitter_card":"summary_large_image","twitter_misc":{"Escrito por":"Cl\u00e1udia Olyver","Est. tempo de leitura":"3 minutos"},"schema":{"@context":"https:\/\/schema.org","@graph":[{"@type":"Article","@id":"https:\/\/miradouronoticias.com\/site\/2023\/03\/25\/carro-fumace-realiza-operacao-de-combate-a-dengue-nos-bairros-primavera-palmeiras-e-japao\/#article","isPartOf":{"@id":"https:\/\/miradouronoticias.com\/site\/2023\/03\/25\/carro-fumace-realiza-operacao-de-combate-a-dengue-nos-bairros-primavera-palmeiras-e-japao\/"},"author":{"name":"Cl\u00e1udia Olyver","@id":"https:\/\/miradouronoticias.com\/site\/#\/schema\/person\/73440d8c82222950df86f3e1a16aad3b"},"headline":"Carro Fumac\u00ea realiza opera\u00e7\u00e3o de Combate a Dengue nos Bairros Primavera, Palmeiras e Jap\u00e3o","datePublished":"2023-03-26T00:24:08+00:00","mainEntityOfPage":{"@id":"https:\/\/miradouronoticias.com\/site\/2023\/03\/25\/carro-fumace-realiza-operacao-de-combate-a-dengue-nos-bairros-primavera-palmeiras-e-japao\/"},"wordCount":145,"commentCount":0,"publisher":{"@id":"https:\/\/miradouronoticias.com\/site\/#organization"},"image":{"@id":"https:\/\/miradouronoticias.com\/site\/2023\/03\/25\/carro-fumace-realiza-operacao-de-combate-a-dengue-nos-bairros-primavera-palmeiras-e-japao\/#primaryimage"},"thumbnailUrl":"https:\/\/miradouronoticias.com\/site\/wp-content\/uploads\/2023\/03\/FB_IMG_1679785355325.jpg","articleSection":["Cidade","Destaque 2"],"inLanguage":"pt-BR","potentialAction":[{"@type":"CommentAction","name":"Comment","target":["https:\/\/miradouronoticias.com\/site\/2023\/03\/25\/carro-fumace-realiza-operacao-de-combate-a-dengue-nos-bairros-primavera-palmeiras-e-japao\/#respond"]}]},{"@type":"WebPage","@id":"https:\/\/miradouronoticias.com\/site\/2023\/03\/25\/carro-fumace-realiza-operacao-de-combate-a-dengue-nos-bairros-primavera-palmeiras-e-japao\/","url":"https:\/\/miradouronoticias.com\/site\/2023\/03\/25\/carro-fumace-realiza-operacao-de-combate-a-dengue-nos-bairros-primavera-palmeiras-e-japao\/","name":"Carro Fumac\u00ea realiza opera\u00e7\u00e3o de Combate a Dengue nos Bairros Primavera, Palmeiras e Jap\u00e3o - Miradouro Not\u00edcias","isPartOf":{"@id":"https:\/\/miradouronoticias.com\/site\/#website"},"primaryImageOfPage":{"@id":"https:\/\/miradouronoticias.com\/site\/2023\/03\/25\/carro-fumace-realiza-operacao-de-combate-a-dengue-nos-bairros-primavera-palmeiras-e-japao\/#primaryimage"},"image":{"@id":"https:\/\/miradouronoticias.com\/site\/2023\/03\/25\/carro-fumace-realiza-operacao-de-combate-a-dengue-nos-bairros-primavera-palmeiras-e-japao\/#primaryimage"},"thumbnailUrl":"https:\/\/miradouronoticias.com\/site\/wp-content\/uploads\/2023\/03\/FB_IMG_1679785355325.jpg","datePublished":"2023-03-26T00:24:08+00:00","breadcrumb":{"@id":"https:\/\/miradouronoticias.com\/site\/2023\/03\/25\/carro-fumace-realiza-operacao-de-combate-a-dengue-nos-bairros-primavera-palmeiras-e-japao\/#breadcrumb"},"inLanguage":"pt-BR","potentialAction":[{"@type":"ReadAction","target":["https:\/\/miradouronoticias.com\/site\/2023\/03\/25\/carro-fumace-realiza-operacao-de-combate-a-dengue-nos-bairros-primavera-palmeiras-e-japao\/"]}]},{"@type":"ImageObject","inLanguage":"pt-BR","@id":"https:\/\/miradouronoticias.com\/site\/2023\/03\/25\/carro-fumace-realiza-operacao-de-combate-a-dengue-nos-bairros-primavera-palmeiras-e-japao\/#primaryimage","url":"https:\/\/miradouronoticias.com\/site\/wp-content\/uploads\/2023\/03\/FB_IMG_1679785355325.jpg","contentUrl":"https:\/\/miradouronoticias.com\/site\/wp-content\/uploads\/2023\/03\/FB_IMG_1679785355325.jpg","width":720,"height":479},{"@type":"BreadcrumbList","@id":"https:\/\/miradouronoticias.com\/site\/2023\/03\/25\/carro-fumace-realiza-operacao-de-combate-a-dengue-nos-bairros-primavera-palmeiras-e-japao\/#breadcrumb","itemListElement":[{"@type":"ListItem","position":1,"name":"In\u00edcio","item":"https:\/\/miradouronoticias.com\/site\/"},{"@type":"ListItem","position":2,"name":"Carro Fumac\u00ea realiza opera\u00e7\u00e3o de Combate a Dengue nos Bairros Primavera, Palmeiras e Jap\u00e3o"}]},{"@type":"WebSite","@id":"https:\/\/miradouronoticias.com\/site\/#website","url":"https:\/\/miradouronoticias.com\/site\/","name":"Miradouro Not\u00edcias","description":"Informa\u00e7\u00f5es da cidade e regi\u00e3o","publisher":{"@id":"https:\/\/miradouronoticias.com\/site\/#organization"},"potentialAction":[{"@type":"SearchAction","target":{"@type":"EntryPoint","urlTemplate":"https:\/\/miradouronoticias.com\/site\/?s={search_term_string}"},"query-input":{"@type":"PropertyValueSpecification","valueRequired":true,"valueName":"search_term_string"}}],"inLanguage":"pt-BR"},{"@type":"Organization","@id":"https:\/\/miradouronoticias.com\/site\/#organization","name":"Miradouro Not\u00edcias","url":"https:\/\/miradouronoticias.com\/site\/","logo":{"@type":"ImageObject","inLanguage":"pt-BR","@id":"https:\/\/miradouronoticias.com\/site\/#\/schema\/logo\/image\/","url":"https:\/\/miradouronoticias.com\/site\/wp-content\/uploads\/2022\/01\/logomarcamiradouronoticias.png","contentUrl":"https:\/\/miradouronoticias.com\/site\/wp-content\/uploads\/2022\/01\/logomarcamiradouronoticias.png","width":747,"height":263,"caption":"Miradouro Not\u00edcias"},"image":{"@id":"https:\/\/miradouronoticias.com\/site\/#\/schema\/logo\/image\/"}},{"@type":"Person","@id":"https:\/\/miradouronoticias.com\/site\/#\/schema\/person\/73440d8c82222950df86f3e1a16aad3b","name":"Cl\u00e1udia Olyver","sameAs":["http:\/\/www.miradouronoticias.com"],"url":"https:\/\/miradouronoticias.com\/site\/author\/claudia\/"}]}},"_links":{"self":[{"href":"https:\/\/miradouronoticias.com\/site\/wp-json\/wp\/v2\/posts\/13913","targetHints":{"allow":["GET"]}}],"collection":[{"href":"https:\/\/miradouronoticias.com\/site\/wp-json\/wp\/v2\/posts"}],"about":[{"href":"https:\/\/miradouronoticias.com\/site\/wp-json\/wp\/v2\/types\/post"}],"author":[{"embeddable":true,"href":"https:\/\/miradouronoticias.com\/site\/wp-json\/wp\/v2\/users\/4"}],"replies":[{"embeddable":true,"href":"https:\/\/miradouronoticias.com\/site\/wp-json\/wp\/v2\/comments?post=13913"}],"version-history":[{"count":2,"href":"https:\/\/miradouronoticias.com\/site\/wp-json\/wp\/v2\/posts\/13913\/revisions"}],"predecessor-version":[{"id":13924,"href":"https:\/\/miradouronoticias.com\/site\/wp-json\/wp\/v2\/posts\/13913\/revisions\/13924"}],"wp:featuredmedia":[{"embeddable":true,"href":"https:\/\/miradouronoticias.com\/site\/wp-json\/wp\/v2\/media\/13922"}],"wp:attachment":[{"href":"https:\/\/miradouronoticias.com\/site\/wp-json\/wp\/v2\/media?parent=13913"}],"wp:term":[{"taxonomy":"category","embeddable":true,"href":"https:\/\/miradouronoticias.com\/site\/wp-json\/wp\/v2\/categories?post=13913"},{"taxonomy":"post_tag","embeddable":true,"href":"https:\/\/miradouronoticias.com\/site\/wp-json\/wp\/v2\/tags?post=13913"}],"curies":[{"name":"wp","href":"https:\/\/api.w.org\/{rel}","templated":true}]}}