{"id":13324,"date":"2023-02-25T05:38:52","date_gmt":"2023-02-25T08:38:52","guid":{"rendered":"https:\/\/miradouronoticias.com\/site\/?p=13324"},"modified":"2023-02-25T05:40:49","modified_gmt":"2023-02-25T08:40:49","slug":"lula-reforca-sugestao-de-grupo-para-negociar-fim-da-guerra-na-ucrania","status":"publish","type":"post","link":"https:\/\/miradouronoticias.com\/site\/2023\/02\/25\/lula-reforca-sugestao-de-grupo-para-negociar-fim-da-guerra-na-ucrania\/","title":{"rendered":"Lula refor\u00e7a sugest\u00e3o de grupo para negociar fim da guerra na Ucr\u00e2nia"},"content":{"rendered":"<h3 class=\"col-10 offset-1 animated fadeInDown dealy-900 display-8 display-md-8 alt-font font-italic my-1 text-center\">Conflito no Leste Europeu completa um ano hoje<\/h3>\n<div class=\"col-lg-12 mb-3\">\n<div class=\"row\">\n<div id=\"tts-container\" class=\"col-xl-7 offset-xl-1 col-lg-8 offset-lg-0 col-md-10 offset-md-1 mb-3\">\n<p><audio id=\"tts-player\" src=\"https:\/\/tts-app.ebc.com.br\/media\/tts\/199283.mp3\" controls=\"controls\" data-mce-fragment=\"1\"><\/audio><\/p>\n<\/div>\n<\/div>\n<\/div>\n<div class=\"col-xl-7 offset-xl-1 col-lg-8 offset-lg-0 col-md-10 offset-md-1 mb-3\">\n<div class=\"post-item alt-font\">\n<div class=\"post-item-wrap\">\n<p>Na data em que a guerra entre a R\u00fassia e a Ucr\u00e2nia completa um ano, o presidente Luiz In\u00e1cio Lula da Silva se posicionou nas redes sociais. Por meio de sua conta no Twitter, o presidente\u00a0voltou a defender a negocia\u00e7\u00e3o para cessar o conflito, que j\u00e1 matou milhares de pessoas, destruiu cidades ucranianas, desalojou milh\u00f5es de cidad\u00e3os do pa\u00eds invadido e tem causado preocupa\u00e7\u00e3o mundial pelos efeitos s\u00f3cio-econ\u00f4micos.<img decoding=\"async\" src=\"https:\/\/agenciabrasil.ebc.com.br\/ebc.png?id=1512646&amp;o=node\" \/><img decoding=\"async\" src=\"https:\/\/agenciabrasil.ebc.com.br\/ebc.gif?id=1512646&amp;o=node\" \/><\/p>\n<div class=\"twitter-tweet twitter-tweet-rendered\">\n<p><iframe id=\"twitter-widget-0\" class=\"\" title=\"Twitter Tweet\" src=\"https:\/\/platform.twitter.com\/embed\/Tweet.html?creatorScreenName=agenciabrasil&amp;dnt=false&amp;embedId=twitter-widget-0&amp;features=eyJ0ZndfdGltZWxpbmVfbGlzdCI6eyJidWNrZXQiOltdLCJ2ZXJzaW9uIjpudWxsfSwidGZ3X2ZvbGxvd2VyX2NvdW50X3N1bnNldCI6eyJidWNrZXQiOnRydWUsInZlcnNpb24iOm51bGx9LCJ0ZndfdHdlZXRfZWRpdF9iYWNrZW5kIjp7ImJ1Y2tldCI6Im9uIiwidmVyc2lvbiI6bnVsbH0sInRmd19yZWZzcmNfc2Vzc2lvbiI6eyJidWNrZXQiOiJvbiIsInZlcnNpb24iOm51bGx9LCJ0ZndfbWl4ZWRfbWVkaWFfMTU4OTciOnsiYnVja2V0IjoidHJlYXRtZW50IiwidmVyc2lvbiI6bnVsbH0sInRmd19leHBlcmltZW50c19jb29raWVfZXhwaXJhdGlvbiI6eyJidWNrZXQiOjEyMDk2MDAsInZlcnNpb24iOm51bGx9LCJ0ZndfZHVwbGljYXRlX3NjcmliZXNfdG9fc2V0dGluZ3MiOnsiYnVja2V0Ijoib24iLCJ2ZXJzaW9uIjpudWxsfSwidGZ3X3ZpZGVvX2hsc19keW5hbWljX21hbmlmZXN0c18xNTA4MiI6eyJidWNrZXQiOiJ0cnVlX2JpdHJhdGUiLCJ2ZXJzaW9uIjpudWxsfSwidGZ3X2xlZ2FjeV90aW1lbGluZV9zdW5zZXQiOnsiYnVja2V0Ijp0cnVlLCJ2ZXJzaW9uIjpudWxsfSwidGZ3X3R3ZWV0X2VkaXRfZnJvbnRlbmQiOnsiYnVja2V0Ijoib24iLCJ2ZXJzaW9uIjpudWxsfX0%3D&amp;frame=false&amp;hideCard=false&amp;hideThread=false&amp;id=1629095884267876354&amp;lang=pt&amp;origin=https%3A%2F%2Fagenciabrasil.ebc.com.br%2Finternacional%2Fnoticia%2F2023-02%2Flula-reforca-sugestao-de-grupo-para-negociar-fim-da-guerra-na-ucrania&amp;sessionId=c545990bf43378c74c62f1ea2f9f42c9100222d7&amp;siteScreenName=agenciabrasil&amp;theme=light&amp;widgetsVersion=aaf4084522e3a%3A1674595607486&amp;width=550px\" frameborder=\"0\" scrolling=\"no\" allowfullscreen=\"allowfullscreen\" data-tweet-id=\"1629095884267876354\" data-mce-fragment=\"1\"><\/iframe>Desde o in\u00edcio do governo, Lula adotou a posi\u00e7\u00e3o de condena\u00e7\u00e3o \u00e0 guerra e defende a cria\u00e7\u00e3o de um grupo, formado por pa\u00edses n\u00e3o envolvidos no confronto, para mediar uma sa\u00edda pac\u00edfica para o conflito.<\/p>\n<p>Na v\u00e9spera de a guerra completar um ano, o vice-ministro das Rela\u00e7\u00f5es Exteriores da R\u00fassia, Mikhail Galuzin, declarou \u00e0\u00a0<a href=\"https:\/\/tass-com.translate.goog\/russias-foreign-policy\/1580875?_x_tr_sl=en&amp;_x_tr_tl=pt&amp;_x_tr_hl=pt-BR&amp;_x_tr_pto=sc\" target=\"_blank\" rel=\"noopener\">ag\u00eancia de not\u00edcias russa Tass<\/a>\u00a0que o governo russo analisa as\u00a0<a href=\"https:\/\/agenciabrasil.ebc.com.br\/internacional\/noticia\/2023-02\/governo-russo-analisa-iniciativas-do-brasil-para-o-fim-da-guerra\" target=\"_blank\" rel=\"noopener\">propostas brasileiras<\/a>\u00a0para p\u00f4r fim ao conflito. O vice-chanceler russo ainda ressaltou o fato de o Brasil n\u00e3o fornecer armas e muni\u00e7\u00f5es \u00e0 Ucr\u00e2nia, o que teria colocado o pa\u00eds na posi\u00e7\u00e3o de mediador em potencial da quest\u00e3o.<\/p>\n<p>Nessa quinta-feira (23), o Brasil votou na Assembleia Geral da Organiza\u00e7\u00e3o das Na\u00e7\u00f5es Unidas (ONU) a favor de pedido de retirada russa do solo ucraniano. O Brasil acompanhou outros 140 pa\u00edses pela aprova\u00e7\u00e3o desta nova\u00a0<a href=\"https:\/\/agenciabrasil.ebc.com.br\/internacional\/noticia\/2023-02\/assembleia-geral-da-onu-aprova-nova-resolucao-pelo-fim-da-guerra\" target=\"_blank\" rel=\"noopener\">resolu\u00e7\u00e3o que pede o fim da guerra na Ucr\u00e2nia<\/a>. O texto foi rejeitado por outros 32 pa\u00edses e sete se abstiveram. O Brasil foi o \u00fanico pa\u00eds dos Brics &#8211; bloco econ\u00f4mico formado por Brasil, R\u00fassia, \u00cdndia, China e \u00c1frica do Sul &#8211;\u00a0a votar favoravelmente \u00e0 resolu\u00e7\u00e3o pelo fim do conflito.<\/p>\n<p>Para entender o contexto em que se iniciou a invas\u00e3o russa e analisar o atual momento da guerra, acesse\u00a0<a href=\"https:\/\/agenciabrasil.ebc.com.br\/internacional\/noticia\/2023-02\/com-milhares-de-mortos-e-refugiados-guerra-na-ucrania-completa-um-ano\" target=\"_blank\" rel=\"noopener\">reportagem especial<\/a>.<\/p>\n<\/div>\n<\/div>\n<\/div>\n<\/div>\n<h6><strong>Ag\u00eancia Brasil<\/strong><\/h6>\n<hr \/>\n<p><strong><span style=\"color: #ff0000;\">By: miradouronot\u00edcias.com.br<\/span><\/strong><\/p>\n","protected":false},"excerpt":{"rendered":"<p>Conflito no Leste Europeu completa um ano hoje Na data em que a guerra entre a R\u00fassia e a Ucr\u00e2nia completa um ano, o presidente Luiz In\u00e1cio Lula da Silva se posicionou nas redes sociais. Por meio de sua conta no Twitter, o presidente\u00a0voltou a defender a negocia\u00e7\u00e3o para cessar o conflito, que j\u00e1 matou [&hellip;]<\/p>\n","protected":false},"author":4,"featured_media":13325,"comment_status":"open","ping_status":"open","sticky":false,"template":"","format":"standard","meta":{"footnotes":""},"categories":[10],"tags":[],"class_list":["post-13324","post","type-post","status-publish","format-standard","has-post-thumbnail","hentry","category-destaque-2"],"yoast_head":"<!-- This site is optimized with the Yoast SEO plugin v27.2 - https:\/\/yoast.com\/product\/yoast-seo-wordpress\/ -->\n<title>Lula refor\u00e7a sugest\u00e3o de grupo para negociar fim da guerra na Ucr\u00e2nia - Miradouro Not\u00edcias<\/title>\n<meta name=\"robots\" content=\"index, follow, max-snippet:-1, max-image-preview:large, max-video-preview:-1\" \/>\n<link rel=\"canonical\" href=\"https:\/\/miradouronoticias.com\/site\/2023\/02\/25\/lula-reforca-sugestao-de-grupo-para-negociar-fim-da-guerra-na-ucrania\/\" \/>\n<meta property=\"og:locale\" content=\"pt_BR\" \/>\n<meta property=\"og:type\" content=\"article\" \/>\n<meta property=\"og:title\" content=\"Lula refor\u00e7a sugest\u00e3o de grupo para negociar fim da guerra na Ucr\u00e2nia - Miradouro Not\u00edcias\" \/>\n<meta property=\"og:description\" content=\"Conflito no Leste Europeu completa um ano hoje Na data em que a guerra entre a R\u00fassia e a Ucr\u00e2nia completa um ano, o presidente Luiz In\u00e1cio Lula da Silva se posicionou nas redes sociais. Por meio de sua conta no Twitter, o presidente\u00a0voltou a defender a negocia\u00e7\u00e3o para cessar o conflito, que j\u00e1 matou [&hellip;]\" \/>\n<meta property=\"og:url\" content=\"https:\/\/miradouronoticias.com\/site\/2023\/02\/25\/lula-reforca-sugestao-de-grupo-para-negociar-fim-da-guerra-na-ucrania\/\" \/>\n<meta property=\"og:site_name\" content=\"Miradouro Not\u00edcias\" \/>\n<meta property=\"article:published_time\" content=\"2023-02-25T08:38:52+00:00\" \/>\n<meta property=\"article:modified_time\" content=\"2023-02-25T08:40:49+00:00\" \/>\n<meta property=\"og:image\" content=\"https:\/\/miradouronoticias.com\/site\/wp-content\/uploads\/2023\/02\/2022-12-29t130520z_1_lynxmpeibs0at_rtroptp_4_ucrania-crise-misseis.jpg\" \/>\n\t<meta property=\"og:image:width\" content=\"1170\" \/>\n\t<meta property=\"og:image:height\" content=\"700\" \/>\n\t<meta property=\"og:image:type\" content=\"image\/jpeg\" \/>\n<meta name=\"author\" content=\"Cl\u00e1udia Olyver\" \/>\n<meta name=\"twitter:card\" content=\"summary_large_image\" \/>\n<meta name=\"twitter:label1\" content=\"Escrito por\" \/>\n\t<meta name=\"twitter:data1\" content=\"Cl\u00e1udia Olyver\" \/>\n\t<meta name=\"twitter:label2\" content=\"Est. tempo de leitura\" \/>\n\t<meta name=\"twitter:data2\" content=\"3 minutos\" \/>\n<script type=\"application\/ld+json\" class=\"yoast-schema-graph\">{\"@context\":\"https:\/\/schema.org\",\"@graph\":[{\"@type\":\"Article\",\"@id\":\"https:\/\/miradouronoticias.com\/site\/2023\/02\/25\/lula-reforca-sugestao-de-grupo-para-negociar-fim-da-guerra-na-ucrania\/#article\",\"isPartOf\":{\"@id\":\"https:\/\/miradouronoticias.com\/site\/2023\/02\/25\/lula-reforca-sugestao-de-grupo-para-negociar-fim-da-guerra-na-ucrania\/\"},\"author\":{\"name\":\"Cl\u00e1udia Olyver\",\"@id\":\"https:\/\/miradouronoticias.com\/site\/#\/schema\/person\/73440d8c82222950df86f3e1a16aad3b\"},\"headline\":\"Lula refor\u00e7a sugest\u00e3o de grupo para negociar fim da guerra na Ucr\u00e2nia\",\"datePublished\":\"2023-02-25T08:38:52+00:00\",\"dateModified\":\"2023-02-25T08:40:49+00:00\",\"mainEntityOfPage\":{\"@id\":\"https:\/\/miradouronoticias.com\/site\/2023\/02\/25\/lula-reforca-sugestao-de-grupo-para-negociar-fim-da-guerra-na-ucrania\/\"},\"wordCount\":346,\"commentCount\":0,\"publisher\":{\"@id\":\"https:\/\/miradouronoticias.com\/site\/#organization\"},\"image\":{\"@id\":\"https:\/\/miradouronoticias.com\/site\/2023\/02\/25\/lula-reforca-sugestao-de-grupo-para-negociar-fim-da-guerra-na-ucrania\/#primaryimage\"},\"thumbnailUrl\":\"https:\/\/miradouronoticias.com\/site\/wp-content\/uploads\/2023\/02\/2022-12-29t130520z_1_lynxmpeibs0at_rtroptp_4_ucrania-crise-misseis.jpg\",\"articleSection\":[\"Destaque 2\"],\"inLanguage\":\"pt-BR\",\"potentialAction\":[{\"@type\":\"CommentAction\",\"name\":\"Comment\",\"target\":[\"https:\/\/miradouronoticias.com\/site\/2023\/02\/25\/lula-reforca-sugestao-de-grupo-para-negociar-fim-da-guerra-na-ucrania\/#respond\"]}]},{\"@type\":\"WebPage\",\"@id\":\"https:\/\/miradouronoticias.com\/site\/2023\/02\/25\/lula-reforca-sugestao-de-grupo-para-negociar-fim-da-guerra-na-ucrania\/\",\"url\":\"https:\/\/miradouronoticias.com\/site\/2023\/02\/25\/lula-reforca-sugestao-de-grupo-para-negociar-fim-da-guerra-na-ucrania\/\",\"name\":\"Lula refor\u00e7a sugest\u00e3o de grupo para negociar fim da guerra na Ucr\u00e2nia - Miradouro Not\u00edcias\",\"isPartOf\":{\"@id\":\"https:\/\/miradouronoticias.com\/site\/#website\"},\"primaryImageOfPage\":{\"@id\":\"https:\/\/miradouronoticias.com\/site\/2023\/02\/25\/lula-reforca-sugestao-de-grupo-para-negociar-fim-da-guerra-na-ucrania\/#primaryimage\"},\"image\":{\"@id\":\"https:\/\/miradouronoticias.com\/site\/2023\/02\/25\/lula-reforca-sugestao-de-grupo-para-negociar-fim-da-guerra-na-ucrania\/#primaryimage\"},\"thumbnailUrl\":\"https:\/\/miradouronoticias.com\/site\/wp-content\/uploads\/2023\/02\/2022-12-29t130520z_1_lynxmpeibs0at_rtroptp_4_ucrania-crise-misseis.jpg\",\"datePublished\":\"2023-02-25T08:38:52+00:00\",\"dateModified\":\"2023-02-25T08:40:49+00:00\",\"breadcrumb\":{\"@id\":\"https:\/\/miradouronoticias.com\/site\/2023\/02\/25\/lula-reforca-sugestao-de-grupo-para-negociar-fim-da-guerra-na-ucrania\/#breadcrumb\"},\"inLanguage\":\"pt-BR\",\"potentialAction\":[{\"@type\":\"ReadAction\",\"target\":[\"https:\/\/miradouronoticias.com\/site\/2023\/02\/25\/lula-reforca-sugestao-de-grupo-para-negociar-fim-da-guerra-na-ucrania\/\"]}]},{\"@type\":\"ImageObject\",\"inLanguage\":\"pt-BR\",\"@id\":\"https:\/\/miradouronoticias.com\/site\/2023\/02\/25\/lula-reforca-sugestao-de-grupo-para-negociar-fim-da-guerra-na-ucrania\/#primaryimage\",\"url\":\"https:\/\/miradouronoticias.com\/site\/wp-content\/uploads\/2023\/02\/2022-12-29t130520z_1_lynxmpeibs0at_rtroptp_4_ucrania-crise-misseis.jpg\",\"contentUrl\":\"https:\/\/miradouronoticias.com\/site\/wp-content\/uploads\/2023\/02\/2022-12-29t130520z_1_lynxmpeibs0at_rtroptp_4_ucrania-crise-misseis.jpg\",\"width\":1170,\"height\":700},{\"@type\":\"BreadcrumbList\",\"@id\":\"https:\/\/miradouronoticias.com\/site\/2023\/02\/25\/lula-reforca-sugestao-de-grupo-para-negociar-fim-da-guerra-na-ucrania\/#breadcrumb\",\"itemListElement\":[{\"@type\":\"ListItem\",\"position\":1,\"name\":\"In\u00edcio\",\"item\":\"https:\/\/miradouronoticias.com\/site\/\"},{\"@type\":\"ListItem\",\"position\":2,\"name\":\"Lula refor\u00e7a sugest\u00e3o de grupo para negociar fim da guerra na Ucr\u00e2nia\"}]},{\"@type\":\"WebSite\",\"@id\":\"https:\/\/miradouronoticias.com\/site\/#website\",\"url\":\"https:\/\/miradouronoticias.com\/site\/\",\"name\":\"Miradouro Not\u00edcias\",\"description\":\"Informa\u00e7\u00f5es da cidade e regi\u00e3o\",\"publisher\":{\"@id\":\"https:\/\/miradouronoticias.com\/site\/#organization\"},\"potentialAction\":[{\"@type\":\"SearchAction\",\"target\":{\"@type\":\"EntryPoint\",\"urlTemplate\":\"https:\/\/miradouronoticias.com\/site\/?s={search_term_string}\"},\"query-input\":{\"@type\":\"PropertyValueSpecification\",\"valueRequired\":true,\"valueName\":\"search_term_string\"}}],\"inLanguage\":\"pt-BR\"},{\"@type\":\"Organization\",\"@id\":\"https:\/\/miradouronoticias.com\/site\/#organization\",\"name\":\"Miradouro Not\u00edcias\",\"url\":\"https:\/\/miradouronoticias.com\/site\/\",\"logo\":{\"@type\":\"ImageObject\",\"inLanguage\":\"pt-BR\",\"@id\":\"https:\/\/miradouronoticias.com\/site\/#\/schema\/logo\/image\/\",\"url\":\"https:\/\/miradouronoticias.com\/site\/wp-content\/uploads\/2022\/01\/logomarcamiradouronoticias.png\",\"contentUrl\":\"https:\/\/miradouronoticias.com\/site\/wp-content\/uploads\/2022\/01\/logomarcamiradouronoticias.png\",\"width\":747,\"height\":263,\"caption\":\"Miradouro Not\u00edcias\"},\"image\":{\"@id\":\"https:\/\/miradouronoticias.com\/site\/#\/schema\/logo\/image\/\"}},{\"@type\":\"Person\",\"@id\":\"https:\/\/miradouronoticias.com\/site\/#\/schema\/person\/73440d8c82222950df86f3e1a16aad3b\",\"name\":\"Cl\u00e1udia Olyver\",\"sameAs\":[\"http:\/\/www.miradouronoticias.com\"],\"url\":\"https:\/\/miradouronoticias.com\/site\/author\/claudia\/\"}]}<\/script>\n<!-- \/ Yoast SEO plugin. -->","yoast_head_json":{"title":"Lula refor\u00e7a sugest\u00e3o de grupo para negociar fim da guerra na Ucr\u00e2nia - Miradouro Not\u00edcias","robots":{"index":"index","follow":"follow","max-snippet":"max-snippet:-1","max-image-preview":"max-image-preview:large","max-video-preview":"max-video-preview:-1"},"canonical":"https:\/\/miradouronoticias.com\/site\/2023\/02\/25\/lula-reforca-sugestao-de-grupo-para-negociar-fim-da-guerra-na-ucrania\/","og_locale":"pt_BR","og_type":"article","og_title":"Lula refor\u00e7a sugest\u00e3o de grupo para negociar fim da guerra na Ucr\u00e2nia - Miradouro Not\u00edcias","og_description":"Conflito no Leste Europeu completa um ano hoje Na data em que a guerra entre a R\u00fassia e a Ucr\u00e2nia completa um ano, o presidente Luiz In\u00e1cio Lula da Silva se posicionou nas redes sociais. Por meio de sua conta no Twitter, o presidente\u00a0voltou a defender a negocia\u00e7\u00e3o para cessar o conflito, que j\u00e1 matou [&hellip;]","og_url":"https:\/\/miradouronoticias.com\/site\/2023\/02\/25\/lula-reforca-sugestao-de-grupo-para-negociar-fim-da-guerra-na-ucrania\/","og_site_name":"Miradouro Not\u00edcias","article_published_time":"2023-02-25T08:38:52+00:00","article_modified_time":"2023-02-25T08:40:49+00:00","og_image":[{"width":1170,"height":700,"url":"https:\/\/miradouronoticias.com\/site\/wp-content\/uploads\/2023\/02\/2022-12-29t130520z_1_lynxmpeibs0at_rtroptp_4_ucrania-crise-misseis.jpg","type":"image\/jpeg"}],"author":"Cl\u00e1udia Olyver","twitter_card":"summary_large_image","twitter_misc":{"Escrito por":"Cl\u00e1udia Olyver","Est. tempo de leitura":"3 minutos"},"schema":{"@context":"https:\/\/schema.org","@graph":[{"@type":"Article","@id":"https:\/\/miradouronoticias.com\/site\/2023\/02\/25\/lula-reforca-sugestao-de-grupo-para-negociar-fim-da-guerra-na-ucrania\/#article","isPartOf":{"@id":"https:\/\/miradouronoticias.com\/site\/2023\/02\/25\/lula-reforca-sugestao-de-grupo-para-negociar-fim-da-guerra-na-ucrania\/"},"author":{"name":"Cl\u00e1udia Olyver","@id":"https:\/\/miradouronoticias.com\/site\/#\/schema\/person\/73440d8c82222950df86f3e1a16aad3b"},"headline":"Lula refor\u00e7a sugest\u00e3o de grupo para negociar fim da guerra na Ucr\u00e2nia","datePublished":"2023-02-25T08:38:52+00:00","dateModified":"2023-02-25T08:40:49+00:00","mainEntityOfPage":{"@id":"https:\/\/miradouronoticias.com\/site\/2023\/02\/25\/lula-reforca-sugestao-de-grupo-para-negociar-fim-da-guerra-na-ucrania\/"},"wordCount":346,"commentCount":0,"publisher":{"@id":"https:\/\/miradouronoticias.com\/site\/#organization"},"image":{"@id":"https:\/\/miradouronoticias.com\/site\/2023\/02\/25\/lula-reforca-sugestao-de-grupo-para-negociar-fim-da-guerra-na-ucrania\/#primaryimage"},"thumbnailUrl":"https:\/\/miradouronoticias.com\/site\/wp-content\/uploads\/2023\/02\/2022-12-29t130520z_1_lynxmpeibs0at_rtroptp_4_ucrania-crise-misseis.jpg","articleSection":["Destaque 2"],"inLanguage":"pt-BR","potentialAction":[{"@type":"CommentAction","name":"Comment","target":["https:\/\/miradouronoticias.com\/site\/2023\/02\/25\/lula-reforca-sugestao-de-grupo-para-negociar-fim-da-guerra-na-ucrania\/#respond"]}]},{"@type":"WebPage","@id":"https:\/\/miradouronoticias.com\/site\/2023\/02\/25\/lula-reforca-sugestao-de-grupo-para-negociar-fim-da-guerra-na-ucrania\/","url":"https:\/\/miradouronoticias.com\/site\/2023\/02\/25\/lula-reforca-sugestao-de-grupo-para-negociar-fim-da-guerra-na-ucrania\/","name":"Lula refor\u00e7a sugest\u00e3o de grupo para negociar fim da guerra na Ucr\u00e2nia - Miradouro Not\u00edcias","isPartOf":{"@id":"https:\/\/miradouronoticias.com\/site\/#website"},"primaryImageOfPage":{"@id":"https:\/\/miradouronoticias.com\/site\/2023\/02\/25\/lula-reforca-sugestao-de-grupo-para-negociar-fim-da-guerra-na-ucrania\/#primaryimage"},"image":{"@id":"https:\/\/miradouronoticias.com\/site\/2023\/02\/25\/lula-reforca-sugestao-de-grupo-para-negociar-fim-da-guerra-na-ucrania\/#primaryimage"},"thumbnailUrl":"https:\/\/miradouronoticias.com\/site\/wp-content\/uploads\/2023\/02\/2022-12-29t130520z_1_lynxmpeibs0at_rtroptp_4_ucrania-crise-misseis.jpg","datePublished":"2023-02-25T08:38:52+00:00","dateModified":"2023-02-25T08:40:49+00:00","breadcrumb":{"@id":"https:\/\/miradouronoticias.com\/site\/2023\/02\/25\/lula-reforca-sugestao-de-grupo-para-negociar-fim-da-guerra-na-ucrania\/#breadcrumb"},"inLanguage":"pt-BR","potentialAction":[{"@type":"ReadAction","target":["https:\/\/miradouronoticias.com\/site\/2023\/02\/25\/lula-reforca-sugestao-de-grupo-para-negociar-fim-da-guerra-na-ucrania\/"]}]},{"@type":"ImageObject","inLanguage":"pt-BR","@id":"https:\/\/miradouronoticias.com\/site\/2023\/02\/25\/lula-reforca-sugestao-de-grupo-para-negociar-fim-da-guerra-na-ucrania\/#primaryimage","url":"https:\/\/miradouronoticias.com\/site\/wp-content\/uploads\/2023\/02\/2022-12-29t130520z_1_lynxmpeibs0at_rtroptp_4_ucrania-crise-misseis.jpg","contentUrl":"https:\/\/miradouronoticias.com\/site\/wp-content\/uploads\/2023\/02\/2022-12-29t130520z_1_lynxmpeibs0at_rtroptp_4_ucrania-crise-misseis.jpg","width":1170,"height":700},{"@type":"BreadcrumbList","@id":"https:\/\/miradouronoticias.com\/site\/2023\/02\/25\/lula-reforca-sugestao-de-grupo-para-negociar-fim-da-guerra-na-ucrania\/#breadcrumb","itemListElement":[{"@type":"ListItem","position":1,"name":"In\u00edcio","item":"https:\/\/miradouronoticias.com\/site\/"},{"@type":"ListItem","position":2,"name":"Lula refor\u00e7a sugest\u00e3o de grupo para negociar fim da guerra na Ucr\u00e2nia"}]},{"@type":"WebSite","@id":"https:\/\/miradouronoticias.com\/site\/#website","url":"https:\/\/miradouronoticias.com\/site\/","name":"Miradouro Not\u00edcias","description":"Informa\u00e7\u00f5es da cidade e regi\u00e3o","publisher":{"@id":"https:\/\/miradouronoticias.com\/site\/#organization"},"potentialAction":[{"@type":"SearchAction","target":{"@type":"EntryPoint","urlTemplate":"https:\/\/miradouronoticias.com\/site\/?s={search_term_string}"},"query-input":{"@type":"PropertyValueSpecification","valueRequired":true,"valueName":"search_term_string"}}],"inLanguage":"pt-BR"},{"@type":"Organization","@id":"https:\/\/miradouronoticias.com\/site\/#organization","name":"Miradouro Not\u00edcias","url":"https:\/\/miradouronoticias.com\/site\/","logo":{"@type":"ImageObject","inLanguage":"pt-BR","@id":"https:\/\/miradouronoticias.com\/site\/#\/schema\/logo\/image\/","url":"https:\/\/miradouronoticias.com\/site\/wp-content\/uploads\/2022\/01\/logomarcamiradouronoticias.png","contentUrl":"https:\/\/miradouronoticias.com\/site\/wp-content\/uploads\/2022\/01\/logomarcamiradouronoticias.png","width":747,"height":263,"caption":"Miradouro Not\u00edcias"},"image":{"@id":"https:\/\/miradouronoticias.com\/site\/#\/schema\/logo\/image\/"}},{"@type":"Person","@id":"https:\/\/miradouronoticias.com\/site\/#\/schema\/person\/73440d8c82222950df86f3e1a16aad3b","name":"Cl\u00e1udia Olyver","sameAs":["http:\/\/www.miradouronoticias.com"],"url":"https:\/\/miradouronoticias.com\/site\/author\/claudia\/"}]}},"_links":{"self":[{"href":"https:\/\/miradouronoticias.com\/site\/wp-json\/wp\/v2\/posts\/13324","targetHints":{"allow":["GET"]}}],"collection":[{"href":"https:\/\/miradouronoticias.com\/site\/wp-json\/wp\/v2\/posts"}],"about":[{"href":"https:\/\/miradouronoticias.com\/site\/wp-json\/wp\/v2\/types\/post"}],"author":[{"embeddable":true,"href":"https:\/\/miradouronoticias.com\/site\/wp-json\/wp\/v2\/users\/4"}],"replies":[{"embeddable":true,"href":"https:\/\/miradouronoticias.com\/site\/wp-json\/wp\/v2\/comments?post=13324"}],"version-history":[{"count":2,"href":"https:\/\/miradouronoticias.com\/site\/wp-json\/wp\/v2\/posts\/13324\/revisions"}],"predecessor-version":[{"id":13327,"href":"https:\/\/miradouronoticias.com\/site\/wp-json\/wp\/v2\/posts\/13324\/revisions\/13327"}],"wp:featuredmedia":[{"embeddable":true,"href":"https:\/\/miradouronoticias.com\/site\/wp-json\/wp\/v2\/media\/13325"}],"wp:attachment":[{"href":"https:\/\/miradouronoticias.com\/site\/wp-json\/wp\/v2\/media?parent=13324"}],"wp:term":[{"taxonomy":"category","embeddable":true,"href":"https:\/\/miradouronoticias.com\/site\/wp-json\/wp\/v2\/categories?post=13324"},{"taxonomy":"post_tag","embeddable":true,"href":"https:\/\/miradouronoticias.com\/site\/wp-json\/wp\/v2\/tags?post=13324"}],"curies":[{"name":"wp","href":"https:\/\/api.w.org\/{rel}","templated":true}]}}