{"id":12804,"date":"2023-01-30T11:14:04","date_gmt":"2023-01-30T14:14:04","guid":{"rendered":"https:\/\/miradouronoticias.com\/site\/?p=12804"},"modified":"2023-01-30T11:14:04","modified_gmt":"2023-01-30T14:14:04","slug":"intervencao-na-seguranca-do-df-termina-amanha","status":"publish","type":"post","link":"https:\/\/miradouronoticias.com\/site\/2023\/01\/30\/intervencao-na-seguranca-do-df-termina-amanha\/","title":{"rendered":"Interven\u00e7\u00e3o na seguran\u00e7a do DF termina amanh\u00e3"},"content":{"rendered":"<h3 class=\"col-10 offset-1 animated fadeInDown dealy-900 display-8 display-md-8 alt-font font-italic my-1 text-center\">Ministro da Justi\u00e7a disse que n\u00e3o pretende prorrogar prazo<\/h3>\n<div class=\"col-lg-12 mb-3\">\n<div class=\"row\">\n<div id=\"tts-container\" class=\"col-xl-7 offset-xl-1 col-lg-8 offset-lg-0 col-md-10 offset-md-1 mb-3\">\n<h4 class=\"alt-font font-italic small text-info text-left\">:<\/h4>\n<p><audio id=\"tts-player\" src=\"https:\/\/tts-app.ebc.com.br\/media\/tts\/197759.mp3\" controls=\"controls\" data-mce-fragment=\"1\"><\/audio><\/div>\n<\/div>\n<\/div>\n<div class=\"col-xl-7 offset-xl-1 col-lg-8 offset-lg-0 col-md-10 offset-md-1 mb-3\">\n<div class=\"post-item alt-font\">\n<div class=\"post-item-wrap\">\n<p>Termina nesta ter\u00e7a-feira (31) a interven\u00e7\u00e3o federal na seguran\u00e7a p\u00fablica do Distrito Federal, determinada ap\u00f3s os atos terroristas ocorridos no dia 8 de janeiro, que resultaram na invas\u00e3o e no vandalismo contra as sedes dos Tr\u00eas Poderes, em Bras\u00edlia. N\u00e3o est\u00e1 nos planos do Minist\u00e9rio da Justi\u00e7a manter a interven\u00e7\u00e3o ap\u00f3s o t\u00e9rmino do prazo estipulado inicialmente.<img decoding=\"async\" src=\"https:\/\/agenciabrasil.ebc.com.br\/ebc.png?id=1506927&amp;o=node\" \/><img decoding=\"async\" src=\"https:\/\/agenciabrasil.ebc.com.br\/ebc.gif?id=1506927&amp;o=node\" \/><\/p>\n<p>Em v\u00e1rias oportunidades, o interventor indicado pelo governo federal, Ricardo Cappelli, disse ter \u201cplena confian\u00e7a\u201d nas for\u00e7as de seguran\u00e7a do DF e que aprova indica\u00e7\u00e3o do delegado federal Sandro Avelar para o cargo de secret\u00e1rio de Seguran\u00e7a, feito pela governadora em exerc\u00edcio, Celina Le\u00e3o.<\/p>\n<p>Em declara\u00e7\u00f5es recentes, Cappelli disse ter confian\u00e7a de que Avelar tem os requisitos necess\u00e1rios ao cargo, para conduzir e planejar as a\u00e7\u00f5es previstas para os pr\u00f3ximos dias, o que inclui o esquema de seguran\u00e7a para a posse, dia 1\u00ba, dos novos parlamentares no Congresso Nacional.<\/p>\n<p>O ministro da Justi\u00e7a, Fl\u00e1vio Dino, disse, na \u00faltima semana, que n\u00e3o pretende prorrogar a interven\u00e7\u00e3o porque n\u00e3o existe mais causa constitucional para tal medida.<\/p>\n<\/div>\n<\/div>\n<\/div>\n<h6><strong>Ag\u00eancia Brasil<\/strong><\/h6>\n<hr \/>\n<p><strong><span style=\"color: #ff0000;\">By: miradouronot\u00edcias.com.br<\/span><\/strong><\/p>\n","protected":false},"excerpt":{"rendered":"<p>Ministro da Justi\u00e7a disse que n\u00e3o pretende prorrogar prazo : Termina nesta ter\u00e7a-feira (31) a interven\u00e7\u00e3o federal na seguran\u00e7a p\u00fablica do Distrito Federal, determinada ap\u00f3s os atos terroristas ocorridos no dia 8 de janeiro, que resultaram na invas\u00e3o e no vandalismo contra as sedes dos Tr\u00eas Poderes, em Bras\u00edlia. N\u00e3o est\u00e1 nos planos do Minist\u00e9rio [&hellip;]<\/p>\n","protected":false},"author":4,"featured_media":12805,"comment_status":"open","ping_status":"open","sticky":false,"template":"","format":"standard","meta":{"footnotes":""},"categories":[1,18],"tags":[],"class_list":["post-12804","post","type-post","status-publish","format-standard","has-post-thumbnail","hentry","category-destaque-principal","category-policia"],"yoast_head":"<!-- This site is optimized with the Yoast SEO plugin v27.2 - https:\/\/yoast.com\/product\/yoast-seo-wordpress\/ -->\n<title>Interven\u00e7\u00e3o na seguran\u00e7a do DF termina amanh\u00e3 - Miradouro Not\u00edcias<\/title>\n<meta name=\"robots\" content=\"index, follow, max-snippet:-1, max-image-preview:large, max-video-preview:-1\" \/>\n<link rel=\"canonical\" href=\"https:\/\/miradouronoticias.com\/site\/2023\/01\/30\/intervencao-na-seguranca-do-df-termina-amanha\/\" \/>\n<meta property=\"og:locale\" content=\"pt_BR\" \/>\n<meta property=\"og:type\" content=\"article\" \/>\n<meta property=\"og:title\" content=\"Interven\u00e7\u00e3o na seguran\u00e7a do DF termina amanh\u00e3 - Miradouro Not\u00edcias\" \/>\n<meta property=\"og:description\" content=\"Ministro da Justi\u00e7a disse que n\u00e3o pretende prorrogar prazo : Termina nesta ter\u00e7a-feira (31) a interven\u00e7\u00e3o federal na seguran\u00e7a p\u00fablica do Distrito Federal, determinada ap\u00f3s os atos terroristas ocorridos no dia 8 de janeiro, que resultaram na invas\u00e3o e no vandalismo contra as sedes dos Tr\u00eas Poderes, em Bras\u00edlia. N\u00e3o est\u00e1 nos planos do Minist\u00e9rio [&hellip;]\" \/>\n<meta property=\"og:url\" content=\"https:\/\/miradouronoticias.com\/site\/2023\/01\/30\/intervencao-na-seguranca-do-df-termina-amanha\/\" \/>\n<meta property=\"og:site_name\" content=\"Miradouro Not\u00edcias\" \/>\n<meta property=\"article:published_time\" content=\"2023-01-30T14:14:04+00:00\" \/>\n<meta property=\"og:image\" content=\"https:\/\/miradouronoticias.com\/site\/wp-content\/uploads\/2023\/01\/planalto_jose_cruz_abr_1101233787.jpg\" \/>\n\t<meta property=\"og:image:width\" content=\"1170\" \/>\n\t<meta property=\"og:image:height\" content=\"700\" \/>\n\t<meta property=\"og:image:type\" content=\"image\/jpeg\" \/>\n<meta name=\"author\" content=\"Cl\u00e1udia Olyver\" \/>\n<meta name=\"twitter:card\" content=\"summary_large_image\" \/>\n<meta name=\"twitter:label1\" content=\"Escrito por\" \/>\n\t<meta name=\"twitter:data1\" content=\"Cl\u00e1udia Olyver\" \/>\n\t<meta name=\"twitter:label2\" content=\"Est. tempo de leitura\" \/>\n\t<meta name=\"twitter:data2\" content=\"2 minutos\" \/>\n<script type=\"application\/ld+json\" class=\"yoast-schema-graph\">{\"@context\":\"https:\/\/schema.org\",\"@graph\":[{\"@type\":\"Article\",\"@id\":\"https:\/\/miradouronoticias.com\/site\/2023\/01\/30\/intervencao-na-seguranca-do-df-termina-amanha\/#article\",\"isPartOf\":{\"@id\":\"https:\/\/miradouronoticias.com\/site\/2023\/01\/30\/intervencao-na-seguranca-do-df-termina-amanha\/\"},\"author\":{\"name\":\"Cl\u00e1udia Olyver\",\"@id\":\"https:\/\/miradouronoticias.com\/site\/#\/schema\/person\/73440d8c82222950df86f3e1a16aad3b\"},\"headline\":\"Interven\u00e7\u00e3o na seguran\u00e7a do DF termina amanh\u00e3\",\"datePublished\":\"2023-01-30T14:14:04+00:00\",\"mainEntityOfPage\":{\"@id\":\"https:\/\/miradouronoticias.com\/site\/2023\/01\/30\/intervencao-na-seguranca-do-df-termina-amanha\/\"},\"wordCount\":230,\"commentCount\":0,\"publisher\":{\"@id\":\"https:\/\/miradouronoticias.com\/site\/#organization\"},\"image\":{\"@id\":\"https:\/\/miradouronoticias.com\/site\/2023\/01\/30\/intervencao-na-seguranca-do-df-termina-amanha\/#primaryimage\"},\"thumbnailUrl\":\"https:\/\/miradouronoticias.com\/site\/wp-content\/uploads\/2023\/01\/planalto_jose_cruz_abr_1101233787.jpg\",\"articleSection\":[\"Destaque Principal\",\"Pol\u00edcia\"],\"inLanguage\":\"pt-BR\",\"potentialAction\":[{\"@type\":\"CommentAction\",\"name\":\"Comment\",\"target\":[\"https:\/\/miradouronoticias.com\/site\/2023\/01\/30\/intervencao-na-seguranca-do-df-termina-amanha\/#respond\"]}]},{\"@type\":\"WebPage\",\"@id\":\"https:\/\/miradouronoticias.com\/site\/2023\/01\/30\/intervencao-na-seguranca-do-df-termina-amanha\/\",\"url\":\"https:\/\/miradouronoticias.com\/site\/2023\/01\/30\/intervencao-na-seguranca-do-df-termina-amanha\/\",\"name\":\"Interven\u00e7\u00e3o na seguran\u00e7a do DF termina amanh\u00e3 - Miradouro Not\u00edcias\",\"isPartOf\":{\"@id\":\"https:\/\/miradouronoticias.com\/site\/#website\"},\"primaryImageOfPage\":{\"@id\":\"https:\/\/miradouronoticias.com\/site\/2023\/01\/30\/intervencao-na-seguranca-do-df-termina-amanha\/#primaryimage\"},\"image\":{\"@id\":\"https:\/\/miradouronoticias.com\/site\/2023\/01\/30\/intervencao-na-seguranca-do-df-termina-amanha\/#primaryimage\"},\"thumbnailUrl\":\"https:\/\/miradouronoticias.com\/site\/wp-content\/uploads\/2023\/01\/planalto_jose_cruz_abr_1101233787.jpg\",\"datePublished\":\"2023-01-30T14:14:04+00:00\",\"breadcrumb\":{\"@id\":\"https:\/\/miradouronoticias.com\/site\/2023\/01\/30\/intervencao-na-seguranca-do-df-termina-amanha\/#breadcrumb\"},\"inLanguage\":\"pt-BR\",\"potentialAction\":[{\"@type\":\"ReadAction\",\"target\":[\"https:\/\/miradouronoticias.com\/site\/2023\/01\/30\/intervencao-na-seguranca-do-df-termina-amanha\/\"]}]},{\"@type\":\"ImageObject\",\"inLanguage\":\"pt-BR\",\"@id\":\"https:\/\/miradouronoticias.com\/site\/2023\/01\/30\/intervencao-na-seguranca-do-df-termina-amanha\/#primaryimage\",\"url\":\"https:\/\/miradouronoticias.com\/site\/wp-content\/uploads\/2023\/01\/planalto_jose_cruz_abr_1101233787.jpg\",\"contentUrl\":\"https:\/\/miradouronoticias.com\/site\/wp-content\/uploads\/2023\/01\/planalto_jose_cruz_abr_1101233787.jpg\",\"width\":1170,\"height\":700,\"caption\":\"Militares e Ve\u00edculos da For\u00e7a Nacional de Seguran\u00e7a P\u00fablica do Brasil, s\u00e3o vistos em frente ao Pal\u00e1cio do Planalto em Bras\u00edlia\"},{\"@type\":\"BreadcrumbList\",\"@id\":\"https:\/\/miradouronoticias.com\/site\/2023\/01\/30\/intervencao-na-seguranca-do-df-termina-amanha\/#breadcrumb\",\"itemListElement\":[{\"@type\":\"ListItem\",\"position\":1,\"name\":\"In\u00edcio\",\"item\":\"https:\/\/miradouronoticias.com\/site\/\"},{\"@type\":\"ListItem\",\"position\":2,\"name\":\"Interven\u00e7\u00e3o na seguran\u00e7a do DF termina amanh\u00e3\"}]},{\"@type\":\"WebSite\",\"@id\":\"https:\/\/miradouronoticias.com\/site\/#website\",\"url\":\"https:\/\/miradouronoticias.com\/site\/\",\"name\":\"Miradouro Not\u00edcias\",\"description\":\"Informa\u00e7\u00f5es da cidade e regi\u00e3o\",\"publisher\":{\"@id\":\"https:\/\/miradouronoticias.com\/site\/#organization\"},\"potentialAction\":[{\"@type\":\"SearchAction\",\"target\":{\"@type\":\"EntryPoint\",\"urlTemplate\":\"https:\/\/miradouronoticias.com\/site\/?s={search_term_string}\"},\"query-input\":{\"@type\":\"PropertyValueSpecification\",\"valueRequired\":true,\"valueName\":\"search_term_string\"}}],\"inLanguage\":\"pt-BR\"},{\"@type\":\"Organization\",\"@id\":\"https:\/\/miradouronoticias.com\/site\/#organization\",\"name\":\"Miradouro Not\u00edcias\",\"url\":\"https:\/\/miradouronoticias.com\/site\/\",\"logo\":{\"@type\":\"ImageObject\",\"inLanguage\":\"pt-BR\",\"@id\":\"https:\/\/miradouronoticias.com\/site\/#\/schema\/logo\/image\/\",\"url\":\"https:\/\/miradouronoticias.com\/site\/wp-content\/uploads\/2022\/01\/logomarcamiradouronoticias.png\",\"contentUrl\":\"https:\/\/miradouronoticias.com\/site\/wp-content\/uploads\/2022\/01\/logomarcamiradouronoticias.png\",\"width\":747,\"height\":263,\"caption\":\"Miradouro Not\u00edcias\"},\"image\":{\"@id\":\"https:\/\/miradouronoticias.com\/site\/#\/schema\/logo\/image\/\"}},{\"@type\":\"Person\",\"@id\":\"https:\/\/miradouronoticias.com\/site\/#\/schema\/person\/73440d8c82222950df86f3e1a16aad3b\",\"name\":\"Cl\u00e1udia Olyver\",\"sameAs\":[\"http:\/\/www.miradouronoticias.com\"],\"url\":\"https:\/\/miradouronoticias.com\/site\/author\/claudia\/\"}]}<\/script>\n<!-- \/ Yoast SEO plugin. -->","yoast_head_json":{"title":"Interven\u00e7\u00e3o na seguran\u00e7a do DF termina amanh\u00e3 - Miradouro Not\u00edcias","robots":{"index":"index","follow":"follow","max-snippet":"max-snippet:-1","max-image-preview":"max-image-preview:large","max-video-preview":"max-video-preview:-1"},"canonical":"https:\/\/miradouronoticias.com\/site\/2023\/01\/30\/intervencao-na-seguranca-do-df-termina-amanha\/","og_locale":"pt_BR","og_type":"article","og_title":"Interven\u00e7\u00e3o na seguran\u00e7a do DF termina amanh\u00e3 - Miradouro Not\u00edcias","og_description":"Ministro da Justi\u00e7a disse que n\u00e3o pretende prorrogar prazo : Termina nesta ter\u00e7a-feira (31) a interven\u00e7\u00e3o federal na seguran\u00e7a p\u00fablica do Distrito Federal, determinada ap\u00f3s os atos terroristas ocorridos no dia 8 de janeiro, que resultaram na invas\u00e3o e no vandalismo contra as sedes dos Tr\u00eas Poderes, em Bras\u00edlia. N\u00e3o est\u00e1 nos planos do Minist\u00e9rio [&hellip;]","og_url":"https:\/\/miradouronoticias.com\/site\/2023\/01\/30\/intervencao-na-seguranca-do-df-termina-amanha\/","og_site_name":"Miradouro Not\u00edcias","article_published_time":"2023-01-30T14:14:04+00:00","og_image":[{"width":1170,"height":700,"url":"https:\/\/miradouronoticias.com\/site\/wp-content\/uploads\/2023\/01\/planalto_jose_cruz_abr_1101233787.jpg","type":"image\/jpeg"}],"author":"Cl\u00e1udia Olyver","twitter_card":"summary_large_image","twitter_misc":{"Escrito por":"Cl\u00e1udia Olyver","Est. tempo de leitura":"2 minutos"},"schema":{"@context":"https:\/\/schema.org","@graph":[{"@type":"Article","@id":"https:\/\/miradouronoticias.com\/site\/2023\/01\/30\/intervencao-na-seguranca-do-df-termina-amanha\/#article","isPartOf":{"@id":"https:\/\/miradouronoticias.com\/site\/2023\/01\/30\/intervencao-na-seguranca-do-df-termina-amanha\/"},"author":{"name":"Cl\u00e1udia Olyver","@id":"https:\/\/miradouronoticias.com\/site\/#\/schema\/person\/73440d8c82222950df86f3e1a16aad3b"},"headline":"Interven\u00e7\u00e3o na seguran\u00e7a do DF termina amanh\u00e3","datePublished":"2023-01-30T14:14:04+00:00","mainEntityOfPage":{"@id":"https:\/\/miradouronoticias.com\/site\/2023\/01\/30\/intervencao-na-seguranca-do-df-termina-amanha\/"},"wordCount":230,"commentCount":0,"publisher":{"@id":"https:\/\/miradouronoticias.com\/site\/#organization"},"image":{"@id":"https:\/\/miradouronoticias.com\/site\/2023\/01\/30\/intervencao-na-seguranca-do-df-termina-amanha\/#primaryimage"},"thumbnailUrl":"https:\/\/miradouronoticias.com\/site\/wp-content\/uploads\/2023\/01\/planalto_jose_cruz_abr_1101233787.jpg","articleSection":["Destaque Principal","Pol\u00edcia"],"inLanguage":"pt-BR","potentialAction":[{"@type":"CommentAction","name":"Comment","target":["https:\/\/miradouronoticias.com\/site\/2023\/01\/30\/intervencao-na-seguranca-do-df-termina-amanha\/#respond"]}]},{"@type":"WebPage","@id":"https:\/\/miradouronoticias.com\/site\/2023\/01\/30\/intervencao-na-seguranca-do-df-termina-amanha\/","url":"https:\/\/miradouronoticias.com\/site\/2023\/01\/30\/intervencao-na-seguranca-do-df-termina-amanha\/","name":"Interven\u00e7\u00e3o na seguran\u00e7a do DF termina amanh\u00e3 - Miradouro Not\u00edcias","isPartOf":{"@id":"https:\/\/miradouronoticias.com\/site\/#website"},"primaryImageOfPage":{"@id":"https:\/\/miradouronoticias.com\/site\/2023\/01\/30\/intervencao-na-seguranca-do-df-termina-amanha\/#primaryimage"},"image":{"@id":"https:\/\/miradouronoticias.com\/site\/2023\/01\/30\/intervencao-na-seguranca-do-df-termina-amanha\/#primaryimage"},"thumbnailUrl":"https:\/\/miradouronoticias.com\/site\/wp-content\/uploads\/2023\/01\/planalto_jose_cruz_abr_1101233787.jpg","datePublished":"2023-01-30T14:14:04+00:00","breadcrumb":{"@id":"https:\/\/miradouronoticias.com\/site\/2023\/01\/30\/intervencao-na-seguranca-do-df-termina-amanha\/#breadcrumb"},"inLanguage":"pt-BR","potentialAction":[{"@type":"ReadAction","target":["https:\/\/miradouronoticias.com\/site\/2023\/01\/30\/intervencao-na-seguranca-do-df-termina-amanha\/"]}]},{"@type":"ImageObject","inLanguage":"pt-BR","@id":"https:\/\/miradouronoticias.com\/site\/2023\/01\/30\/intervencao-na-seguranca-do-df-termina-amanha\/#primaryimage","url":"https:\/\/miradouronoticias.com\/site\/wp-content\/uploads\/2023\/01\/planalto_jose_cruz_abr_1101233787.jpg","contentUrl":"https:\/\/miradouronoticias.com\/site\/wp-content\/uploads\/2023\/01\/planalto_jose_cruz_abr_1101233787.jpg","width":1170,"height":700,"caption":"Militares e Ve\u00edculos da For\u00e7a Nacional de Seguran\u00e7a P\u00fablica do Brasil, s\u00e3o vistos em frente ao Pal\u00e1cio do Planalto em Bras\u00edlia"},{"@type":"BreadcrumbList","@id":"https:\/\/miradouronoticias.com\/site\/2023\/01\/30\/intervencao-na-seguranca-do-df-termina-amanha\/#breadcrumb","itemListElement":[{"@type":"ListItem","position":1,"name":"In\u00edcio","item":"https:\/\/miradouronoticias.com\/site\/"},{"@type":"ListItem","position":2,"name":"Interven\u00e7\u00e3o na seguran\u00e7a do DF termina amanh\u00e3"}]},{"@type":"WebSite","@id":"https:\/\/miradouronoticias.com\/site\/#website","url":"https:\/\/miradouronoticias.com\/site\/","name":"Miradouro Not\u00edcias","description":"Informa\u00e7\u00f5es da cidade e regi\u00e3o","publisher":{"@id":"https:\/\/miradouronoticias.com\/site\/#organization"},"potentialAction":[{"@type":"SearchAction","target":{"@type":"EntryPoint","urlTemplate":"https:\/\/miradouronoticias.com\/site\/?s={search_term_string}"},"query-input":{"@type":"PropertyValueSpecification","valueRequired":true,"valueName":"search_term_string"}}],"inLanguage":"pt-BR"},{"@type":"Organization","@id":"https:\/\/miradouronoticias.com\/site\/#organization","name":"Miradouro Not\u00edcias","url":"https:\/\/miradouronoticias.com\/site\/","logo":{"@type":"ImageObject","inLanguage":"pt-BR","@id":"https:\/\/miradouronoticias.com\/site\/#\/schema\/logo\/image\/","url":"https:\/\/miradouronoticias.com\/site\/wp-content\/uploads\/2022\/01\/logomarcamiradouronoticias.png","contentUrl":"https:\/\/miradouronoticias.com\/site\/wp-content\/uploads\/2022\/01\/logomarcamiradouronoticias.png","width":747,"height":263,"caption":"Miradouro Not\u00edcias"},"image":{"@id":"https:\/\/miradouronoticias.com\/site\/#\/schema\/logo\/image\/"}},{"@type":"Person","@id":"https:\/\/miradouronoticias.com\/site\/#\/schema\/person\/73440d8c82222950df86f3e1a16aad3b","name":"Cl\u00e1udia Olyver","sameAs":["http:\/\/www.miradouronoticias.com"],"url":"https:\/\/miradouronoticias.com\/site\/author\/claudia\/"}]}},"_links":{"self":[{"href":"https:\/\/miradouronoticias.com\/site\/wp-json\/wp\/v2\/posts\/12804","targetHints":{"allow":["GET"]}}],"collection":[{"href":"https:\/\/miradouronoticias.com\/site\/wp-json\/wp\/v2\/posts"}],"about":[{"href":"https:\/\/miradouronoticias.com\/site\/wp-json\/wp\/v2\/types\/post"}],"author":[{"embeddable":true,"href":"https:\/\/miradouronoticias.com\/site\/wp-json\/wp\/v2\/users\/4"}],"replies":[{"embeddable":true,"href":"https:\/\/miradouronoticias.com\/site\/wp-json\/wp\/v2\/comments?post=12804"}],"version-history":[{"count":2,"href":"https:\/\/miradouronoticias.com\/site\/wp-json\/wp\/v2\/posts\/12804\/revisions"}],"predecessor-version":[{"id":12808,"href":"https:\/\/miradouronoticias.com\/site\/wp-json\/wp\/v2\/posts\/12804\/revisions\/12808"}],"wp:featuredmedia":[{"embeddable":true,"href":"https:\/\/miradouronoticias.com\/site\/wp-json\/wp\/v2\/media\/12805"}],"wp:attachment":[{"href":"https:\/\/miradouronoticias.com\/site\/wp-json\/wp\/v2\/media?parent=12804"}],"wp:term":[{"taxonomy":"category","embeddable":true,"href":"https:\/\/miradouronoticias.com\/site\/wp-json\/wp\/v2\/categories?post=12804"},{"taxonomy":"post_tag","embeddable":true,"href":"https:\/\/miradouronoticias.com\/site\/wp-json\/wp\/v2\/tags?post=12804"}],"curies":[{"name":"wp","href":"https:\/\/api.w.org\/{rel}","templated":true}]}}