{"id":12140,"date":"2023-01-03T11:37:39","date_gmt":"2023-01-03T14:37:39","guid":{"rendered":"https:\/\/miradouronoticias.com\/site\/?p=12140"},"modified":"2023-01-03T11:37:39","modified_gmt":"2023-01-03T14:37:39","slug":"duas-estradas-da-regiao-estao-parcialmente-interditadas","status":"publish","type":"post","link":"https:\/\/miradouronoticias.com\/site\/2023\/01\/03\/duas-estradas-da-regiao-estao-parcialmente-interditadas\/","title":{"rendered":"Duas estradas da regi\u00e3o est\u00e3o parcialmente interditadas"},"content":{"rendered":"<h2>Tr\u00e2nsito est\u00e1 em meia pista nas rodovias BR-040 e MGC-265; acidentes aconteceram na noite deste domingo<\/h2>\n<p>Devido ao alto volume de chuvas nos \u00faltimos dias, duas estradas da regi\u00e3o se encontram parcialmente interditadas ap\u00f3s deslizamentos de terra.<\/p>\n<p>De acordo com informa\u00e7\u00f5es da Pol\u00edcia Rodovi\u00e1ria Federal (PRF), na noite deste domingo (1) houve um deslizamento de terra causado pela eros\u00e3o de um talude no quil\u00f4metro 745 da BR-040, pr\u00f3ximo a cidade de Santos Dumont, no sentido Rio de Janeiro.No mesmo dia, parte da pista de rolamento da rodovia MGC-265, que liga as cidades de Rio Pomba e Merc\u00eas, desabou pr\u00f3ximo ao quil\u00f4metro 15.<\/p>\n<div id=\"_ppads_video\"><\/div>\n<p>Sobre a situa\u00e7\u00e3o da rodovia BR-040, a concession\u00e1ria Via 040 afirmou que o trecho em quest\u00e3o est\u00e1 interditado e o fluxo de ve\u00edculos est\u00e1 sendo direcionado no esquema de \u201cpare e siga\u201d.<\/p>\n<p>As equipes de engenharia da empresa ainda est\u00e3o avaliando as medidas necess\u00e1rias para a libera\u00e7\u00e3o definitiva do local e ainda n\u00e3o existe previs\u00e3o de in\u00edcio das obras de recupera\u00e7\u00e3o.<\/p>\n<h6><strong>Fonte: zona da mata<\/strong><\/h6>\n<hr \/>\n<p><strong><span style=\"color: #ff0000;\">By: miradouronot\u00edcias.com.br<\/span><\/strong><\/p>\n","protected":false},"excerpt":{"rendered":"<p>Tr\u00e2nsito est\u00e1 em meia pista nas rodovias BR-040 e MGC-265; acidentes aconteceram na noite deste domingo Devido ao alto volume de chuvas nos \u00faltimos dias, duas estradas da regi\u00e3o se encontram parcialmente interditadas ap\u00f3s deslizamentos de terra. De acordo com informa\u00e7\u00f5es da Pol\u00edcia Rodovi\u00e1ria Federal (PRF), na noite deste domingo (1) houve um deslizamento de [&hellip;]<\/p>\n","protected":false},"author":4,"featured_media":12141,"comment_status":"open","ping_status":"open","sticky":false,"template":"","format":"standard","meta":{"footnotes":""},"categories":[12,21],"tags":[],"class_list":["post-12140","post","type-post","status-publish","format-standard","has-post-thumbnail","hentry","category-destaque-4","category-minas-gerais"],"yoast_head":"<!-- This site is optimized with the Yoast SEO plugin v27.2 - https:\/\/yoast.com\/product\/yoast-seo-wordpress\/ -->\n<title>Duas estradas da regi\u00e3o est\u00e3o parcialmente interditadas - Miradouro Not\u00edcias<\/title>\n<meta name=\"robots\" content=\"index, follow, max-snippet:-1, max-image-preview:large, max-video-preview:-1\" \/>\n<link rel=\"canonical\" href=\"https:\/\/miradouronoticias.com\/site\/2023\/01\/03\/duas-estradas-da-regiao-estao-parcialmente-interditadas\/\" \/>\n<meta property=\"og:locale\" content=\"pt_BR\" \/>\n<meta property=\"og:type\" content=\"article\" \/>\n<meta property=\"og:title\" content=\"Duas estradas da regi\u00e3o est\u00e3o parcialmente interditadas - Miradouro Not\u00edcias\" \/>\n<meta property=\"og:description\" content=\"Tr\u00e2nsito est\u00e1 em meia pista nas rodovias BR-040 e MGC-265; acidentes aconteceram na noite deste domingo Devido ao alto volume de chuvas nos \u00faltimos dias, duas estradas da regi\u00e3o se encontram parcialmente interditadas ap\u00f3s deslizamentos de terra. De acordo com informa\u00e7\u00f5es da Pol\u00edcia Rodovi\u00e1ria Federal (PRF), na noite deste domingo (1) houve um deslizamento de [&hellip;]\" \/>\n<meta property=\"og:url\" content=\"https:\/\/miradouronoticias.com\/site\/2023\/01\/03\/duas-estradas-da-regiao-estao-parcialmente-interditadas\/\" \/>\n<meta property=\"og:site_name\" content=\"Miradouro Not\u00edcias\" \/>\n<meta property=\"article:published_time\" content=\"2023-01-03T14:37:39+00:00\" \/>\n<meta property=\"og:image\" content=\"https:\/\/miradouronoticias.com\/site\/wp-content\/uploads\/2023\/01\/image_750x_63b4004d83f2e.jpg\" \/>\n\t<meta property=\"og:image:width\" content=\"750\" \/>\n\t<meta property=\"og:image:height\" content=\"500\" \/>\n\t<meta property=\"og:image:type\" content=\"image\/jpeg\" \/>\n<meta name=\"author\" content=\"Cl\u00e1udia Olyver\" \/>\n<meta name=\"twitter:card\" content=\"summary_large_image\" \/>\n<meta name=\"twitter:label1\" content=\"Escrito por\" \/>\n\t<meta name=\"twitter:data1\" content=\"Cl\u00e1udia Olyver\" \/>\n\t<meta name=\"twitter:label2\" content=\"Est. tempo de leitura\" \/>\n\t<meta name=\"twitter:data2\" content=\"1 minuto\" \/>\n<script type=\"application\/ld+json\" class=\"yoast-schema-graph\">{\"@context\":\"https:\/\/schema.org\",\"@graph\":[{\"@type\":\"Article\",\"@id\":\"https:\/\/miradouronoticias.com\/site\/2023\/01\/03\/duas-estradas-da-regiao-estao-parcialmente-interditadas\/#article\",\"isPartOf\":{\"@id\":\"https:\/\/miradouronoticias.com\/site\/2023\/01\/03\/duas-estradas-da-regiao-estao-parcialmente-interditadas\/\"},\"author\":{\"name\":\"Cl\u00e1udia Olyver\",\"@id\":\"https:\/\/miradouronoticias.com\/site\/#\/schema\/person\/73440d8c82222950df86f3e1a16aad3b\"},\"headline\":\"Duas estradas da regi\u00e3o est\u00e3o parcialmente interditadas\",\"datePublished\":\"2023-01-03T14:37:39+00:00\",\"mainEntityOfPage\":{\"@id\":\"https:\/\/miradouronoticias.com\/site\/2023\/01\/03\/duas-estradas-da-regiao-estao-parcialmente-interditadas\/\"},\"wordCount\":201,\"commentCount\":0,\"publisher\":{\"@id\":\"https:\/\/miradouronoticias.com\/site\/#organization\"},\"image\":{\"@id\":\"https:\/\/miradouronoticias.com\/site\/2023\/01\/03\/duas-estradas-da-regiao-estao-parcialmente-interditadas\/#primaryimage\"},\"thumbnailUrl\":\"https:\/\/miradouronoticias.com\/site\/wp-content\/uploads\/2023\/01\/image_750x_63b4004d83f2e.jpg\",\"articleSection\":[\"Destaque 4\",\"Minas Gerais\"],\"inLanguage\":\"pt-BR\",\"potentialAction\":[{\"@type\":\"CommentAction\",\"name\":\"Comment\",\"target\":[\"https:\/\/miradouronoticias.com\/site\/2023\/01\/03\/duas-estradas-da-regiao-estao-parcialmente-interditadas\/#respond\"]}]},{\"@type\":\"WebPage\",\"@id\":\"https:\/\/miradouronoticias.com\/site\/2023\/01\/03\/duas-estradas-da-regiao-estao-parcialmente-interditadas\/\",\"url\":\"https:\/\/miradouronoticias.com\/site\/2023\/01\/03\/duas-estradas-da-regiao-estao-parcialmente-interditadas\/\",\"name\":\"Duas estradas da regi\u00e3o est\u00e3o parcialmente interditadas - Miradouro Not\u00edcias\",\"isPartOf\":{\"@id\":\"https:\/\/miradouronoticias.com\/site\/#website\"},\"primaryImageOfPage\":{\"@id\":\"https:\/\/miradouronoticias.com\/site\/2023\/01\/03\/duas-estradas-da-regiao-estao-parcialmente-interditadas\/#primaryimage\"},\"image\":{\"@id\":\"https:\/\/miradouronoticias.com\/site\/2023\/01\/03\/duas-estradas-da-regiao-estao-parcialmente-interditadas\/#primaryimage\"},\"thumbnailUrl\":\"https:\/\/miradouronoticias.com\/site\/wp-content\/uploads\/2023\/01\/image_750x_63b4004d83f2e.jpg\",\"datePublished\":\"2023-01-03T14:37:39+00:00\",\"breadcrumb\":{\"@id\":\"https:\/\/miradouronoticias.com\/site\/2023\/01\/03\/duas-estradas-da-regiao-estao-parcialmente-interditadas\/#breadcrumb\"},\"inLanguage\":\"pt-BR\",\"potentialAction\":[{\"@type\":\"ReadAction\",\"target\":[\"https:\/\/miradouronoticias.com\/site\/2023\/01\/03\/duas-estradas-da-regiao-estao-parcialmente-interditadas\/\"]}]},{\"@type\":\"ImageObject\",\"inLanguage\":\"pt-BR\",\"@id\":\"https:\/\/miradouronoticias.com\/site\/2023\/01\/03\/duas-estradas-da-regiao-estao-parcialmente-interditadas\/#primaryimage\",\"url\":\"https:\/\/miradouronoticias.com\/site\/wp-content\/uploads\/2023\/01\/image_750x_63b4004d83f2e.jpg\",\"contentUrl\":\"https:\/\/miradouronoticias.com\/site\/wp-content\/uploads\/2023\/01\/image_750x_63b4004d83f2e.jpg\",\"width\":750,\"height\":500},{\"@type\":\"BreadcrumbList\",\"@id\":\"https:\/\/miradouronoticias.com\/site\/2023\/01\/03\/duas-estradas-da-regiao-estao-parcialmente-interditadas\/#breadcrumb\",\"itemListElement\":[{\"@type\":\"ListItem\",\"position\":1,\"name\":\"In\u00edcio\",\"item\":\"https:\/\/miradouronoticias.com\/site\/\"},{\"@type\":\"ListItem\",\"position\":2,\"name\":\"Duas estradas da regi\u00e3o est\u00e3o parcialmente interditadas\"}]},{\"@type\":\"WebSite\",\"@id\":\"https:\/\/miradouronoticias.com\/site\/#website\",\"url\":\"https:\/\/miradouronoticias.com\/site\/\",\"name\":\"Miradouro Not\u00edcias\",\"description\":\"Informa\u00e7\u00f5es da cidade e regi\u00e3o\",\"publisher\":{\"@id\":\"https:\/\/miradouronoticias.com\/site\/#organization\"},\"potentialAction\":[{\"@type\":\"SearchAction\",\"target\":{\"@type\":\"EntryPoint\",\"urlTemplate\":\"https:\/\/miradouronoticias.com\/site\/?s={search_term_string}\"},\"query-input\":{\"@type\":\"PropertyValueSpecification\",\"valueRequired\":true,\"valueName\":\"search_term_string\"}}],\"inLanguage\":\"pt-BR\"},{\"@type\":\"Organization\",\"@id\":\"https:\/\/miradouronoticias.com\/site\/#organization\",\"name\":\"Miradouro Not\u00edcias\",\"url\":\"https:\/\/miradouronoticias.com\/site\/\",\"logo\":{\"@type\":\"ImageObject\",\"inLanguage\":\"pt-BR\",\"@id\":\"https:\/\/miradouronoticias.com\/site\/#\/schema\/logo\/image\/\",\"url\":\"https:\/\/miradouronoticias.com\/site\/wp-content\/uploads\/2022\/01\/logomarcamiradouronoticias.png\",\"contentUrl\":\"https:\/\/miradouronoticias.com\/site\/wp-content\/uploads\/2022\/01\/logomarcamiradouronoticias.png\",\"width\":747,\"height\":263,\"caption\":\"Miradouro Not\u00edcias\"},\"image\":{\"@id\":\"https:\/\/miradouronoticias.com\/site\/#\/schema\/logo\/image\/\"}},{\"@type\":\"Person\",\"@id\":\"https:\/\/miradouronoticias.com\/site\/#\/schema\/person\/73440d8c82222950df86f3e1a16aad3b\",\"name\":\"Cl\u00e1udia Olyver\",\"sameAs\":[\"http:\/\/www.miradouronoticias.com\"],\"url\":\"https:\/\/miradouronoticias.com\/site\/author\/claudia\/\"}]}<\/script>\n<!-- \/ Yoast SEO plugin. -->","yoast_head_json":{"title":"Duas estradas da regi\u00e3o est\u00e3o parcialmente interditadas - Miradouro Not\u00edcias","robots":{"index":"index","follow":"follow","max-snippet":"max-snippet:-1","max-image-preview":"max-image-preview:large","max-video-preview":"max-video-preview:-1"},"canonical":"https:\/\/miradouronoticias.com\/site\/2023\/01\/03\/duas-estradas-da-regiao-estao-parcialmente-interditadas\/","og_locale":"pt_BR","og_type":"article","og_title":"Duas estradas da regi\u00e3o est\u00e3o parcialmente interditadas - Miradouro Not\u00edcias","og_description":"Tr\u00e2nsito est\u00e1 em meia pista nas rodovias BR-040 e MGC-265; acidentes aconteceram na noite deste domingo Devido ao alto volume de chuvas nos \u00faltimos dias, duas estradas da regi\u00e3o se encontram parcialmente interditadas ap\u00f3s deslizamentos de terra. De acordo com informa\u00e7\u00f5es da Pol\u00edcia Rodovi\u00e1ria Federal (PRF), na noite deste domingo (1) houve um deslizamento de [&hellip;]","og_url":"https:\/\/miradouronoticias.com\/site\/2023\/01\/03\/duas-estradas-da-regiao-estao-parcialmente-interditadas\/","og_site_name":"Miradouro Not\u00edcias","article_published_time":"2023-01-03T14:37:39+00:00","og_image":[{"width":750,"height":500,"url":"https:\/\/miradouronoticias.com\/site\/wp-content\/uploads\/2023\/01\/image_750x_63b4004d83f2e.jpg","type":"image\/jpeg"}],"author":"Cl\u00e1udia Olyver","twitter_card":"summary_large_image","twitter_misc":{"Escrito por":"Cl\u00e1udia Olyver","Est. tempo de leitura":"1 minuto"},"schema":{"@context":"https:\/\/schema.org","@graph":[{"@type":"Article","@id":"https:\/\/miradouronoticias.com\/site\/2023\/01\/03\/duas-estradas-da-regiao-estao-parcialmente-interditadas\/#article","isPartOf":{"@id":"https:\/\/miradouronoticias.com\/site\/2023\/01\/03\/duas-estradas-da-regiao-estao-parcialmente-interditadas\/"},"author":{"name":"Cl\u00e1udia Olyver","@id":"https:\/\/miradouronoticias.com\/site\/#\/schema\/person\/73440d8c82222950df86f3e1a16aad3b"},"headline":"Duas estradas da regi\u00e3o est\u00e3o parcialmente interditadas","datePublished":"2023-01-03T14:37:39+00:00","mainEntityOfPage":{"@id":"https:\/\/miradouronoticias.com\/site\/2023\/01\/03\/duas-estradas-da-regiao-estao-parcialmente-interditadas\/"},"wordCount":201,"commentCount":0,"publisher":{"@id":"https:\/\/miradouronoticias.com\/site\/#organization"},"image":{"@id":"https:\/\/miradouronoticias.com\/site\/2023\/01\/03\/duas-estradas-da-regiao-estao-parcialmente-interditadas\/#primaryimage"},"thumbnailUrl":"https:\/\/miradouronoticias.com\/site\/wp-content\/uploads\/2023\/01\/image_750x_63b4004d83f2e.jpg","articleSection":["Destaque 4","Minas Gerais"],"inLanguage":"pt-BR","potentialAction":[{"@type":"CommentAction","name":"Comment","target":["https:\/\/miradouronoticias.com\/site\/2023\/01\/03\/duas-estradas-da-regiao-estao-parcialmente-interditadas\/#respond"]}]},{"@type":"WebPage","@id":"https:\/\/miradouronoticias.com\/site\/2023\/01\/03\/duas-estradas-da-regiao-estao-parcialmente-interditadas\/","url":"https:\/\/miradouronoticias.com\/site\/2023\/01\/03\/duas-estradas-da-regiao-estao-parcialmente-interditadas\/","name":"Duas estradas da regi\u00e3o est\u00e3o parcialmente interditadas - Miradouro Not\u00edcias","isPartOf":{"@id":"https:\/\/miradouronoticias.com\/site\/#website"},"primaryImageOfPage":{"@id":"https:\/\/miradouronoticias.com\/site\/2023\/01\/03\/duas-estradas-da-regiao-estao-parcialmente-interditadas\/#primaryimage"},"image":{"@id":"https:\/\/miradouronoticias.com\/site\/2023\/01\/03\/duas-estradas-da-regiao-estao-parcialmente-interditadas\/#primaryimage"},"thumbnailUrl":"https:\/\/miradouronoticias.com\/site\/wp-content\/uploads\/2023\/01\/image_750x_63b4004d83f2e.jpg","datePublished":"2023-01-03T14:37:39+00:00","breadcrumb":{"@id":"https:\/\/miradouronoticias.com\/site\/2023\/01\/03\/duas-estradas-da-regiao-estao-parcialmente-interditadas\/#breadcrumb"},"inLanguage":"pt-BR","potentialAction":[{"@type":"ReadAction","target":["https:\/\/miradouronoticias.com\/site\/2023\/01\/03\/duas-estradas-da-regiao-estao-parcialmente-interditadas\/"]}]},{"@type":"ImageObject","inLanguage":"pt-BR","@id":"https:\/\/miradouronoticias.com\/site\/2023\/01\/03\/duas-estradas-da-regiao-estao-parcialmente-interditadas\/#primaryimage","url":"https:\/\/miradouronoticias.com\/site\/wp-content\/uploads\/2023\/01\/image_750x_63b4004d83f2e.jpg","contentUrl":"https:\/\/miradouronoticias.com\/site\/wp-content\/uploads\/2023\/01\/image_750x_63b4004d83f2e.jpg","width":750,"height":500},{"@type":"BreadcrumbList","@id":"https:\/\/miradouronoticias.com\/site\/2023\/01\/03\/duas-estradas-da-regiao-estao-parcialmente-interditadas\/#breadcrumb","itemListElement":[{"@type":"ListItem","position":1,"name":"In\u00edcio","item":"https:\/\/miradouronoticias.com\/site\/"},{"@type":"ListItem","position":2,"name":"Duas estradas da regi\u00e3o est\u00e3o parcialmente interditadas"}]},{"@type":"WebSite","@id":"https:\/\/miradouronoticias.com\/site\/#website","url":"https:\/\/miradouronoticias.com\/site\/","name":"Miradouro Not\u00edcias","description":"Informa\u00e7\u00f5es da cidade e regi\u00e3o","publisher":{"@id":"https:\/\/miradouronoticias.com\/site\/#organization"},"potentialAction":[{"@type":"SearchAction","target":{"@type":"EntryPoint","urlTemplate":"https:\/\/miradouronoticias.com\/site\/?s={search_term_string}"},"query-input":{"@type":"PropertyValueSpecification","valueRequired":true,"valueName":"search_term_string"}}],"inLanguage":"pt-BR"},{"@type":"Organization","@id":"https:\/\/miradouronoticias.com\/site\/#organization","name":"Miradouro Not\u00edcias","url":"https:\/\/miradouronoticias.com\/site\/","logo":{"@type":"ImageObject","inLanguage":"pt-BR","@id":"https:\/\/miradouronoticias.com\/site\/#\/schema\/logo\/image\/","url":"https:\/\/miradouronoticias.com\/site\/wp-content\/uploads\/2022\/01\/logomarcamiradouronoticias.png","contentUrl":"https:\/\/miradouronoticias.com\/site\/wp-content\/uploads\/2022\/01\/logomarcamiradouronoticias.png","width":747,"height":263,"caption":"Miradouro Not\u00edcias"},"image":{"@id":"https:\/\/miradouronoticias.com\/site\/#\/schema\/logo\/image\/"}},{"@type":"Person","@id":"https:\/\/miradouronoticias.com\/site\/#\/schema\/person\/73440d8c82222950df86f3e1a16aad3b","name":"Cl\u00e1udia Olyver","sameAs":["http:\/\/www.miradouronoticias.com"],"url":"https:\/\/miradouronoticias.com\/site\/author\/claudia\/"}]}},"_links":{"self":[{"href":"https:\/\/miradouronoticias.com\/site\/wp-json\/wp\/v2\/posts\/12140","targetHints":{"allow":["GET"]}}],"collection":[{"href":"https:\/\/miradouronoticias.com\/site\/wp-json\/wp\/v2\/posts"}],"about":[{"href":"https:\/\/miradouronoticias.com\/site\/wp-json\/wp\/v2\/types\/post"}],"author":[{"embeddable":true,"href":"https:\/\/miradouronoticias.com\/site\/wp-json\/wp\/v2\/users\/4"}],"replies":[{"embeddable":true,"href":"https:\/\/miradouronoticias.com\/site\/wp-json\/wp\/v2\/comments?post=12140"}],"version-history":[{"count":1,"href":"https:\/\/miradouronoticias.com\/site\/wp-json\/wp\/v2\/posts\/12140\/revisions"}],"predecessor-version":[{"id":12142,"href":"https:\/\/miradouronoticias.com\/site\/wp-json\/wp\/v2\/posts\/12140\/revisions\/12142"}],"wp:featuredmedia":[{"embeddable":true,"href":"https:\/\/miradouronoticias.com\/site\/wp-json\/wp\/v2\/media\/12141"}],"wp:attachment":[{"href":"https:\/\/miradouronoticias.com\/site\/wp-json\/wp\/v2\/media?parent=12140"}],"wp:term":[{"taxonomy":"category","embeddable":true,"href":"https:\/\/miradouronoticias.com\/site\/wp-json\/wp\/v2\/categories?post=12140"},{"taxonomy":"post_tag","embeddable":true,"href":"https:\/\/miradouronoticias.com\/site\/wp-json\/wp\/v2\/tags?post=12140"}],"curies":[{"name":"wp","href":"https:\/\/api.w.org\/{rel}","templated":true}]}}